{"id":77281,"date":"2025-04-25T05:57:13","date_gmt":"2025-04-25T03:57:13","guid":{"rendered":"https:\/\/www.infokuryr.cz\/n\/?p=77281"},"modified":"2025-04-25T10:04:57","modified_gmt":"2025-04-25T08:04:57","slug":"miroslav-petr-uz-je-to-tady-orwelovska-dystopie-zacne-driv-nez-jsme-si-mysleli","status":"publish","type":"post","link":"https:\/\/www.infokuryr.cz\/n\/2025\/04\/25\/miroslav-petr-uz-je-to-tady-orwelovska-dystopie-zacne-driv-nez-jsme-si-mysleli\/","title":{"rendered":"Miroslav Petr: U\u017e je to tady! Orwelovsk\u00e1 dystopie za\u010dne d\u0159\u00edv, ne\u017e jsme si mysleli"},"content":{"rendered":"<div id=\"fb-root\"><\/div>\n<p><strong>V Bruseli \u0161l\u00e1pli na plyn a je\u0161t\u011b letos a za\u010d\u00e1tkem p\u0159\u00ed\u0161t\u00edho roku za\u010dne Brusel d\u011blat mimo\u0159\u00e1dn\u00e1 opat\u0159en\u00ed ve stylu Velk\u00e9ho bratra. Orwelovsk\u00e1 dystopie za\u010dne d\u0159\u00edv, ne\u017e jsme si mysleli. Brusel p\u0159ipravuje bezhotovostn\u00ed platby a kontroly pohybu v\u0161ech Evropan\u016f.<\/strong><\/p>\n<p>V\u0161ech 27 zem\u00ed EU bude muset nejpozd\u011bji 1. ledna 2026 vyd\u00e1vat v\u0161em evropskou digit\u00e1ln\u00ed identitu. Za\u010dne platit i digit\u00e1ln\u00ed o\u010dkovac\u00ed pr\u016fkaz propojen\u00fd s touto ID. Tak\u017ee o\u010dkov\u00e1n\u00ed bude povinn\u00e9 pro ka\u017ed\u00e9ho krom\u011b \u010dern\u00e9ho hmyzu. Pln\u00ed se biblick\u00e9 znamen\u00ed na ruce \u010di na \u010dele, bez kter\u00e9ho nelze kupovat ani prod\u00e1vat. U\u017e v \u0159\u00edjnu tohoto roku m\u00e1 za\u010d\u00edt digit\u00e1ln\u00ed Euro tak\u00e9 propojen\u00e9 s evropskou ID. Je\u0161t\u011b v\u00e1h\u00e1te j\u00edt k volb\u00e1m a koho volit?<\/p>\n<p>Dle Zdechliny nem\u00e1me v\u011b\u0159it opozici, pr\u00fd se u n\u00e1s \u017eije dob\u0159e. Zapomn\u011bl dodat, \u017ee deset milion\u016f lid\u00ed nebere p\u016fl melounu ka\u017ed\u00fd m\u011bs\u00edc. Na\u0161t\u011bst\u00ed vy\u017eran\u00e1 prasata ne\u017eij\u00ed dlouho. T\u00fdk\u00e1 se i \u0159eporyjsk\u00e9ho \u010dun\u011bte.<\/p>\n<p>Patrioti v EU navrhuj\u00ed protikorup\u010dn\u00ed org\u00e1n v EP. Podle m\u011b by nesta\u010dili kontrolovat ty statis\u00edce zkorumpovan\u00fdch Europolitik\u016f a \u00fa\u0159edn\u00edk\u016f. Tolik m\u00edsta ve v\u0161ech evropsk\u00fdch v\u011bznic\u00edch ani nen\u00ed&#8230;.Jestli si Eurohuje\u0159i zvolili krimin\u00e1ln\u00edci, pak logicky d\u011blaj\u00ed v\u0161ichni to stejn\u00e9. U\u017e samotn\u00fd p\u016flmilionov\u00fd plat ka\u017ed\u00fd m\u011bs\u00edc je zcela viditelnou korupc\u00ed!!!<\/p>\n<p>&#8222;Dokonal\u00e1 diktatura bude vypadat jako demokracie, ale v podstat\u011b to bude v\u011bzen\u00ed beze zd\u00ed, odkud by v\u011bzn\u011b ani nenapadlo ut\u00edkat. Bude to vlastn\u011b syst\u00e9m otroctv\u00ed, v n\u011bm\u017e budou otroci d\u00edky konzumu a z\u00e1bav\u011b sv\u00e9 nevolnictv\u00ed milovat.&#8220; A. Huxley &#8211; Konec civilizace.<\/p>\n<p>V\u0161echny st\u00e1ty krom\u011b \u010cR ru\u0161\u00ed n\u00e1kupy F 35 a kupuj\u00ed Gripeny.<\/p>\n<p>Brusel se boj\u00ed rumunsk\u00fdch voleb. Pr\u00fd Rumunsko sejde\u00a0 ze sv\u00e9 evropsk\u00e9 cesty, co\u017e nem\u016f\u017ee EU dovolit.<\/p>\n<p>Brit\u00e1nie u\u017e neuzn\u00e1v\u00e1 trans\u017eeny. Je kuriozn\u00ed, \u017ee o t\u00e9to zcela p\u0159irozen\u00e9 samoz\u0159ejmosti musel rozhodnout soud. Bo\u017ee, jak hluboko se d\u00e1 klesnout.<\/p>\n<p>Slovensk\u00e9 Ziskovky mus\u00ed b\u00fdt transparentn\u00ed, jinak budou zru\u0161eny. Soros nebude m\u00edt radost.<\/p>\n<p>V Brit\u00e1nii budou zru\u0161eny soudn\u00ed poroty a rozhodovat bude jeden soudce a dva st\u00e1tn\u00ed z\u00e1stupci, aby se urychlila a zkr\u00e1tila doba soudn\u00edho \u0159\u00edzen\u00ed. Krom\u011b mnoha dal\u0161\u00edch omezen\u00ed &#8222;Velk\u00e9ho bratra&#8220; bude postupn\u011b v\u0161e zavedeno v cel\u00e9m sv\u011bt\u011b.<\/p>\n<p>WHO se stala globalistickou organizac\u00ed, kter\u00e9 v\u016fbec nejde o zdrav\u00ed lid\u00ed, ale o byznys pro farmaceutick\u00e9 korporace a o z\u00e1jmy Debila Gatese. Sloven\u0161t\u00ed europoslanci uspo\u0159\u00e1dali konferenci o pot\u0159eb\u011b reorganizace \u010di je\u0161t\u011b l\u00e9pe o vystoupen\u00ed z WHO. Polsko vystupuje z WHO, Slovensko zat\u00edm v\u00e1h\u00e1, kdo bude dal\u0161\u00ed?<\/p>\n<p>Trump chce vyhodit z USA \u010dtvrt milionu Ukrajinc\u016f. Kter\u00fd n\u00e1\u0161 politik si troufne po volb\u00e1ch ud\u011blat to sam\u00e9 u n\u00e1s?<\/p>\n<p>\u010cR s podporou EU investuje sto milion\u016f Eur do obnovy ukrajinsk\u00fdch nemocnic. Na\u0161e nemocnice jsou v prvot\u0159\u00eddn\u00edm stavu, \u017ee nepot\u0159ebuj\u00ed \u017e\u00e1dn\u00e9 opravy? Nebo co tak zv\u00fd\u0161it d\u016fchody, platy l\u00e9ka\u0159\u016f, u\u010ditel\u016f, policist\u016f, \u0161koln\u00edch kucha\u0159ek?<\/p>\n<p>Nov\u00e1 n\u011bmeck\u00e1 vl\u00e1da p\u0159ipravuje &#8222;ministerstvo pravdy&#8220; podle Orwella. U n\u00e1s je ministr cenzury svin\u011b, pardon voj\u00e1k Fujt\u00fdn. Jen ten rozhoduje o tom, co je pravda. Pro\u010d jsme vlastn\u011b p\u0159ed 36 roky zvonili kl\u00ed\u010di?<\/p>\n<p><a href=\"https:\/\/www.czechfreepress.cz\/dalsi-blogy\/uz-je-to-tady-orwelovska-dystopie-zacne-driv-nez-jsme-si-mysleli.html\">Miroslav Petr<\/a><\/p>\n<p>&nbsp;<\/p>\n","protected":false},"excerpt":{"rendered":"<p>V Bruseli \u0161l\u00e1pli na plyn a je\u0161t\u011b letos a za\u010d\u00e1tkem p\u0159\u00ed\u0161t\u00edho roku za\u010dne Brusel d\u011blat&#8230;<\/p>\n","protected":false},"author":2,"featured_media":4171,"comment_status":"closed","ping_status":"closed","sticky":false,"template":"","format":"standard","meta":[],"categories":[6],"tags":[1503,4076,122],"_links":{"self":[{"href":"https:\/\/www.infokuryr.cz\/n\/wp-json\/wp\/v2\/posts\/77281"}],"collection":[{"href":"https:\/\/www.infokuryr.cz\/n\/wp-json\/wp\/v2\/posts"}],"about":[{"href":"https:\/\/www.infokuryr.cz\/n\/wp-json\/wp\/v2\/types\/post"}],"author":[{"embeddable":true,"href":"https:\/\/www.infokuryr.cz\/n\/wp-json\/wp\/v2\/users\/2"}],"replies":[{"embeddable":true,"href":"https:\/\/www.infokuryr.cz\/n\/wp-json\/wp\/v2\/comments?post=77281"}],"version-history":[{"count":0,"href":"https:\/\/www.infokuryr.cz\/n\/wp-json\/wp\/v2\/posts\/77281\/revisions"}],"wp:featuredmedia":[{"embeddable":true,"href":"https:\/\/www.infokuryr.cz\/n\/wp-json\/wp\/v2\/media\/4171"}],"wp:attachment":[{"href":"https:\/\/www.infokuryr.cz\/n\/wp-json\/wp\/v2\/media?parent=77281"}],"wp:term":[{"taxonomy":"category","embeddable":true,"href":"https:\/\/www.infokuryr.cz\/n\/wp-json\/wp\/v2\/categories?post=77281"},{"taxonomy":"post_tag","embeddable":true,"href":"https:\/\/www.infokuryr.cz\/n\/wp-json\/wp\/v2\/tags?post=77281"}],"curies":[{"name":"wp","href":"https:\/\/api.w.org\/{rel}","templated":true}]}}