{"id":77276,"date":"2025-04-25T05:41:35","date_gmt":"2025-04-25T03:41:35","guid":{"rendered":"https:\/\/www.infokuryr.cz\/n\/?p=77276"},"modified":"2025-04-25T05:41:35","modified_gmt":"2025-04-25T03:41:35","slug":"zapadni-agrese-by-mohla-vyvolat-ruskou-jadernou-reakci","status":"publish","type":"post","link":"https:\/\/www.infokuryr.cz\/n\/2025\/04\/25\/zapadni-agrese-by-mohla-vyvolat-ruskou-jadernou-reakci\/","title":{"rendered":"Z\u00e1padn\u00ed agrese by mohla vyvolat ruskou jadernou reakci"},"content":{"rendered":"<div id=\"fb-root\"><\/div>\n<h3>Moskva pozorn\u011b sleduje militariza\u010dn\u00ed program EU, varoval Sergej \u0160ojgu<\/h3>\n<p><span>Moskva si vyhrazuje pr\u00e1vo zah\u00e1jit jadern\u00fd \u00fader v reakci na z\u00e1padn\u00ed vojenskou agresi, varoval Sergej \u0160ojgu, tajemn\u00edk rusk\u00e9 N\u00e1rodn\u00ed bezpe\u010dnostn\u00ed rady, s odkazem na lo\u0148sk\u00e9 dodatky k jadern\u00e9 doktr\u00edn\u011b zem\u011b.<\/span><\/p>\n<p><span>Varov\u00e1n\u00ed p\u0159ich\u00e1z\u00ed v dob\u011b diskus\u00ed v z\u00e1padn\u00ed Evrop\u011b o mo\u017en\u00e9m nasazen\u00ed voj\u00e1k\u016f na Ukrajinu v r\u00e1mci potenci\u00e1ln\u00ed m\u00edrov\u00e9 dohody a tak\u00e9 o pl\u00e1nu EU na remilitarizaci bloku.<\/span><\/p>\n<p><span>Podle \u0161\u00e9fa rusk\u00e9 bezpe\u010dnosti Moskva\u00a0<\/span><em><span>\u201epe\u010dliv\u011b sleduje vojensk\u00e9 p\u0159\u00edpravy zem\u00ed EU\u201c.<\/span><\/em><span>\u00a0Jadern\u00e9 zbran\u011b mohou b\u00fdt pou\u017eity\u00a0<\/span><em><span>\u201ev p\u0159\u00edpad\u011b agrese\u201c<\/span><\/em><span>\u00a0proti Rusku nebo B\u011blorusku, a to i v reakci na \u00fatoky konven\u010dn\u00edmi zbran\u011bmi, \u0159ekl \u0160ojgu ve \u010dtvrtek v rozhovoru pro TASS.<\/span><\/p>\n<p><span>Zaznamenal tak\u00e9 v\u00fdzvy Francie a Spojen\u00e9ho kr\u00e1lovstv\u00ed k rozm\u00edst\u011bn\u00ed jednotek na Ukrajinu po p\u0159\u00edpadn\u00e9m p\u0159\u00edm\u011b\u0159\u00ed. Moskva p\u0159ed podobn\u00fdmi kroky opakovan\u011b varovala s t\u00edm, \u017ee neopr\u00e1vn\u011bn\u00fd vojensk\u00fd person\u00e1l na Ukrajin\u011b bude pova\u017eov\u00e1n za legitimn\u00ed c\u00edl.<\/span><\/p>\n<p><span>\u0160ojgu pro TASS zopakoval, \u017ee p\u0159\u00edtomnost ciz\u00edch jednotek na Ukrajin\u011b by mohla vyvolat p\u0159\u00edmou konfrontaci mezi Ruskem a NATO, kter\u00e1 by mohla p\u0159er\u016fst v jadernou v\u00e1lku.<\/span><\/p>\n<p><span>Moskva aktualizovala svou jadernou doktr\u00ednu loni v listopadu po \u00favah\u00e1ch ukrajinsk\u00fdch podporovatel\u016f o tom, zda povolit Kyjevu pou\u017e\u00edvat rakety dlouh\u00e9ho doletu dodan\u00e9 Z\u00e1padem k \u00fader\u016fm na c\u00edle hluboko uvnit\u0159 Ruska.<\/span><\/p>\n<p><span>Rusk\u00fd prezident Vladimir Putin roz\u0161\u00ed\u0159il seznam podm\u00ednek, kter\u00e9 by mohly vyvolat jadernou reakci. Pat\u0159\u00ed mezi n\u011b sc\u00e9n\u00e1\u0159e, kdy by agrese nejadern\u00e9ho st\u00e1tu nebo skupiny st\u00e1t\u016f podporovan\u00e9 jadern\u00fdm st\u00e1tem mohla b\u00fdt pova\u017eov\u00e1na za\u00a0<\/span><em><span>\u201espole\u010dn\u00fd \u00fatok\u201c.<\/span><\/em><\/p>\n<p><span>Ukrajinsk\u00e9 s\u00edly od t\u00e9 doby provedly n\u011bkolik dlouh\u00fdch \u00fader\u016f hluboko do rusk\u00e9ho \u00fazem\u00ed za pou\u017eit\u00ed zbran\u00ed dodan\u00fdch Z\u00e1padem.<\/span><\/p>\n<p><span>Jadern\u00e1 doktr\u00edna v\u0161ak popisuje jadern\u00e9 zbran\u011b jako\u00a0<\/span><em><span>\u201eextr\u00e9mn\u00ed a vynucen\u00e9 opat\u0159en\u00ed\u201c<\/span><\/em><span>\u00a0a zd\u016fraz\u0148uje c\u00edl Moskvy p\u0159edch\u00e1zet nap\u011bt\u00ed.<\/span><\/p>\n<p><span>Navzdory prob\u00edhaj\u00edc\u00edmu m\u00edrov\u00e9mu procesu v ukrajinsk\u00e9m konfliktu zprost\u0159edkovan\u00e9m americk\u00fdm prezidentem Donaldem Trumpem se EU zav\u00e1zala nad\u00e1le poskytovat Kyjevu zbran\u011b a podnikla kroky k militarizaci, v\u010detn\u011b schv\u00e1len\u00ed \u201ePl\u00e1nu ReArm Europe\u201c v hodnot\u011b 800 miliard EUR (910 miliard USD).<\/span><\/p>\n<p><img decoding=\"async\" loading=\"lazy\" class=\"alignnone size-full wp-image-71983\" src=\"http:\/\/www.infokuryr.cz\/n\/wp-content\/uploads\/2025\/02\/aaa.jpg\" alt=\"\" width=\"89\" height=\"23\" \/><\/p>\n<p>&nbsp;<\/p>\n","protected":false},"excerpt":{"rendered":"<p>Moskva pozorn\u011b sleduje militariza\u010dn\u00ed program EU, varoval Sergej \u0160ojgu Moskva si vyhrazuje pr\u00e1vo zah\u00e1jit jadern\u00fd&#8230;<\/p>\n","protected":false},"author":2,"featured_media":77277,"comment_status":"closed","ping_status":"closed","sticky":false,"template":"","format":"standard","meta":[],"categories":[7],"tags":[738,2449,22,365],"_links":{"self":[{"href":"https:\/\/www.infokuryr.cz\/n\/wp-json\/wp\/v2\/posts\/77276"}],"collection":[{"href":"https:\/\/www.infokuryr.cz\/n\/wp-json\/wp\/v2\/posts"}],"about":[{"href":"https:\/\/www.infokuryr.cz\/n\/wp-json\/wp\/v2\/types\/post"}],"author":[{"embeddable":true,"href":"https:\/\/www.infokuryr.cz\/n\/wp-json\/wp\/v2\/users\/2"}],"replies":[{"embeddable":true,"href":"https:\/\/www.infokuryr.cz\/n\/wp-json\/wp\/v2\/comments?post=77276"}],"version-history":[{"count":0,"href":"https:\/\/www.infokuryr.cz\/n\/wp-json\/wp\/v2\/posts\/77276\/revisions"}],"wp:featuredmedia":[{"embeddable":true,"href":"https:\/\/www.infokuryr.cz\/n\/wp-json\/wp\/v2\/media\/77277"}],"wp:attachment":[{"href":"https:\/\/www.infokuryr.cz\/n\/wp-json\/wp\/v2\/media?parent=77276"}],"wp:term":[{"taxonomy":"category","embeddable":true,"href":"https:\/\/www.infokuryr.cz\/n\/wp-json\/wp\/v2\/categories?post=77276"},{"taxonomy":"post_tag","embeddable":true,"href":"https:\/\/www.infokuryr.cz\/n\/wp-json\/wp\/v2\/tags?post=77276"}],"curies":[{"name":"wp","href":"https:\/\/api.w.org\/{rel}","templated":true}]}}