{"id":77274,"date":"2025-04-25T05:14:50","date_gmt":"2025-04-25T03:14:50","guid":{"rendered":"https:\/\/www.infokuryr.cz\/n\/?p=77274"},"modified":"2025-04-25T05:14:50","modified_gmt":"2025-04-25T03:14:50","slug":"zruseni-rumunskych-prezidentskych-voleb-zruseno","status":"publish","type":"post","link":"https:\/\/www.infokuryr.cz\/n\/2025\/04\/25\/zruseni-rumunskych-prezidentskych-voleb-zruseno\/","title":{"rendered":"Zru\u0161en\u00ed rumunsk\u00fdch prezidentsk\u00fdch voleb zru\u0161eno"},"content":{"rendered":"<div id=\"fb-root\"><\/div>\n<h3>V\u00edt\u011bzstv\u00ed kritika NATO Calina Georgesca v lo\u0148sk\u00e9m prvn\u00edm kole hlasov\u00e1n\u00ed bylo anulov\u00e1no \u00dastavn\u00edm soudem<\/h3>\n<p><span>Odvolac\u00ed soud v Rumunsku pozastavil rozhodnut\u00ed \u00dastavn\u00edho soudu (CRR) , kter\u00fd zru\u0161it v\u00fdsledek lo\u0148sk\u00e9ho prvn\u00edho kola prezidentsk\u00fdch voleb, kter\u00e9 ne\u010dekan\u011b vyhr\u00e1l nez\u00e1visl\u00fd kandid\u00e1t Calin Georgescu, informovala ve \u010dtvrtek m\u00edstn\u00ed m\u00e9dia.<\/span><\/p>\n<p><span>Georgescu, hlasit\u00fd kritik NATO a odp\u016frce vyzbrojov\u00e1n\u00ed Ukrajiny, se dostal do titulk\u016f v listopadu 2024 pot\u00e9, co v prvn\u00edm kole voleb z\u00edskal 23 % hlas\u016f. \u00dastavn\u00ed soud pozd\u011bji v\u00fdsledek zneplatnil s odkazem na\u00a0<\/span><em><span>\u201enesrovnalosti\u201c<\/span><\/em><span>\u00a0v jeho kampani a zpr\u00e1v\u00e1ch tajn\u00fdch slu\u017eeb o \u00fadajn\u00e9m rusk\u00e9m vm\u011b\u0161ov\u00e1n\u00ed \u2013 tvrzen\u00ed Moskva pop\u0159ela.<\/span><\/p>\n<p><span>Ve \u010dtvrtek soudce Alexandru Vasile z odvolac\u00edho soudu v Ploiesti zru\u0161en\u00ed podle HotNews zru\u0161il. Prokuratura p\u0159i soudu v Ploiesti podala takov\u00e9 odvol\u00e1n\u00ed.<\/span><\/p>\n<p><span>George Simion, v\u016fdce strany Aliance pro Unii Rumun\u016f (AUR), rozhodnut\u00ed uv\u00edtal jako\u00a0<\/span><em><span>\u201en\u00e1vrat k demokracii\u201c<\/span><\/em><span>\u00a0a \u00fastavn\u00edmu po\u0159\u00e1dku v p\u0159\u00edsp\u011bvku na X. Dodal v\u0161ak, \u017ee \u00dast\u0159edn\u00ed volebn\u00ed \u00fa\u0159ad (BEC) \u2013 kter\u00fd Georgescovi zak\u00e1zal kandidovat v pl\u00e1novan\u00e9m kv\u011btnov\u00e9m hlasov\u00e1n\u00ed \u2013\u00a0<\/span><em><span>\u201eto ignoruje a pokra\u010duje ve sv\u00e9 \u010dinnosti\u201c.<\/span><\/em><\/p>\n<p><span>V \u00fanoru byl Georgescu ob\u017ealov\u00e1n ze \u0161esti trestn\u00fdch \u010din\u016f, v\u010detn\u011b \u00fadajn\u00e9ho pl\u00e1nov\u00e1n\u00ed\u00a0<\/span><em><span>\u201eproti\u00fastavn\u00edch \u010din\u016f\u201c<\/span><\/em><span>\u00a0a\u00a0<\/span><em><span>\u201epropagace fa\u0161istick\u00fdch, rasistick\u00fdch nebo xenofobn\u00edch ideologi\u00ed\u201c.<\/span><\/em><span>\u00a0Odm\u00edtl v\u0161echna obvin\u011bn\u00ed a trv\u00e1 na tom, \u017ee trestn\u00ed \u0159\u00edzen\u00ed proti n\u011bmu je sou\u010d\u00e1st\u00ed kampan\u011b organizovan\u00e9 rumunsk\u00fdm\u00a0<\/span><em><span>\u201edeep state\u201c.<\/span><\/em><\/p>\n<p><span>Politik, na kter\u00e9ho v r\u00e1mci soudn\u00edho dohledu plat\u00ed 60denn\u00ed z\u00e1kaz cestov\u00e1n\u00ed, podle zpr\u00e1v m\u00e9di\u00ed z\u016fstane pod soudn\u00edm dohledem dal\u0161\u00edch 60 dn\u00ed.<\/span><\/p>\n<p><span>P\u0159edb\u011b\u017en\u00e1 zji\u0161t\u011bn\u00ed vy\u0161et\u0159ov\u00e1n\u00ed\u00a0\u00a0<\/span><em><span>\u201enesrovnalost\u00ed\u201c<\/span><\/em><span>\u00a0\u00a0zjistila, \u017ee byly pravd\u011bpodobn\u011b zp\u016fsobeny poradenskou firmou spojenou s proz\u00e1padn\u00ed N\u00e1rodn\u00ed liber\u00e1ln\u00ed stranou (PNL), kter\u00e1 vedla kampa\u0148 jm\u00e9nem Georgescova oponenta, co\u017e selhalo.\u00a0<\/span><\/p>\n<p><img decoding=\"async\" loading=\"lazy\" class=\"alignnone size-full wp-image-71983\" src=\"http:\/\/www.infokuryr.cz\/n\/wp-content\/uploads\/2025\/02\/aaa.jpg\" alt=\"\" width=\"89\" height=\"23\" \/><\/p>\n<p>&nbsp;<\/p>\n","protected":false},"excerpt":{"rendered":"<p>V\u00edt\u011bzstv\u00ed kritika NATO Calina Georgesca v lo\u0148sk\u00e9m prvn\u00edm kole hlasov\u00e1n\u00ed bylo anulov\u00e1no \u00dastavn\u00edm soudem Odvolac\u00ed&#8230;<\/p>\n","protected":false},"author":2,"featured_media":69532,"comment_status":"closed","ping_status":"closed","sticky":false,"template":"","format":"standard","meta":[],"categories":[7],"tags":[165,520,196,27],"_links":{"self":[{"href":"https:\/\/www.infokuryr.cz\/n\/wp-json\/wp\/v2\/posts\/77274"}],"collection":[{"href":"https:\/\/www.infokuryr.cz\/n\/wp-json\/wp\/v2\/posts"}],"about":[{"href":"https:\/\/www.infokuryr.cz\/n\/wp-json\/wp\/v2\/types\/post"}],"author":[{"embeddable":true,"href":"https:\/\/www.infokuryr.cz\/n\/wp-json\/wp\/v2\/users\/2"}],"replies":[{"embeddable":true,"href":"https:\/\/www.infokuryr.cz\/n\/wp-json\/wp\/v2\/comments?post=77274"}],"version-history":[{"count":0,"href":"https:\/\/www.infokuryr.cz\/n\/wp-json\/wp\/v2\/posts\/77274\/revisions"}],"wp:featuredmedia":[{"embeddable":true,"href":"https:\/\/www.infokuryr.cz\/n\/wp-json\/wp\/v2\/media\/69532"}],"wp:attachment":[{"href":"https:\/\/www.infokuryr.cz\/n\/wp-json\/wp\/v2\/media?parent=77274"}],"wp:term":[{"taxonomy":"category","embeddable":true,"href":"https:\/\/www.infokuryr.cz\/n\/wp-json\/wp\/v2\/categories?post=77274"},{"taxonomy":"post_tag","embeddable":true,"href":"https:\/\/www.infokuryr.cz\/n\/wp-json\/wp\/v2\/tags?post=77274"}],"curies":[{"name":"wp","href":"https:\/\/api.w.org\/{rel}","templated":true}]}}