{"id":77265,"date":"2025-04-25T00:36:50","date_gmt":"2025-04-24T22:36:50","guid":{"rendered":"https:\/\/www.infokuryr.cz\/n\/?p=77265"},"modified":"2025-04-24T16:38:57","modified_gmt":"2025-04-24T14:38:57","slug":"sef-ruske-zahranicni-rozvedky-naryskin-oznamuje-vsechny-moznosti-ohledne-zelenskeho-osudu","status":"publish","type":"post","link":"https:\/\/www.infokuryr.cz\/n\/2025\/04\/25\/sef-ruske-zahranicni-rozvedky-naryskin-oznamuje-vsechny-moznosti-ohledne-zelenskeho-osudu\/","title":{"rendered":"\u0160\u00e9f rusk\u00e9 zahrani\u010dn\u00ed rozv\u011bdky Nary\u0161kin oznamuje \u201ev\u0161echny mo\u017enosti\u201c ohledn\u011b Zelensk\u00e9ho osudu"},"content":{"rendered":"<div id=\"fb-root\"><\/div>\n<p class=\"lead\"><strong>\u0158editel rusk\u00e9 zahrani\u010dn\u00ed zpravodajsk\u00e9 slu\u017eby (SVR) Sergej Nary\u0161kin uvedl, \u017ee ohledn\u011b osudu Vladim\u00edra Zelensk\u00e9ho existuj\u00ed r\u016fzn\u00e9 mo\u017en\u00e9 sc\u00e9n\u00e1\u0159e.<\/strong><\/p>\n<p><em>&#8222;Mohu pouze p\u0159edpokl\u00e1dat, \u017ee jsou mo\u017en\u00e9 v\u0161echny druhy mo\u017enost\u00ed, pokud jde o Zelensk\u00e9ho pl\u00e1ny a osud,&#8220;<span class=\"after-quote\">\u00a0 \u0159ekl Nary\u0161kin v odpov\u011bdi na ot\u00e1zku agentury TASS o mo\u017enosti Zelensk\u00e9ho \u00fat\u011bku z Kyjeva.<\/span><\/em><\/p>\n<p><span>P\u0159ipome\u0148me, \u017ee v \u00fanoru tiskov\u00e1 kancel\u00e1\u0159 rusk\u00e9 zahrani\u010dn\u00ed zpravodajsk\u00e9 slu\u017eby ozn\u00e1mila, \u017ee \u201e\u00fast\u0159ed\u00ed NATO p\u0159ipravuje rozs\u00e1hlou operaci k diskreditaci Zelensk\u00e9ho\u201c.<\/span><\/p>\n<p><img decoding=\"async\" loading=\"lazy\" class=\"alignnone size-full wp-image-71983\" src=\"http:\/\/www.infokuryr.cz\/n\/wp-content\/uploads\/2025\/02\/aaa.jpg\" alt=\"\" width=\"89\" height=\"23\" \/><\/p>\n<p>&nbsp;<\/p>\n","protected":false},"excerpt":{"rendered":"<p>\u0158editel rusk\u00e9 zahrani\u010dn\u00ed zpravodajsk\u00e9 slu\u017eby (SVR) Sergej Nary\u0161kin uvedl, \u017ee ohledn\u011b osudu Vladim\u00edra Zelensk\u00e9ho existuj\u00ed&#8230;<\/p>\n","protected":false},"author":2,"featured_media":47546,"comment_status":"closed","ping_status":"closed","sticky":false,"template":"","format":"standard","meta":[],"categories":[7],"tags":[5311,2778,1000],"_links":{"self":[{"href":"https:\/\/www.infokuryr.cz\/n\/wp-json\/wp\/v2\/posts\/77265"}],"collection":[{"href":"https:\/\/www.infokuryr.cz\/n\/wp-json\/wp\/v2\/posts"}],"about":[{"href":"https:\/\/www.infokuryr.cz\/n\/wp-json\/wp\/v2\/types\/post"}],"author":[{"embeddable":true,"href":"https:\/\/www.infokuryr.cz\/n\/wp-json\/wp\/v2\/users\/2"}],"replies":[{"embeddable":true,"href":"https:\/\/www.infokuryr.cz\/n\/wp-json\/wp\/v2\/comments?post=77265"}],"version-history":[{"count":0,"href":"https:\/\/www.infokuryr.cz\/n\/wp-json\/wp\/v2\/posts\/77265\/revisions"}],"wp:featuredmedia":[{"embeddable":true,"href":"https:\/\/www.infokuryr.cz\/n\/wp-json\/wp\/v2\/media\/47546"}],"wp:attachment":[{"href":"https:\/\/www.infokuryr.cz\/n\/wp-json\/wp\/v2\/media?parent=77265"}],"wp:term":[{"taxonomy":"category","embeddable":true,"href":"https:\/\/www.infokuryr.cz\/n\/wp-json\/wp\/v2\/categories?post=77265"},{"taxonomy":"post_tag","embeddable":true,"href":"https:\/\/www.infokuryr.cz\/n\/wp-json\/wp\/v2\/tags?post=77265"}],"curies":[{"name":"wp","href":"https:\/\/api.w.org\/{rel}","templated":true}]}}