{"id":77249,"date":"2025-04-25T00:28:27","date_gmt":"2025-04-24T22:28:27","guid":{"rendered":"https:\/\/www.infokuryr.cz\/n\/?p=77249"},"modified":"2025-04-24T15:56:59","modified_gmt":"2025-04-24T13:56:59","slug":"pronasledovani-doktora-reinera-fuellmicha-nejvetsi-justicni-skandal-jaky-kdy-nemecko-zazilo","status":"publish","type":"post","link":"https:\/\/www.infokuryr.cz\/n\/2025\/04\/25\/pronasledovani-doktora-reinera-fuellmicha-nejvetsi-justicni-skandal-jaky-kdy-nemecko-zazilo\/","title":{"rendered":"Pron\u00e1sledov\u00e1n\u00ed doktora Reinera Fuellmicha: nejv\u011bt\u0161\u00ed justi\u010dn\u00ed skand\u00e1l, jak\u00fd kdy N\u011bmecko za\u017eilo"},"content":{"rendered":"<div id=\"fb-root\"><\/div>\n<p><strong>Dr. Reiner Fuellmich je mezin\u00e1rodn\u011b zn\u00e1m\u00fd a uzn\u00e1van\u00fd d\u00edky sv\u00e9 pr\u00e1ci obh\u00e1jce spot\u0159ebitel\u016f a d\u00edky tomu, \u017ee vyhr\u00e1l velk\u00e9 soudn\u00ed spory proti korpor\u00e1tn\u00edm gigant\u016fm, jako jsou Volkswagen, K\u00fchne &amp; Nagel a Deutsche Bank. Byl jednou z prvn\u00edch osob, kter\u00e9 rozpoznaly, \u017ee opat\u0159en\u00ed COVID p\u0159edstavuj\u00ed zlo\u010diny proti lidskosti, a spolu s dal\u0161\u00edmi t\u0159emi pr\u00e1vn\u00edky se rozhodl vytvo\u0159it vy\u0161et\u0159ovac\u00ed v\u00fdbor Corona, jeho\u017e c\u00edlem bylo objasnit jedn\u00e1n\u00ed vl\u00e1d, ve\u0159ejn\u00fdch instituc\u00ed a l\u00e9ka\u0159sk\u00e9 komunity v souvislosti s tzv. pandemi\u00ed.<\/strong><\/p>\n<p>D\u00edky sv\u00e9 brilantn\u00ed investigativn\u00ed pr\u00e1ci a po konzultaci s v\u00edce ne\u017e 150 v\u011bdci a odborn\u00edky z cel\u00e9ho sv\u011bta ze v\u0161ech obor\u016f, jako\u017e i s mnoha whistleblowery (ze spole\u010dnost\u00ed Pfizer, WHO, CDC, OSN) se mu poda\u0159ilo shrom\u00e1\u017edit mno\u017estv\u00ed d\u016fkaz\u016f o tom, co naz\u00fdv\u00e1 \u201enejv\u011bt\u0161\u00edm zlo\u010dinem, kter\u00fd byl kdy sp\u00e1ch\u00e1n proti lidstvu\u201c.<\/p>\n<p>Byl p\u0159ipraven jednat.<\/p>\n<p>N\u011bmeck\u00e9 tajn\u00e9 slu\u017eby ve spolupr\u00e1ci s g\u00f6ttingensk\u00fdm st\u00e1tn\u00edm z\u00e1stupcem Simonem Phillipem Johnem a Fuellmichov\u00fdmi \u017ealobci se v\u0161ak ji\u017e rozhodly zkonstruovat proti Fuellmichovi kauzu, jej\u00edm\u017e c\u00edlem bylo jeho zastaven\u00ed.<\/p>\n<p>Je obvin\u011bn, \u017ee zpronev\u011b\u0159il 700 000 eur, ale ve skute\u010dnosti to neud\u011blal. Bezprost\u0159edn\u00ed hrozba obstaven\u00ed bankovn\u00edch \u00fa\u010dt\u016f vy\u0161et\u0159ovac\u00edho v\u00fdboru Corona n\u011bmeckou vl\u00e1dou v dob\u011b, kdy pandemie COVID spadla, spolu s rizikem, \u017ee ji\u017e nebudou moci vyu\u017e\u00edvat prost\u0159edky z\u00edskan\u00e9 ze soukrom\u00fdch dar\u016f k prov\u00e1d\u011bn\u00ed sv\u00e9 vy\u0161et\u0159ovac\u00ed pr\u00e1ce, vedla Reinera Fuellmicha a Viviane Fischerovou ke krok\u016fm na ochranu t\u011bchto prost\u0159edk\u016f. Nakoupili zlato v hodnot\u011b 1 milionu eur (sou\u010dasn\u00e1 hodnota: 1,8 milionu eur) a ka\u017ed\u00fd z nich si vzal osobn\u00ed p\u016fj\u010dku (Reiner Fuellmich 700 000 eur a Viviane Fischerov\u00e1 100 000 eur). Jejich smlouvy o p\u016fj\u010dk\u00e1ch byly dolo\u017eeny p\u00edsemn\u00fdmi, podepsan\u00fdmi smlouvami.<\/p>\n<p>Kdy\u017e obhajoba prok\u00e1zala chybnost p\u016fvodn\u00edho obvin\u011bn\u00ed, kter\u00e9 tvrdilo, \u017ee Fuellmich nem\u011bl opr\u00e1vn\u011bn\u00ed vz\u00edt si osobn\u00ed p\u016fj\u010dku bez souhlasu druh\u00e9ho \u010dlena v\u00fdboru, musel soudce vymyslet nov\u00e9 obvin\u011bn\u00ed, aby od\u016fvodnil Fuellmichovo dal\u0161\u00ed uv\u011bzn\u011bn\u00ed. Soudce tedy prohl\u00e1sil, \u017ee p\u016fj\u010dky byly \u201efale\u0161n\u00e9\u201c.<\/p>\n<p>Zaj\u00edmav\u00e9 je, \u017ee p\u0159edchoz\u00ed g\u00f6ttingensk\u00fd vedouc\u00ed st\u00e1tn\u00ed z\u00e1stupce Reinicke, kter\u00e9ho tajn\u00e9 slu\u017eby po\u017e\u00e1daly o zah\u00e1jen\u00ed vy\u0161et\u0159ov\u00e1n\u00ed Fuellmicha, jasn\u011b prohl\u00e1sil, \u017ee neexistuj\u00ed \u017e\u00e1dn\u00e9 d\u016fvody, na jejich\u017e z\u00e1klad\u011b by bylo mo\u017en\u00e9 Fuellmicha vy\u0161et\u0159ovat, a p\u0159\u00edpad v \u010dervnu 2022 archivoval. O pouh\u00e9 dva a p\u016fl m\u011bs\u00edce pozd\u011bji byl z Hannoveru do G\u00f6ttingenu p\u0159elo\u017een mlad\u00fd nezku\u0161en\u00fd st\u00e1tn\u00ed z\u00e1stupce Simon Phillip John, kter\u00fd dostal za \u00fakol ud\u011blat \u0161pinavou pr\u00e1ci, kterou Reinicke p\u0159edt\u00edm pova\u017eoval za neopr\u00e1vn\u011bnou.<\/p>\n<p>Soudce Carsten Schindler, stejn\u011b jako st\u00e1tn\u00ed z\u00e1stupce John, se bez jak\u00fdchkoli pochybnost\u00ed \u0159\u00edd\u00ed pokyny n\u011bkoho jin\u00e9ho.<\/p>\n<p>Dr. Reiner Fuellmich je ji\u017e 18 m\u011bs\u00edc\u016f nez\u00e1konn\u011b dr\u017een ve vy\u0161et\u0159ovac\u00ed vazb\u011b v n\u011bmeck\u00e9m v\u011bzen\u00ed s maxim\u00e1ln\u00ed ostrahou v Rosdorfu. A to i p\u0159esto, \u017ee maxim\u00e1ln\u00ed doba trv\u00e1n\u00ed vy\u0161et\u0159ovac\u00ed vazby v N\u011bmecku je 6 m\u011bs\u00edc\u016f. A to pot\u00e9, co byl pod fale\u0161nou z\u00e1minkou vyl\u00e1k\u00e1n, n\u00e1sledn\u011b unesen v Mexiku a pot\u00e9 deportov\u00e1n do N\u011bmecka \u2013 bez mezin\u00e1rodn\u00edho zatyka\u010de NOR a form\u00e1ln\u00edho p\u0159\u00edkazu k vyd\u00e1n\u00ed \u2013 kde byl n\u00e1sledn\u011b zat\u010den a uv\u011bzn\u011bn.<\/p>\n<p>Okolnosti jeho nez\u00e1konn\u00e9ho zat\u010den\u00ed a n\u00e1sledn\u00e9ho \u0161patn\u00e9ho zach\u00e1zen\u00ed ve v\u011bzen\u00ed jsou velmi znepokojiv\u00e9.<\/p>\n<p>Od \u010dervna 2024 do prosince 2024 byl Reiner Fuellmich um\u00edst\u011bn na samotce. Ofici\u00e1ln\u00edm d\u016fvodem bylo, \u017ee spoluv\u011bz\u0148\u016fm poskytoval pr\u00e1vn\u00ed poradenstv\u00ed. Fuellmich byl tak\u00e9 vystaven r\u016fzn\u00fdm form\u00e1m t\u00fdr\u00e1n\u00ed, co\u017e bylo jasn\u00fdm poru\u0161en\u00edm jeho lidsk\u00fdch pr\u00e1v: fyzick\u00e9mu a psychick\u00e9mu t\u00fdr\u00e1n\u00ed, v\u010detn\u011b dlouhodob\u00e9ho dr\u017een\u00ed na samotce, zbaven\u00ed slune\u010dn\u00edho sv\u011btla, zbaven\u00ed fyzick\u00e9 aktivity na \u010derstv\u00e9m vzduchu, zbaven\u00ed sp\u00e1nku, nucen\u00ed vybrat si mezi sprchov\u00e1n\u00edm a hodinou str\u00e1venou venku, a dokonce z\u00e1kaz volat sv\u00fdm pr\u00e1vn\u00edk\u016fm. Krom\u011b jejich kr\u00e1tk\u00fdch (a monitorovan\u00fdch) telefon\u00e1t\u016f p\u0159es Skype svou \u017eenu od sv\u00e9ho zat\u010den\u00ed nevid\u011bl.<\/p>\n<p>M\u00e1 povoleny pouze t\u0159i hodiny m\u011bs\u00ed\u010dn\u011b na n\u00e1v\u0161t\u011bvy a telefon\u00e1ty.<\/p>\n<p>Krom\u011b toho mu byla odep\u0159ena odpov\u00eddaj\u00edc\u00ed l\u00e9ka\u0159sk\u00e1 p\u00e9\u010de, v\u010detn\u011b prost\u00e9ho p\u0159\u00edstupu k vitam\u00edn\u016fm.<\/p>\n<p>Reiner nav\u00edc nesm\u011bl nav\u0161t\u00edvit svou um\u00edraj\u00edc\u00ed matku ani se z\u00fa\u010dastnit jej\u00edho poh\u0159bu.<\/p>\n<p>Jak nelidsk\u00e9 podm\u00ednky ve v\u011bzen\u00ed, tak zp\u016fsob, jak\u00fdm je veden jeho proces, vyvol\u00e1vaj\u00ed v\u00e1\u017en\u00e9 pochybnosti o \u00farovni dodr\u017eov\u00e1n\u00ed z\u00e1kladn\u00edch pr\u00e1v v n\u011bmeck\u00e9m soudn\u00edm syst\u00e9mu.<\/p>\n<p>Od 10. \u010dervna 2024 a\u017e dodnes je Reiner Fuellmich po osobn\u00ed prohl\u00eddce p\u0159iv\u00e1d\u011bn k soudu a zp\u011bt do v\u011bzen\u00ed v poutech a v poutech, v doprovodu ozbrojen\u00fdch p\u0159\u00edslu\u0161n\u00edk\u016f ochranky v obrn\u011bn\u00fdch vozidlech, jako by byl s\u00e9riov\u00fd vrah!<\/p>\n<p>Je mu up\u00edr\u00e1n spravedliv\u00fd proces, nebo\u0165 ve\u0161ker\u00e9 n\u00e1vrhy jeho obh\u00e1jc\u016f jsou bez vysv\u011btlen\u00ed zam\u00edt\u00e1ny. Od \u010dervence 2024 soudce Schindler na\u0159\u00eddil, aby n\u00e1vrhy a argumenty obhajoby byly od t\u00e9to chv\u00edle nam\u00edsto hlasit\u00e9ho \u010dten\u00ed soudu p\u0159edkl\u00e1d\u00e1ny pouze p\u00edsemn\u011b, co\u017e br\u00e1n\u00ed soudn\u00edm pozorovatel\u016fm v pochopen\u00ed a \u0159\u00e1dn\u00e9m zdokumentov\u00e1n\u00ed \u0159\u00edzen\u00ed. Stejn\u00ed soudn\u00ed div\u00e1ci byli vystaveni v\u00fdhr\u016f\u017ek\u00e1m, stejn\u011b jako Fuellmichovi obh\u00e1jci.<\/p>\n<p>Krom\u011b toho, \u017ee soudce Schindler neumo\u017enil sv\u011bdk\u016fm obhajoby vystoupit p\u0159ed soudem, vytrvale odm\u00edt\u00e1, aby p\u0159ed soudem vypov\u00eddala osoba, kter\u00e1 si finan\u010dn\u00ed prost\u0159edky skute\u010dn\u011b p\u0159ivlastnila.<\/p>\n<p>Toto \u0159\u00edzen\u00ed \u201eklokan\u00edho soudu\u201c je nyn\u00ed v z\u00e1v\u011bre\u010dn\u00e9 f\u00e1zi. V dob\u011b, kdy p\u00ed\u0161eme tyto \u0159\u00e1dky, ukon\u010dili obh\u00e1jci sv\u00e9 z\u00e1v\u011bre\u010dn\u00e9 \u0159e\u010di a Fuellmich za\u010dal p\u0159edn\u00e1\u0161et svou z\u00e1v\u011bre\u010dnou \u0159e\u010d p\u0159ed soudem, kter\u00fd ho, aby ho uml\u010del, nejm\u00e9n\u011b dvan\u00e1ctkr\u00e1t p\u0159eru\u0161il a napomenul. Ob\u00e1v\u00e1me se, \u017ee soud m\u016f\u017ee Fuellmichovi stanovit \u010dasov\u00fd limit pro p\u0159ednesen\u00ed jeho z\u00e1v\u011bre\u010dn\u00e9 \u0159e\u010di, stejn\u011b jako to ud\u011blal jeho obh\u00e1jc\u016fm, a donutit je tak zkr\u00e1tit jejich z\u00e1v\u011bre\u010dn\u00e9 \u0159e\u010di.<\/p>\n<p>V pr\u016fb\u011bhu 51 sly\u0161en\u00ed jsme nebyli sv\u011bdky ni\u010deho men\u0161\u00edho ne\u017e flagrantn\u00edho p\u0159\u00edpadu ma\u0159en\u00ed spravedlnosti \u2013 v N\u011bmecku trestn\u00e9ho \u010dinu -, kter\u00fd potvrzuje z\u00e1m\u011br n\u011bmeck\u00fdch tajn\u00fdch slu\u017eeb, jak je uveden v jejich spisu o Reineru Fuellmichovi. Tento spis p\u0159edlo\u017eil soudu jeden z Fuellmichov\u00fdch obh\u00e1jc\u016f. Bylo v n\u011bm uvedeno, \u017ee Fuellmich m\u00e1 b\u00fdt zastaven \u201eza ka\u017edou cenu\u201c; \u017ee \u201eje nutn\u00e9 p\u0159ipravit trestn\u00ed \u0159\u00edzen\u00ed proti Fuellmichovi, [v\u010detn\u011b] spolupr\u00e1ce st\u00e1tn\u00edch z\u00e1stupc\u016f a vhodn\u00fdch t\u0159et\u00edch osob\u201c; a doporu\u010doval \u201en\u00e1bor a zapojen\u00ed d\u016fv\u011bryhodn\u00fdch osob z Fuellmichova nejbli\u017e\u0161\u00edho okol\u00ed\u201c.<\/p>\n<p>Jejich deklarovan\u00fdm c\u00edlem bylo rovn\u011b\u017e odsouzen\u00ed Fuellmicha; \u017ee \u201eje t\u0159eba v\u0161emi prost\u0159edky zabr\u00e1nit mo\u017enosti, aby [Fuellmich] z\u00edskal politicky exponovan\u00e9 postaven\u00ed\u201c. Tento spis, kter\u00fd poskytl whistleblower, dokl\u00e1d\u00e1, \u017ee Reiner Fuellmich byl pod zvl\u00e1\u0161tn\u00edm dohledem ji\u017e v roce 2021.<\/p>\n<p>Je tedy nade v\u0161\u00ed pochybnost, \u017ee Reinera Fuellmicha bylo nutn\u00e9 zastavit, aby mu bylo zabr\u00e1n\u011bno pokra\u010dovat v jeho vz\u00e1cn\u00e9 investigativn\u00ed pr\u00e1ci odhaluj\u00edc\u00ed pravdu ohledn\u011b \u201epandemie\u201c i takzvan\u00fdch \u201evakc\u00edn\u201c.<\/p>\n<p>Fuellmich je zjevn\u011b politick\u00fdm v\u011bzn\u011bm, potrestan\u00fdm za to, \u017ee mluvil pravdu. Jeho p\u0159\u00edpad vy\u017eaduje pozornost mezin\u00e1rodn\u00edch organizac\u00ed pro lidsk\u00e1 pr\u00e1va i rozho\u0159\u010den\u00ed sv\u011btov\u00e9 ve\u0159ejnosti.<\/p>\n<p>P\u0159edb\u011b\u017en\u00e1 vazba nesm\u00ed b\u00fdt nikdy pou\u017e\u00edv\u00e1na jako n\u00e1stroj k odlo\u017een\u00ed, potla\u010den\u00ed nebo \u00fapln\u00e9mu nahrazen\u00ed soudn\u00edho syst\u00e9mu v podob\u011b legitimn\u00edho trestu bez rozsudku.<\/p>\n<p>Spravedlnost, svoboda projevu a dodr\u017eov\u00e1n\u00ed z\u00e1kladn\u00edch lidsk\u00fdch pr\u00e1v jsou pil\u00ed\u0159i demokratick\u00e9ho st\u00e1tu, a to nejen, ale zejm\u00e9na pro ty jednotlivce, kte\u0159\u00ed vzn\u00e1\u0161ej\u00ed nepohodln\u00e9 ot\u00e1zky a maj\u00ed odvahu promluvit.<\/p>\n<p><em><b>Seba Terribilini a Cynthia Salatino<\/b><\/em><\/p>\n<div class=\"podcarou\">\n<p><a href=\"https:\/\/www.paulcraigroberts.org\/2025\/04\/22\/can-the-west-be-resurrected-from-the-dead\/\" target=\"_blank\" rel=\"external noopener\">Can the West Be Resurrected from the Dead?<\/a>\u00a0vy\u0161el 22.5.2025 na paulcraigroberts.org. Vybral a p\u0159elo\u017eil <a href=\"https:\/\/zvedavec.news\/komentare\/2025\/04\/10482-pronasledovani-doktora-reinera-fuellmicha-nejvetsi-justicni-skandal-jaky-kdy-nemecko-zazilo.htm\">Zv\u011bdavec.<\/a><\/p>\n<\/div>\n","protected":false},"excerpt":{"rendered":"<p>Dr. Reiner Fuellmich je mezin\u00e1rodn\u011b zn\u00e1m\u00fd a uzn\u00e1van\u00fd d\u00edky sv\u00e9 pr\u00e1ci obh\u00e1jce spot\u0159ebitel\u016f a d\u00edky&#8230;<\/p>\n","protected":false},"author":2,"featured_media":9484,"comment_status":"closed","ping_status":"closed","sticky":false,"template":"","format":"standard","meta":[],"categories":[7],"tags":[8975,33,84,1009],"_links":{"self":[{"href":"https:\/\/www.infokuryr.cz\/n\/wp-json\/wp\/v2\/posts\/77249"}],"collection":[{"href":"https:\/\/www.infokuryr.cz\/n\/wp-json\/wp\/v2\/posts"}],"about":[{"href":"https:\/\/www.infokuryr.cz\/n\/wp-json\/wp\/v2\/types\/post"}],"author":[{"embeddable":true,"href":"https:\/\/www.infokuryr.cz\/n\/wp-json\/wp\/v2\/users\/2"}],"replies":[{"embeddable":true,"href":"https:\/\/www.infokuryr.cz\/n\/wp-json\/wp\/v2\/comments?post=77249"}],"version-history":[{"count":0,"href":"https:\/\/www.infokuryr.cz\/n\/wp-json\/wp\/v2\/posts\/77249\/revisions"}],"wp:featuredmedia":[{"embeddable":true,"href":"https:\/\/www.infokuryr.cz\/n\/wp-json\/wp\/v2\/media\/9484"}],"wp:attachment":[{"href":"https:\/\/www.infokuryr.cz\/n\/wp-json\/wp\/v2\/media?parent=77249"}],"wp:term":[{"taxonomy":"category","embeddable":true,"href":"https:\/\/www.infokuryr.cz\/n\/wp-json\/wp\/v2\/categories?post=77249"},{"taxonomy":"post_tag","embeddable":true,"href":"https:\/\/www.infokuryr.cz\/n\/wp-json\/wp\/v2\/tags?post=77249"}],"curies":[{"name":"wp","href":"https:\/\/api.w.org\/{rel}","templated":true}]}}