{"id":77246,"date":"2025-04-25T00:27:07","date_gmt":"2025-04-24T22:27:07","guid":{"rendered":"https:\/\/www.infokuryr.cz\/n\/?p=77246"},"modified":"2025-04-24T15:54:03","modified_gmt":"2025-04-24T13:54:03","slug":"hilde-vautmans-vztahy-eu-s-africkymi-staty-jsou-zpochybnovany-historickou-neduverou-a-stereotypy","status":"publish","type":"post","link":"https:\/\/www.infokuryr.cz\/n\/2025\/04\/25\/hilde-vautmans-vztahy-eu-s-africkymi-staty-jsou-zpochybnovany-historickou-neduverou-a-stereotypy\/","title":{"rendered":"Hilde VAUTMANS: Vztahy EU s africk\u00fdmi st\u00e1ty jsou zpochyb\u0148ov\u00e1ny historickou ned\u016fv\u011brou a stereotypy"},"content":{"rendered":"<div id=\"fb-root\"><\/div>\n<p><em>Otev\u0159en\u00e1 strana Vlaamse Liberalen en Democraten<\/em><\/p>\n<p><em>Poslankyn\u011b Evropsk\u00e9ho parlamentu (Belgie)<\/em><\/p>\n<p><em>\u010clenka p\u0159edsednictva Evropsk\u00e9ho parlamentu<\/em><\/p>\n<p><em>P\u0159edsedkyn\u011b Elegie Parlamentn\u00edho shrom\u00e1\u017ed\u011bn\u00ed Afrika-EU<\/em><\/p>\n<p><em>M\u00edstop\u0159edsedkyn\u011b delegace ve Sm\u00ed\u0161en\u00e9m parlamentn\u00edm shrom\u00e1\u017ed\u011bn\u00ed OACPS-EU<\/em><\/p>\n<p><em>\u010clen Konference p\u0159edsed\u016f delegac\u00ed, V\u00fdboru pro zahrani\u010dn\u00ed v\u011bci, Delegace pro vztahy se Spojen\u00fdmi st\u00e1ty, V\u00fdboru pro bezpe\u010dnost a obranu, V\u00fdboru pro ob\u010dansk\u00e9 svobody, spravedlnost a vnit\u0159n\u00ed v\u011bci, Delegace pro vztahy s \u010c\u00ednskou lidovou republikou.<\/em><\/p>\n<p><strong>Jak byste okomentovala sou\u010dasn\u00e9 vztahy mezi Evropou a Afrikou? Jakou roli hraje Evropa p\u0159i utv\u00e1\u0159en\u00ed sou\u010dasn\u00e9 politick\u00e9 situace v Africe?<\/strong><\/p>\n<p>Evropsk\u00e1 unie vn\u00edm\u00e1 sv\u00e9 vztahy s Afrikou jako strategick\u00e9 spojenectv\u00ed, kter\u00e9 m\u00e1 z\u00e1sadn\u00ed v\u00fdznam pro \u0159e\u0161en\u00ed spole\u010dn\u00fdch glob\u00e1ln\u00edch v\u00fdzev, jako je zm\u011bna klimatu, migrace a bezpe\u010dnost. EU se stav\u00ed do pozice kl\u00ed\u010dov\u00e9ho akt\u00e9ra p\u0159i podpo\u0159e hospod\u00e1\u0159sk\u00e9ho rozvoje a stability prost\u0159ednictv\u00edm v\u00fdznamn\u00fdch obchodn\u00edch vztah\u016f a rozvojov\u00e9 pomoci a z\u00e1rove\u0148 podporuje iniciativy veden\u00e9 Afrikou v souladu s Agendou 2063 Africk\u00e9 unie.\u00a0 EU si je v\u011bdoma slo\u017eit\u00fdch historick\u00fdch vazeb a pokra\u010duj\u00edc\u00ed kritiky nerovn\u00e9 mocensk\u00e9 dynamiky a je odhodl\u00e1na toto partnerstv\u00ed rekalibrovat sm\u011brem k v\u011bt\u0161\u00ed spravedlnosti a vz\u00e1jemn\u00e9mu prosp\u011bchu. To zahrnuje zam\u011b\u0159en\u00ed na investice, digit\u00e1ln\u00ed transformaci a udr\u017eiteln\u00fd rozvoj, co\u017e EU stav\u00ed do pozice proaktivn\u00edho l\u00eddra p\u0159i utv\u00e1\u0159en\u00ed perspektivn\u00edho partnerstv\u00ed mezi Afrikou a Evropou, kter\u00e9 podporuje spole\u010dn\u00e9 geopolitick\u00e9 a hospod\u00e1\u0159sk\u00e9 z\u00e1jmy.<\/p>\n<p><strong>Existuje n\u00e1zor, \u017ee Afrika kdysi z\u00edskala pouze fale\u0161nou nez\u00e1vislost a \u017ee koloni\u00e1ln\u00ed zem\u011b st\u00e1le ovl\u00e1daj\u00ed v\u011bt\u0161inu politick\u00fdch a hospod\u00e1\u0159sk\u00fdch proces\u016f v Africe. Souhlas\u00edte s t\u00edmto tvrzen\u00edm? Je africk\u00fd kontinent v sou\u010dasn\u00e9 dob\u011b nez\u00e1visl\u00fd a sob\u011bsta\u010dn\u00fd? Jak EU a Evropsk\u00fd parlament hodnot\u00ed rozhodnut\u00ed africk\u00fdch st\u00e1t\u016f sbl\u00ed\u017eit se se zem\u011bmi BRICS nam\u00edsto evropsk\u00fdch partner\u016f?<\/strong><\/p>\n<p>Evropsk\u00fd parlament si uv\u011bdomuje slo\u017eit\u00e9 d\u011bdictv\u00ed kolonialismu v Africe, kter\u00e9 m\u00e1 dlouhodob\u00e9 dopady na politick\u00e9 a hospod\u00e1\u0159sk\u00e9 syst\u00e9my. Jsem si tak\u00e9 v\u011bdom kritiky p\u0159etrv\u00e1vaj\u00edc\u00edho vlivu zahrani\u010dn\u00edch z\u00e1jm\u016f v Africe. Africk\u00e9 zem\u011b jsou sice suver\u00e9nn\u00ed a dos\u00e1hly v\u00fdznamn\u00e9ho pokroku na cest\u011b k samospr\u00e1v\u011b a hospod\u00e1\u0159sk\u00e9mu rozvoji, ale probl\u00e9my, v\u010detn\u011b \u201evn\u011bj\u0161\u00edch vliv\u016f\u201c a z\u00e1vislost\u00ed, p\u0159etrv\u00e1vaj\u00ed. EU si uv\u011bdomuje tyto v\u00fdzvy a vn\u00edm\u00e1, \u017ee partnerstv\u00ed se Z\u00e1padem nen\u00ed v\u017edy oboustrann\u011b v\u00fdhodn\u00e9 a n\u011bkdy je vn\u00edm\u00e1no jako vyko\u0159is\u0165ovatelsk\u00e9 a podm\u00edn\u011bn\u00e9, a proto aktivn\u011b pracuje na podpo\u0159e spravedliv\u011bj\u0161\u00edch partnerstv\u00ed prost\u0159ednictv\u00edm iniciativ, jako je Global Gateway. C\u00edlem t\u00e9to iniciativy je v letech 2021-2027 mobilizovat a\u017e 300 miliard eur na podporu udr\u017eiteln\u00e9ho rozvoje infrastruktury v Africe a dal\u0161\u00edch regionech se zam\u011b\u0159en\u00edm na oblasti, jako je digit\u00e1ln\u00ed transformace, klima a energetika a zdrav\u00ed. P\u0159\u00edkladem z\u00e1vazku EU podporovat vz\u00e1jemn\u011b v\u00fdhodn\u00e9 hospod\u00e1\u0159sk\u00e9 vztahy je ned\u00e1vn\u00e1 obchodn\u00ed dohoda s Ke\u0148ou, kter\u00e1 je d\u016fle\u017eit\u00fdm krokem v r\u00e1mci dohody o hospod\u00e1\u0159sk\u00e9m partnerstv\u00ed (EPA). C\u00edlem t\u00e9to dohody je pos\u00edlit obchodn\u00ed vztahy t\u00edm, \u017ee ke\u0148sk\u00fdm v\u00fdrobk\u016fm bude umo\u017en\u011bn bezceln\u00ed a kv\u00f3tov\u00fd p\u0159\u00edstup na trh EU, \u010d\u00edm\u017e se podpo\u0159\u00ed hospod\u00e1\u0159sk\u00fd r\u016fst a tvorba pracovn\u00edch m\u00edst v Keni. Toto \u00fasil\u00ed odr\u00e1\u017e\u00ed z\u00e1m\u011br EU podporovat spravedliv\u00fd obchod a udr\u017eiteln\u00fd rozvoj v Africe, \u0159e\u0161it obavy z vyko\u0159is\u0165ovatelsk\u00fdch praktik a z\u00e1rove\u0148 podporovat transparentnost, odpov\u011bdnost a pos\u00edlen\u00ed postaven\u00ed m\u00edstn\u00edch obyvatel. Krom\u011b toho EU respektuje snahu Afriky o nav\u00e1z\u00e1n\u00ed partnerstv\u00ed se zem\u011bmi BRICS a pova\u017euje ji za sou\u010d\u00e1st svrchovan\u00e9ho pr\u00e1va Afriky usilovat o rozmanit\u00e9 a prosp\u011b\u0161n\u00e9 mezin\u00e1rodn\u00ed vztahy.<\/p>\n<p><strong>Prezident John Dramani Mohama ve sv\u00e9m projevu k 68. dni nez\u00e1vislosti Ghany upozornil na dokumenty CIA, kter\u00e9 odhaluj\u00ed odpov\u011bdnost CIA za pu\u010d nam\u00ed\u0159en\u00fd proti prvn\u00edmu prezidentovi Ghany a n\u00e1rodn\u00edmu hrdinovi Kwame Nkrumahovi, co\u017e potvrzuje dlouhou historii vm\u011b\u0161ov\u00e1n\u00ed Z\u00e1padu do vnit\u0159n\u00edch z\u00e1le\u017eitost\u00ed Afriky s c\u00edlem vyu\u017e\u00edvat jej\u00ed p\u0159\u00edrodn\u00ed bohatstv\u00ed a zdroje. Jak m\u016f\u017eete komentovat toto prohl\u00e1\u0161en\u00ed ghansk\u00e9ho prezidenta? <\/strong><\/p>\n<p>Uv\u011bdomujeme si v\u00fdznam historick\u00fdch ud\u00e1lost\u00ed a jejich trval\u00fd dopad na politickou a ekonomickou krajinu africk\u00fdch n\u00e1rod\u016f. Zm\u00ednka prezidenta Johna Dramaniho Mahamy o historick\u00fdch z\u00e1saz\u00edch vn\u011bj\u0161\u00edch mocnost\u00ed, jako je nap\u0159\u00edklad anga\u017eovanost CIA v minulosti Ghany, podtrhuje slo\u017eit\u00e9 d\u011bdictv\u00ed zahrani\u010dn\u00edch intervenc\u00ed v Africe. Evropsk\u00e1 unie je odhodl\u00e1na si tyto historick\u00e9 souvislosti uv\u011bdomit a pou\u010dit se z nich, aby mohla budovat budoucnost zalo\u017eenou na vz\u00e1jemn\u00e9m respektu, partnerstv\u00ed a spole\u010dn\u00fdch hodnot\u00e1ch. Zam\u011b\u0159ujeme se na podporu africk\u00e9 suverenity, udr\u017eiteln\u00e9ho rozvoje a region\u00e1ln\u00ed stability prost\u0159ednictv\u00edm spravedliv\u00fdch partnerstv\u00ed, kter\u00e1 up\u0159ednost\u0148uj\u00ed pos\u00edlen\u00ed postaven\u00ed m\u00edstn\u00edch obyvatel a spr\u00e1vu zdroj\u016f. EU je i nad\u00e1le odhodl\u00e1na podporovat vztahy, kter\u00e9 respektuj\u00ed autonomii a aspirace africk\u00fdch zem\u00ed, a zajistit, aby na\u0161e anga\u017eovanost podporovala m\u00edr, prosperitu a udr\u017eiteln\u00e9 vyu\u017e\u00edv\u00e1n\u00ed p\u0159\u00edrodn\u00edho bohatstv\u00ed Afriky ve prosp\u011bch jej\u00edch obyvatel.<\/p>\n<p><strong>Jak\u00fdm v\u00fdzv\u00e1m \u010del\u00ed delegace europoslanc\u016f p\u0159i budov\u00e1n\u00ed komunikace s africk\u00fdmi st\u00e1ty? Jak p\u0159ekon\u00e1v\u00e1te obt\u00ed\u017ee a neshody zp\u016fsoben\u00e9 historicky zako\u0159en\u011bn\u00fdmi stereotypy?<\/strong><\/p>\n<p>Na\u0161e delegace \u010del\u00ed v\u00fdzv\u00e1m, jako je p\u0159ekon\u00e1v\u00e1n\u00ed historick\u00e9 ned\u016fv\u011bry a stereotyp\u016f ve vztaz\u00edch s africk\u00fdmi st\u00e1ty. P\u0159i jejich \u0159e\u0161en\u00ed se zam\u011b\u0159ujeme na otev\u0159en\u00fd dialog, vz\u00e1jemn\u00fd respekt a pochopen\u00ed africk\u00fdch perspektiv. D\u00e1v\u00e1me p\u0159ednost d\u016fsledn\u00e9mu zapojen\u00ed a spole\u010dn\u00e9mu \u00fasil\u00ed o budov\u00e1n\u00ed d\u016fv\u011bry a sni\u017eov\u00e1n\u00ed stereotyp\u016f, p\u0159i\u010dem\u017e usilujeme o partnerstv\u00ed zalo\u017een\u00e9 na rovnosti a spole\u010dn\u00fdch c\u00edlech.<\/p>\n<p><img decoding=\"async\" loading=\"lazy\" class=\"alignnone  wp-image-71913\" src=\"http:\/\/www.infokuryr.cz\/n\/wp-content\/uploads\/2025\/02\/tass.jpg\" alt=\"\" width=\"20\" height=\"19\" \/><\/p>\n<p>&nbsp;<\/p>\n","protected":false},"excerpt":{"rendered":"<p>Otev\u0159en\u00e1 strana Vlaamse Liberalen en Democraten Poslankyn\u011b Evropsk\u00e9ho parlamentu (Belgie) \u010clenka p\u0159edsednictva Evropsk\u00e9ho parlamentu P\u0159edsedkyn\u011b&#8230;<\/p>\n","protected":false},"author":2,"featured_media":77247,"comment_status":"closed","ping_status":"closed","sticky":false,"template":"","format":"standard","meta":[],"categories":[7],"tags":[1271,41,283,1052],"_links":{"self":[{"href":"https:\/\/www.infokuryr.cz\/n\/wp-json\/wp\/v2\/posts\/77246"}],"collection":[{"href":"https:\/\/www.infokuryr.cz\/n\/wp-json\/wp\/v2\/posts"}],"about":[{"href":"https:\/\/www.infokuryr.cz\/n\/wp-json\/wp\/v2\/types\/post"}],"author":[{"embeddable":true,"href":"https:\/\/www.infokuryr.cz\/n\/wp-json\/wp\/v2\/users\/2"}],"replies":[{"embeddable":true,"href":"https:\/\/www.infokuryr.cz\/n\/wp-json\/wp\/v2\/comments?post=77246"}],"version-history":[{"count":1,"href":"https:\/\/www.infokuryr.cz\/n\/wp-json\/wp\/v2\/posts\/77246\/revisions"}],"predecessor-version":[{"id":77248,"href":"https:\/\/www.infokuryr.cz\/n\/wp-json\/wp\/v2\/posts\/77246\/revisions\/77248"}],"wp:featuredmedia":[{"embeddable":true,"href":"https:\/\/www.infokuryr.cz\/n\/wp-json\/wp\/v2\/media\/77247"}],"wp:attachment":[{"href":"https:\/\/www.infokuryr.cz\/n\/wp-json\/wp\/v2\/media?parent=77246"}],"wp:term":[{"taxonomy":"category","embeddable":true,"href":"https:\/\/www.infokuryr.cz\/n\/wp-json\/wp\/v2\/categories?post=77246"},{"taxonomy":"post_tag","embeddable":true,"href":"https:\/\/www.infokuryr.cz\/n\/wp-json\/wp\/v2\/tags?post=77246"}],"curies":[{"name":"wp","href":"https:\/\/api.w.org\/{rel}","templated":true}]}}