{"id":77230,"date":"2025-04-25T00:23:48","date_gmt":"2025-04-24T22:23:48","guid":{"rendered":"https:\/\/www.infokuryr.cz\/n\/?p=77230"},"modified":"2025-04-24T14:57:39","modified_gmt":"2025-04-24T12:57:39","slug":"polsko-nemuze-byt-zemi-ktera-by-chtela-bojovat-az-do-posledniho-ukrajince","status":"publish","type":"post","link":"https:\/\/www.infokuryr.cz\/n\/2025\/04\/25\/polsko-nemuze-byt-zemi-ktera-by-chtela-bojovat-az-do-posledniho-ukrajince\/","title":{"rendered":"\u201ePolsko nem\u016f\u017ee b\u00fdt zem\u00ed, kter\u00e1 by cht\u011bla bojovat a\u017e do posledn\u00edho Ukrajince\u201c"},"content":{"rendered":"<div id=\"fb-root\"><\/div>\n<h3 class=\"s-title fw-headline\"><span>&#8230;b\u00fdval\u00fd polsk\u00fd premi\u00e9r vyz\u00fdv\u00e1 Ukrajinu, aby se vzdala Krymu kv\u016fli m\u00edru<\/span><\/h3>\n<h3 class=\"s-tagline fw-tagline\"><span>&#8222;Ve skute\u010dnosti je jen jedna v\u011bc k nezaplacen\u00ed &#8211; \u017eivot&#8220;<\/span><\/h3>\n<div class=\"e-ct-outer\">\n<div class=\"entry-content rbct clearfix is-highlight-shares\" style=\"text-align: left;\">\n<p><span>Prov\u00e1le\u010dn\u00e9 s\u00edly v EU cht\u011bj\u00ed v\u00e1lku t\u00e1hnout roky, Pol\u00e1ci nemohou b\u00fdt stranou takov\u00fdch pl\u00e1n\u016f, \u0159ekl ve \u010dtvrtek jako host Radia Zet b\u00fdval\u00fd premi\u00e9r Leszek Miller.<\/span><\/p>\n<p><span>\u201eVe skute\u010dnosti je jen jedna v\u011bc k nezaplacen\u00ed \u2013 \u017eivot,\u201c odpov\u011bd\u011bl Leszek Miller, kdy\u017e byl dot\u00e1z\u00e1n na status Krymu.<\/span><\/p>\n<p><span>Na za\u010d\u00e1tku rozhovoru se moder\u00e1tor Bogdan Rymanowski zeptal, zda by \u201eUkrajina m\u011bla souhlasit se vzd\u00e1n\u00edm se Krymu jako ceny m\u00edru\u201c.<\/span><\/p>\n<p><span>&#8222;Ano,&#8220; \u0159ekl Leszek Miller.<\/span><\/p>\n<p><span>B\u00fdval\u00e1 \u0161\u00e9fka vl\u00e1dy se dotkla i toho nejd\u016fle\u017eit\u011bj\u0161\u00edho. \u0158ekl, \u017ee podle jeho n\u00e1zoru by nyn\u00ed p\u0159ijet\u00ed ztr\u00e1ty Krymu Kyjevem bylo tak\u00e9 v z\u00e1jmu Polska, proto\u017ee \u201enem\u016f\u017eeme b\u00fdt zem\u00ed, kter\u00e1 by cht\u011bla bojovat na Ukrajin\u011b do posledn\u00edho Ukrajince\u201c.<\/span><\/p>\n<figure class=\"wp-block-image size-large\"><img decoding=\"async\" loading=\"lazy\" class=\"wp-image-138496 aligncenter\" src=\"https:\/\/rmx.news\/wp-content\/uploads\/2025\/04\/a668c2e5397c4a221760832aafcb-1024x769.webp\" sizes=\"auto, (max-width: 1024px) 100vw, 1024px\" srcset=\"https:\/\/rmx.news\/wp-content\/uploads\/2025\/04\/a668c2e5397c4a221760832aafcb-1024x769.webp 1024w, https:\/\/rmx.news\/wp-content\/uploads\/2025\/04\/a668c2e5397c4a221760832aafcb-500x375.webp 500w, https:\/\/rmx.news\/wp-content\/uploads\/2025\/04\/a668c2e5397c4a221760832aafcb-768x577.webp 768w, https:\/\/rmx.news\/wp-content\/uploads\/2025\/04\/a668c2e5397c4a221760832aafcb-860x646.webp 860w, https:\/\/rmx.news\/wp-content\/uploads\/2025\/04\/a668c2e5397c4a221760832aafcb.webp 1200w\" alt=\"\" width=\"752\" height=\"565\" \/><figcaption class=\"wp-element-caption\"><em>Leszek Miller Zdroj: PAP \/ Radek Pietruszka<\/em><\/figcaption><\/figure>\n<p><span>\u201eTo by n\u00e1m p\u0159ipadalo jako nejhor\u0161\u00ed sv\u011bdectv\u00ed o n\u00e1s sam\u00fdch,\u201c zhodnotil host R\u00e1dia ZET.<\/span><\/p>\n<p><span>Miller zd\u016fvodnil sv\u016fj n\u00e1zor, \u017ee \u201eAmeri\u010dan\u00e9 jsou bl\u00edzko rozhodnut\u00ed st\u00e1hnout pomoc Ukrajin\u011b, co\u017e by znamenalo, \u017ee by se situace Ukrajiny rozhodn\u011b zhor\u0161ila\u201c. P\u0159ipomn\u011bl, \u017ee Ameri\u010dan\u00e9 vyjad\u0159uj\u00ed, \u017ee mohou ztratit trp\u011blivost. Ministr zahrani\u010d\u00ed Marco Rubio v\u010dera \u0159ekl, \u017ee nejde o v\u00e1lku USA, a p\u0159ipomn\u011bl, \u017ee tato zem\u011b m\u00e1 na mezin\u00e1rodn\u00ed sc\u00e9n\u011b mnohem d\u016fle\u017eit\u011bj\u0161\u00ed priority.<\/span><\/p>\n<p><span>Vzd\u00e1n\u00ed se Krymu m\u011blo b\u00fdt podle tiskov\u00fdch zpr\u00e1v jedn\u00edm z bod\u016f rusko-ukrajinsk\u00e9 m\u00edrov\u00e9 dohody, kterou se americk\u00e1 diplomacie sna\u017e\u00ed dos\u00e1hnout.<\/span><\/p>\n<p><span>Gener\u00e1l Bogus\u0142aw Pacek m\u00e1 podle Millera pravdu, kdy\u017e \u0159\u00edk\u00e1, \u017ee americk\u00fd n\u00e1vrh \u2013 a\u010d pro Ukrajince t\u011b\u017eko akceptovateln\u00fd \u2013 je jedin\u00fd, kter\u00fd m\u016f\u017ee zastavit v\u00e1lku.<\/span><\/p>\n<p><span>\u201e\u0158ekl, \u017ee Ukrajinci si mus\u00ed polo\u017eit ot\u00e1zku, co je jejich prioritou v t\u00e9to f\u00e1zi v\u00e1lky \u2013 zda \u200b\u200bbojovat do posledn\u00ed kapky krve, nebo se za cenu z\u00e1chrany \u017eivot\u016f sm\u00ed\u0159it s t\u00edm, \u017ee n\u011bkter\u00e1 \u00fazem\u00ed budou st\u00e1le okupov\u00e1na Rusy,\u201c citoval slova b\u00fdval\u00e9ho gener\u00e1la.<\/span><\/p>\n<p><span>&#8222;St\u00e1le sl\u00fdch\u00e1m, \u017ee jsou velmi d\u016fle\u017eit\u00e9, cenn\u00e9 v\u011bci, \u00fazem\u00ed atd., ale ve skute\u010dnosti je jen jedna v\u011bc k nezaplacen\u00ed &#8211; \u017eivot&#8230; Jsem na stran\u011b uzav\u0159en\u00ed i k\u0159ehk\u00e9ho m\u00edru, nejl\u00e9pe m\u00edru pln\u00e9ho. Proto\u017ee sd\u00edl\u00edm slova gener\u00e1la Packa, Trumpa a dal\u0161\u00edch politik\u016f, kte\u0159\u00ed \u0159\u00edkaj\u00ed, \u017ee lid\u00e9 na Ukrajin\u011b se mus\u00ed za ka\u017edou cenu p\u0159estat zab\u00edjet,&#8220; \u0159ekl politik.<\/span><\/p>\n<p><span>Miller vysv\u011btlil, \u017ee &#8222;lid\u00e9 mus\u00ed p\u0159e\u017e\u00edt, proto\u017ee lid\u00e9 jsou schopni zm\u011bnit jak\u00e9koli hranice v p\u0159\u00edslu\u0161n\u00e9m historick\u00e9m a diplomatick\u00e9m procesu. V\u00edce ne\u017e 100 let nem\u011blo Polsko \u017e\u00e1dn\u00e9 ofici\u00e1ln\u00ed \u00fazem\u00ed a n\u00e1\u0161 n\u00e1rod existoval.&#8220;<\/span><\/p>\n<p><img decoding=\"async\" loading=\"lazy\" class=\"alignnone size-full wp-image-71983\" src=\"http:\/\/www.infokuryr.cz\/n\/wp-content\/uploads\/2025\/02\/aaa.jpg\" alt=\"\" width=\"89\" height=\"23\" \/><\/p>\n<p>&nbsp;<\/p>\n<\/div>\n<\/div>\n","protected":false},"excerpt":{"rendered":"<p>&#8230;b\u00fdval\u00fd polsk\u00fd premi\u00e9r vyz\u00fdv\u00e1 Ukrajinu, aby se vzdala Krymu kv\u016fli m\u00edru &#8222;Ve skute\u010dnosti je jen&#8230;<\/p>\n","protected":false},"author":2,"featured_media":77231,"comment_status":"closed","ping_status":"closed","sticky":false,"template":"","format":"standard","meta":[],"categories":[7],"tags":[751,31,26,538],"_links":{"self":[{"href":"https:\/\/www.infokuryr.cz\/n\/wp-json\/wp\/v2\/posts\/77230"}],"collection":[{"href":"https:\/\/www.infokuryr.cz\/n\/wp-json\/wp\/v2\/posts"}],"about":[{"href":"https:\/\/www.infokuryr.cz\/n\/wp-json\/wp\/v2\/types\/post"}],"author":[{"embeddable":true,"href":"https:\/\/www.infokuryr.cz\/n\/wp-json\/wp\/v2\/users\/2"}],"replies":[{"embeddable":true,"href":"https:\/\/www.infokuryr.cz\/n\/wp-json\/wp\/v2\/comments?post=77230"}],"version-history":[{"count":0,"href":"https:\/\/www.infokuryr.cz\/n\/wp-json\/wp\/v2\/posts\/77230\/revisions"}],"wp:featuredmedia":[{"embeddable":true,"href":"https:\/\/www.infokuryr.cz\/n\/wp-json\/wp\/v2\/media\/77231"}],"wp:attachment":[{"href":"https:\/\/www.infokuryr.cz\/n\/wp-json\/wp\/v2\/media?parent=77230"}],"wp:term":[{"taxonomy":"category","embeddable":true,"href":"https:\/\/www.infokuryr.cz\/n\/wp-json\/wp\/v2\/categories?post=77230"},{"taxonomy":"post_tag","embeddable":true,"href":"https:\/\/www.infokuryr.cz\/n\/wp-json\/wp\/v2\/tags?post=77230"}],"curies":[{"name":"wp","href":"https:\/\/api.w.org\/{rel}","templated":true}]}}