{"id":77223,"date":"2025-04-25T00:18:25","date_gmt":"2025-04-24T22:18:25","guid":{"rendered":"https:\/\/www.infokuryr.cz\/n\/?p=77223"},"modified":"2025-04-24T15:36:50","modified_gmt":"2025-04-24T13:36:50","slug":"pakistan-uzavrel-vzdusny-prostor-indickym-aerolinkam-a-pozastavil-obchod","status":"publish","type":"post","link":"https:\/\/www.infokuryr.cz\/n\/2025\/04\/25\/pakistan-uzavrel-vzdusny-prostor-indickym-aerolinkam-a-pozastavil-obchod\/","title":{"rendered":"P\u00e1kist\u00e1n uzav\u0159el vzdu\u0161n\u00fd prostor indick\u00fdm aerolink\u00e1m a pozastavil obchod"},"content":{"rendered":"<div id=\"fb-root\"><\/div>\n<h3>Tento krok p\u0159ich\u00e1z\u00ed pot\u00e9, co Nov\u00e9 Dill\u00ed po smrt\u00edc\u00edm teroristick\u00e9m \u00fatoku zastavilo smlouvu o sd\u00edlen\u00ed vody<\/h3>\n<p>P\u00e1kist\u00e1n ozn\u00e1mil uzav\u0159en\u00ed sv\u00e9ho vzdu\u0161n\u00e9ho prostoru pro v\u0161echny indick\u00e9 leteck\u00e9 spole\u010dnosti a pozastaven\u00ed obchodu s Dill\u00ed s okam\u017eitou platnost\u00ed po \u010dtvrte\u010dn\u00edm zased\u00e1n\u00ed V\u00fdboru pro n\u00e1rodn\u00ed bezpe\u010dnost v Isl\u00e1m\u00e1b\u00e1du.<\/p>\n<p>Tento krok p\u0159ich\u00e1z\u00ed pot\u00e9, co Nov\u00e9 Dill\u00ed omezilo diplomatick\u00e9 vztahy s Isl\u00e1m\u00e1b\u00e1dem a pozastavilo smlouvu o vyu\u017e\u00edv\u00e1n\u00ed vod syst\u00e9mu \u0159eky Indus ob\u011bma n\u00e1rody.<\/p>\n<p><em>\u201eP\u00e1kist\u00e1n vehementn\u011b odm\u00edt\u00e1 indick\u00e9 ozn\u00e1men\u00ed o pozastaven\u00ed smlouvy o vod\u00e1ch Indus\u2026 Jak\u00fdkoli pokus zastavit nebo odklonit tok vody pat\u0159\u00edc\u00ed P\u00e1kist\u00e1nu podle smlouvy o vod\u00e1ch Indus\u2026 bude pova\u017eov\u00e1n za v\u00e1le\u010dn\u00fd akt a bude na n\u011bj odpov\u011bzeno plnou silou,\u201c<\/em>\u00a0uvedl \u00fa\u0159ad premi\u00e9ra Muhammada Shehbaze Sharifa v prohl\u00e1\u0161en\u00ed. Smlouva neobsahuje \u017e\u00e1dn\u00e9 ustanoven\u00ed o jednostrann\u00e9m pozastaven\u00ed, poznamenal.<\/p>\n<p>Mezi odvetn\u00e1 opat\u0159en\u00ed P\u00e1kist\u00e1nu pat\u0159\u00ed pozastaven\u00ed kl\u00ed\u010dov\u00fdch dvoustrann\u00fdch dohod a p\u0159eshrani\u010dn\u00edch spojen\u00ed, v\u010detn\u011b hrani\u010dn\u00edho p\u0159echodu Wagah. Prohl\u00e1\u0161en\u00ed dodalo, \u017ee p\u00e1kist\u00e1nsk\u00fd vzdu\u0161n\u00fd prostor bude okam\u017eit\u011b uzav\u0159en pro v\u0161echny leteck\u00e9 spole\u010dnosti vlastn\u011bn\u00e9 nebo provozovan\u00e9 v Indii. Byl tak\u00e9 pozastaven ve\u0161ker\u00fd obchod s Indi\u00ed, v\u010detn\u011b z\u00e1silek do a ze t\u0159et\u00edch zem\u00ed p\u0159es P\u00e1kist\u00e1n.<\/p>\n<p>\u00da\u0159ady dodaly, \u017ee v\u0161echna v\u00edza ud\u011blen\u00e1 indick\u00fdm st\u00e1tn\u00edm p\u0159\u00edslu\u0161n\u00edk\u016fm v r\u00e1mci programu SAARC Visa Exemption Scheme (SVES) byla pozastavena. Indi\u010dt\u00ed ob\u010dan\u00e9, kte\u0159\u00ed jsou v sou\u010dasn\u00e9 dob\u011b v P\u00e1kist\u00e1nu pod SVES, s v\u00fdjimkou sikhsk\u00fdch poutn\u00edk\u016f, byli instruov\u00e1ni, aby ode\u0161li do 48 hodin.<\/p>\n<p>Isl\u00e1m\u00e1b\u00e1d d\u00e1le prohl\u00e1sil indick\u00e9 obrann\u00e9, n\u00e1mo\u0159n\u00ed a leteck\u00e9 poradce s\u00eddl\u00edc\u00ed v p\u00e1kist\u00e1nsk\u00e9m hlavn\u00edm m\u011bst\u011b za personu non grata. S platnost\u00ed od 30. dubna tak\u00e9 na\u0159\u00eddila sn\u00ed\u017een\u00ed po\u010dtu zam\u011bstnanc\u016f indick\u00e9 vysok\u00e9 komise v Isl\u00e1m\u00e1b\u00e1du na 30 diplomat\u016f a person\u00e1lu.<\/p>\n<p>Opat\u0159en\u00ed odpov\u00eddaj\u00ed opat\u0159en\u00edm, kter\u00e1 ve st\u0159edu p\u0159ijalo Dill\u00ed. Tento krok byl reakc\u00ed na brut\u00e1ln\u00ed \u00fatok v oblasti Ka\u0161m\u00edru spravovan\u00e9 Indi\u00ed, kter\u00fd si vy\u017e\u00e1dal 26 mrtv\u00fdch \u2013 v\u011bt\u0161inou turist\u016f \u2013 a des\u00edtky zran\u011bn\u00fdch. K \u00fatoku do\u0161lo v \u00fater\u00fd odpoledne v \u00fadol\u00ed Baisaran, malebn\u00e9m m\u00edst\u011b v Pahalgamu zn\u00e1m\u00e9m jako \u201emini \u0160v\u00fdcarsko\u201c. K odpov\u011bdnosti se \u00fadajn\u011b p\u0159ihl\u00e1sila Fronta odporu, militantn\u00ed skupina, o kter\u00e9 se p\u0159edpokl\u00e1d\u00e1, \u017ee je napojen\u00e1 na Lashkar-e-Taiba s\u00eddl\u00edc\u00ed v P\u00e1kist\u00e1nu.<\/p>\n<p>Nov\u00e9 Dill\u00ed uvedlo, \u017ee jeho opat\u0159en\u00ed z\u016fstanou v platnosti,\u00a0<em>\u201edokud P\u00e1kist\u00e1n v\u011brohodn\u011b a neodvolateln\u011b nez\u0159ekne svou podporu p\u0159eshrani\u010dn\u00edmu terorismu\u201c.<\/em><\/p>\n<p>Isl\u00e1m\u00e1b\u00e1d odm\u00edtl tvrzen\u00ed Indie, \u017ee P\u00e1kist\u00e1n byl spojen s n\u00e1sil\u00edm v Ka\u0161m\u00edru, a obvinil Dill\u00ed z utla\u010dov\u00e1n\u00ed regionu a jeho v\u011bt\u0161inov\u011b muslimsk\u00e9ho obyvatelstva.<\/p>\n<p>&#8222;P\u0159i absenci jak\u00e9hokoli d\u016fv\u011bryhodn\u00e9ho vy\u0161et\u0159ov\u00e1n\u00ed a ov\u011b\u0159iteln\u00fdch d\u016fkaz\u016f jsou pokusy spojit \u00fatok Pahalgam s P\u00e1kist\u00e1nem lehkov\u00e1\u017en\u00e9, postr\u00e1daj\u00ed racionalitu a logiku por\u00e1\u017eky,&#8220;\u00a0uvedl \u00fa\u0159ad premi\u00e9ra.Dodala, \u017ee Indie\u00a0<em>\u201emus\u00ed odolat poku\u0161en\u00ed vyu\u017e\u00edt takov\u00e9 tragick\u00e9 incidenty ve sv\u016fj prosp\u011bch a p\u0159evz\u00edt plnou odpov\u011bdnost za sv\u00e9 selh\u00e1n\u00ed p\u0159i zaji\u0161\u0165ov\u00e1n\u00ed bezpe\u010dnosti lidem\u201c.<\/em><\/p>\n<p><em>\u201eOpot\u0159ebovan\u00fd indick\u00fd p\u0159\u00edb\u011bh o ob\u011bti nem\u016f\u017ee zast\u00edrat svou vlastn\u00ed vinu p\u0159i podn\u011bcov\u00e1n\u00ed terorismu na p\u00e1kist\u00e1nsk\u00e9 p\u016fd\u011b, ani nem\u016f\u017ee odv\u00e9st pozornost od systematick\u00e9ho a st\u00e1tem podporovan\u00e9ho \u00fatlaku a poru\u0161ov\u00e1n\u00ed lidsk\u00fdch pr\u00e1v,\u201c<\/em>\u00a0dodal Isl\u00e1m\u00e1b\u00e1d s t\u00edm, \u017ee m\u00e1\u00a0<em>\u201enezpochybniteln\u00e9 d\u016fkazy\u201c<\/em>\u00a0o indick\u00e9m sponzorovan\u00e9m terorismu v P\u00e1kist\u00e1nu.<\/p>\n<p>Ka\u0161m\u00edr, neklidn\u00fd region pod\u00e9l indicko-p\u00e1kist\u00e1nsk\u00e9 hranice, je ji\u017e dlouho ohniskem mezi ob\u011bma zem\u011bmi, p\u0159i\u010dem\u017e ob\u011b si jej prohla\u0161uj\u00ed za sv\u016fj. Nov\u00e9 Dill\u00ed opakovan\u011b obvinilo Isl\u00e1m\u00e1b\u00e1d z podpory p\u0159eshrani\u010dn\u00edho terorismu, zat\u00edmco Isl\u00e1m\u00e1b\u00e1d obvi\u0148uje Indii z poru\u0161ov\u00e1n\u00ed lidsk\u00fdch pr\u00e1v v\u016f\u010di v\u011bt\u0161inov\u00e9 muslimsk\u00e9 populaci v regionu.<\/p>\n<p><img decoding=\"async\" loading=\"lazy\" class=\"alignnone size-full wp-image-71983\" src=\"http:\/\/www.infokuryr.cz\/n\/wp-content\/uploads\/2025\/02\/aaa.jpg\" alt=\"\" width=\"89\" height=\"23\" \/><\/p>\n<p>&nbsp;<\/p>\n","protected":false},"excerpt":{"rendered":"<p>Tento krok p\u0159ich\u00e1z\u00ed pot\u00e9, co Nov\u00e9 Dill\u00ed po smrt\u00edc\u00edm teroristick\u00e9m \u00fatoku zastavilo smlouvu o sd\u00edlen\u00ed&#8230;<\/p>\n","protected":false},"author":2,"featured_media":77224,"comment_status":"closed","ping_status":"closed","sticky":false,"template":"","format":"standard","meta":[],"categories":[7],"tags":[79,129,814],"_links":{"self":[{"href":"https:\/\/www.infokuryr.cz\/n\/wp-json\/wp\/v2\/posts\/77223"}],"collection":[{"href":"https:\/\/www.infokuryr.cz\/n\/wp-json\/wp\/v2\/posts"}],"about":[{"href":"https:\/\/www.infokuryr.cz\/n\/wp-json\/wp\/v2\/types\/post"}],"author":[{"embeddable":true,"href":"https:\/\/www.infokuryr.cz\/n\/wp-json\/wp\/v2\/users\/2"}],"replies":[{"embeddable":true,"href":"https:\/\/www.infokuryr.cz\/n\/wp-json\/wp\/v2\/comments?post=77223"}],"version-history":[{"count":0,"href":"https:\/\/www.infokuryr.cz\/n\/wp-json\/wp\/v2\/posts\/77223\/revisions"}],"wp:featuredmedia":[{"embeddable":true,"href":"https:\/\/www.infokuryr.cz\/n\/wp-json\/wp\/v2\/media\/77224"}],"wp:attachment":[{"href":"https:\/\/www.infokuryr.cz\/n\/wp-json\/wp\/v2\/media?parent=77223"}],"wp:term":[{"taxonomy":"category","embeddable":true,"href":"https:\/\/www.infokuryr.cz\/n\/wp-json\/wp\/v2\/categories?post=77223"},{"taxonomy":"post_tag","embeddable":true,"href":"https:\/\/www.infokuryr.cz\/n\/wp-json\/wp\/v2\/tags?post=77223"}],"curies":[{"name":"wp","href":"https:\/\/api.w.org\/{rel}","templated":true}]}}