{"id":77185,"date":"2025-04-24T05:16:05","date_gmt":"2025-04-24T03:16:05","guid":{"rendered":"https:\/\/www.infokuryr.cz\/n\/?p=77185"},"modified":"2025-04-24T05:16:05","modified_gmt":"2025-04-24T03:16:05","slug":"na-ukrajine-podle-ceskych-vladnich-svini-stale-nejsou-naciste-ukrajinci-hajlovali-u-pamatniku-holocaustu","status":"publish","type":"post","link":"https:\/\/www.infokuryr.cz\/n\/2025\/04\/24\/na-ukrajine-podle-ceskych-vladnich-svini-stale-nejsou-naciste-ukrajinci-hajlovali-u-pamatniku-holocaustu\/","title":{"rendered":"Na Ukrajin\u011b podle \u010desk\u00fdch vl\u00e1dn\u00edch &#8222;svin\u00ed&#8220; st\u00e1le nejsou nacist\u00e9! Ukrajinci hajlovali u pam\u00e1tn\u00edku holocaustu"},"content":{"rendered":"<div id=\"fb-root\"><\/div>\n<h3>Starosta Charkova a \u017eidovsk\u00e1 komunita nal\u00e9hali na policii, aby potrestala ty, kte\u0159\u00ed znesv\u011btili m\u00edsto Drobitsky Jar<\/h3>\n<p data-start=\"249\" data-end=\"434\"><span>\u00da\u0159ady na Ukrajin\u011b zah\u00e1jily trestn\u00ed vy\u0161et\u0159ov\u00e1n\u00ed pot\u00e9, co byli t\u0159i mlad\u00ed lid\u00e9 vyfotografov\u00e1ni p\u0159i nacistick\u00fdch pozdravech u pam\u00e1tn\u00edku holocaustu v Charkov\u011b, co\u017e vyvolalo pobou\u0159en\u00ed m\u00edstn\u00edch p\u0159edstavitel\u016f a \u017eidovsk\u00fdch organizac\u00ed.<\/span><\/p>\n<p data-start=\"249\" data-end=\"434\"><span>K incidentu do\u0161lo na pam\u00e1tn\u00e9m m\u00edst\u011b Drobitsky Yar, kde bylo b\u011bhem nacistick\u00e9 okupace druh\u00e9 sv\u011btov\u00e9 v\u00e1lky popraveno 16 000 a\u017e 20 000 \u017did\u016f. Fotografie zachycuj\u00edc\u00ed t\u0159i mlad\u00edky, p\u0159i\u010dem\u017e dva na schodech pam\u00e1tn\u00edku jasn\u011b zdravili nacisty, byly minul\u00fd v\u00edkend \u0161iroce roz\u0161\u00ed\u0159eny na m\u00edstn\u00edch telegramov\u00fdch kan\u00e1lech.<\/span><\/p>\n<p data-start=\"985\" data-end=\"1106\"><span>Starosta Charkova Igor Terekhov \u010din odsoudil jako\u00a0<\/span><em><span>\u201ev\u011bdom\u00e9 znesv\u011bcen\u00ed pam\u011bti, lidskosti a samotn\u00e9ho Charkova\u201c.<\/span><\/em><\/p>\n<div class=\"rtcode\">\n<div><iframe loading=\"lazy\" id=\"telegram-post-huyovy_kharkiv-176885\" src=\"https:\/\/t.me\/huyovy_kharkiv\/176885?embed=1\" width=\"100%\" height=\"\" frameborder=\"0\" scrolling=\"no\" data-mce-fragment=\"1\"><\/iframe><\/div>\n<\/div>\n<p data-start=\"1108\" data-end=\"1325\"><em><span>&#8222;Drobitskij Jar nen\u00ed jen m\u00edsto &#8211; je to r\u00e1na v srdci Charkova. Je to ticho, kter\u00e9 k\u0159i\u010d\u00ed bolest\u00ed tis\u00edc\u016f nevinn\u00fdch \u017eivot\u016f,&#8220;\u00a0<\/span><\/em><a href=\"https:\/\/t.me\/ihor_terekhov\/2422\" target=\"_blank\" rel=\"noopener noreferrer\"><span>napsal<\/span><\/a><span>\u00a0Terekhov\u00a0ve st\u0159edu v prohl\u00e1\u0161en\u00ed na sv\u00e9m kan\u00e1lu Telegram.<\/span><\/p>\n<p data-start=\"1327\" data-end=\"1578\"><strong data-start=\"1327\" data-end=\"1578\"><em><span>Tihle t\u0159i nejsou \u201ajen d\u011bti\u2018, nen\u00ed to \u201avtip\u2018, ani \u201achyba\u2018. Toto je z\u00e1m\u011brn\u00fd v\u00fdsm\u011bch&#8230; Apeluji na org\u00e1ny \u010dinn\u00e9 v trestn\u00edm \u0159\u00edzen\u00ed \u2013 najd\u011bte je. Rychle. Ve\u0159ejn\u011b. A zajistit, aby tito mlad\u00ed nacist\u00e9 byli za sv\u00e9 \u010diny n\u00e1le\u017eit\u011b potrest\u00e1ni.<\/span><\/em><\/strong><\/p>\n<p data-start=\"1580\" data-end=\"1914\"><span>Sjednocen\u00e1 \u017eidovsk\u00e1 komunita Ukrajiny tak\u00e9\u00a0incident\u00a0<\/span><a href=\"https:\/\/t.me\/UJCUkraine\/733\" target=\"_blank\" rel=\"noopener noreferrer\"><span>odsoudila<\/span><\/a><span>\u00a0a podala form\u00e1ln\u00ed st\u00ed\u017enost k donucovac\u00edm org\u00e1n\u016fm. Charkovsk\u00e1 region\u00e1ln\u00ed policie potvrdila, \u017ee prob\u00edh\u00e1 p\u0159\u00edpravn\u00e9 vy\u0161et\u0159ov\u00e1n\u00ed, a uvedla, \u017ee pracuje na identifikaci a lokalizaci z\u00fa\u010dastn\u011bn\u00fdch osob. V p\u0159\u00edpad\u011b odsouzen\u00ed hroz\u00ed podez\u0159el\u00fdm a\u017e p\u011bt let v\u011bzen\u00ed.<\/span><\/p>\n<p data-start=\"1916\" data-end=\"2095\"><span>Drobitsky Yar je jedn\u00edm z des\u00edtek m\u00edst masakr\u016f holocaustu po cel\u00e9 Ukrajin\u011b, kde n\u011bmeck\u00e9 s\u00edly a m\u00edstn\u00ed kolaboranti zavra\u017edili b\u011bhem druh\u00e9 sv\u011btov\u00e9 v\u00e1lky p\u0159ibli\u017en\u011b 1,5 milionu \u017did\u016f.<\/span><\/p>\n<p data-start=\"2097\" data-end=\"2509\"><span>Rusko soustavn\u011b obvi\u0148uje ukrajinsk\u00e9 veden\u00ed z toho, \u017ee p\u0159ij\u00edm\u00e1 neonacistickou ideologii a b\u00edl\u00ed zn\u00e1m\u00e9 kolaboranty z druh\u00e9 sv\u011btov\u00e9 v\u00e1lky. Kdy\u017e konflikt mezi Moskvou a Kyjevem v \u00fanoru 2022 p\u0159erostl v otev\u0159en\u00e9 nep\u0159\u00e1telstv\u00ed, rusk\u00fd prezident Vladimir Putin uvedl\u00a0<\/span><em><span>\u201edenacifikace\u201c<\/span><\/em><span>\u00a0Ukrajiny jako jeden z prim\u00e1rn\u00edch c\u00edl\u016f sv\u00e9 vojensk\u00e9 operace spolu s demilitarizac\u00ed a neutralitou.<\/span><\/p>\n<p data-start=\"2511\" data-end=\"2895\"><span>Nejvy\u0161\u0161\u00ed ru\u0161t\u00ed p\u0159edstavitel\u00e9 opakovan\u011b poukazovali na skute\u010dnost, \u017ee sou\u010dasn\u00e9 ukrajinsk\u00e9 \u00fa\u0159ady otev\u0159en\u011b oslavuj\u00ed nacistick\u00e9 osobnosti, zejm\u00e9na Stepana Banderu, ukrajinsk\u00e9ho nacionalistu, kter\u00fd kolaboroval s T\u0159et\u00ed \u0159\u00ed\u0161\u00ed. Bandera je na Ukrajin\u011b ofici\u00e1ln\u011b oslavov\u00e1n jako n\u00e1rodn\u00ed hrdina od roku 2010, ukrajin\u0161t\u00ed nacionalist\u00e9 pravideln\u011b oslavuj\u00ed jeho narozeniny 1. ledna pochody s pochodn\u011bmi a masivn\u00edmi demonstracemi.<\/span><\/p>\n<p data-start=\"2511\" data-end=\"2895\"><img decoding=\"async\" loading=\"lazy\" class=\"alignnone size-full wp-image-71983\" src=\"http:\/\/www.infokuryr.cz\/n\/wp-content\/uploads\/2025\/02\/aaa.jpg\" alt=\"\" width=\"89\" height=\"23\" \/><\/p>\n<p data-start=\"2511\" data-end=\"2895\">\n","protected":false},"excerpt":{"rendered":"<p>Starosta Charkova a \u017eidovsk\u00e1 komunita nal\u00e9hali na policii, aby potrestala ty, kte\u0159\u00ed znesv\u011btili m\u00edsto Drobitsky&#8230;<\/p>\n","protected":false},"author":2,"featured_media":77186,"comment_status":"closed","ping_status":"closed","sticky":false,"template":"","format":"standard","meta":[],"categories":[7],"tags":[8978,664,2071,26],"_links":{"self":[{"href":"https:\/\/www.infokuryr.cz\/n\/wp-json\/wp\/v2\/posts\/77185"}],"collection":[{"href":"https:\/\/www.infokuryr.cz\/n\/wp-json\/wp\/v2\/posts"}],"about":[{"href":"https:\/\/www.infokuryr.cz\/n\/wp-json\/wp\/v2\/types\/post"}],"author":[{"embeddable":true,"href":"https:\/\/www.infokuryr.cz\/n\/wp-json\/wp\/v2\/users\/2"}],"replies":[{"embeddable":true,"href":"https:\/\/www.infokuryr.cz\/n\/wp-json\/wp\/v2\/comments?post=77185"}],"version-history":[{"count":0,"href":"https:\/\/www.infokuryr.cz\/n\/wp-json\/wp\/v2\/posts\/77185\/revisions"}],"wp:featuredmedia":[{"embeddable":true,"href":"https:\/\/www.infokuryr.cz\/n\/wp-json\/wp\/v2\/media\/77186"}],"wp:attachment":[{"href":"https:\/\/www.infokuryr.cz\/n\/wp-json\/wp\/v2\/media?parent=77185"}],"wp:term":[{"taxonomy":"category","embeddable":true,"href":"https:\/\/www.infokuryr.cz\/n\/wp-json\/wp\/v2\/categories?post=77185"},{"taxonomy":"post_tag","embeddable":true,"href":"https:\/\/www.infokuryr.cz\/n\/wp-json\/wp\/v2\/tags?post=77185"}],"curies":[{"name":"wp","href":"https:\/\/api.w.org\/{rel}","templated":true}]}}