{"id":77182,"date":"2025-04-24T05:08:18","date_gmt":"2025-04-24T03:08:18","guid":{"rendered":"https:\/\/www.infokuryr.cz\/n\/?p=77182"},"modified":"2025-04-24T05:08:18","modified_gmt":"2025-04-24T03:08:18","slug":"kreml-eu-chce-valku-ne-rozhovory","status":"publish","type":"post","link":"https:\/\/www.infokuryr.cz\/n\/2025\/04\/24\/kreml-eu-chce-valku-ne-rozhovory\/","title":{"rendered":"Kreml: \u201eEU chce v\u00e1lku, ne rozhovory\u201c"},"content":{"rendered":"<div id=\"fb-root\"><\/div>\n<h3>Blok se postavil proti snah\u00e1m Moskvy a Washingtonu zprost\u0159edkovat m\u00edrovou dohodu v ukrajinsk\u00e9m konfliktu, \u0159ekl mluv\u010d\u00ed Dmitrij Peskov<\/h3>\n<p><span>Mluv\u010d\u00ed Kremlu Dmitrij Peskov uvedl, \u017ee EU br\u00e1n\u00ed americko-rusk\u00fdm diplomatick\u00fdm snah\u00e1m o ukon\u010den\u00ed ukrajinsk\u00e9ho konfliktu a m\u00edsto toho pracuje na prodlou\u017een\u00ed nep\u0159\u00e1telstv\u00ed.<\/span><\/p>\n<p><span>\u0158ekl to ve st\u0159edu v rozhovoru pro francouzsk\u00fd \u010dasopis Le Point.<\/span><\/p>\n<p><span>Podle Peskova EU jasn\u011b uk\u00e1zala, \u017ee j\u00ed chyb\u00ed nez\u00e1vislost, a po eskalaci ukrajinsk\u00e9ho konfliktu v roce 2022 se zd\u00e1lo, \u017ee\u00a0<\/span><em><span>\u201ecel\u00fd kontinent\u201c<\/span><\/em><span>\u00a0pracuje pro administrativu b\u00fdval\u00e9ho americk\u00e9ho prezidenta Joea Bidena.<\/span><\/p>\n<p><span>V\u011bci se zm\u011bnily pot\u00e9, co se Donald Trump v lednu vr\u00e1til do B\u00edl\u00e9ho domu, \u0159ekl Peskov a dodal, \u017ee nyn\u00ed\u00a0<\/span><em><span>\u201eWashington mluv\u00ed o m\u00edru\u201c,<\/span><\/em><span>\u00a0zat\u00edmco\u00a0<\/span><em><span>\u201eEvropan\u00e9 mluv\u00ed pouze o v\u00e1lce\u201c.<\/span><\/em><\/p>\n<p><span>Moskva a Washington letos uspo\u0159\u00e1daly n\u011bkolik kol setk\u00e1n\u00ed na vysok\u00e9 \u00farovni zam\u011b\u0159en\u00fdch na dosa\u017een\u00ed m\u00edrov\u00e9 dohody. Mezit\u00edm je postoj EU \u0161iroce vn\u00edm\u00e1n jako podkop\u00e1v\u00e1n\u00ed jak\u00e9koli \u0161ance na pr\u016flom. Z\u00e1padoevrop\u0161t\u00ed n\u00e1\u010deln\u00edci obrany v \u010dele s Velkou Brit\u00e1ni\u00ed a Franci\u00ed se tento m\u011bs\u00edc se\u0161li, aby projednali rozm\u00edst\u011bn\u00ed\u00a0<\/span><em><span>\u201ezaji\u0161\u0165ovac\u00edch\u201c<\/span><\/em><span>\u00a0sil na Ukrajinu, navzdory varov\u00e1n\u00edm z Moskvy.<\/span><\/p>\n<p><span>V b\u0159eznu Evropsk\u00e1 komise navrhla pl\u00e1n p\u0159ezbrojen\u00ed ve v\u00fd\u0161i 840 miliard dolar\u016f, kter\u00fd m\u00e1 odradit Rusko a zachovat vojenskou pomoc Kyjevu.<\/span><\/p>\n<p><span>Moskva opakovan\u011b kritizovala dod\u00e1vky zbran\u00ed EU na Ukrajinu a odsoudila pl\u00e1ny na rozm\u00edst\u011bn\u00ed jednotek a obvinila blok ze snahy roz\u0161\u00ed\u0159it svou vojenskou p\u0159\u00edtomnost a prodlou\u017eit konflikt, m\u00edsto aby usiloval o urovn\u00e1n\u00ed.<\/span><\/p>\n<p><span>Na ot\u00e1zku, zda Rusko p\u0159ijme EU u jednac\u00edho stolu, Peskov odpov\u011bd\u011bl:\u00a0<\/span><em><span>&#8222;Nen\u00ed o \u010dem vyjedn\u00e1vat &#8211; Evropa chce v\u00e1lku, ne rozhovory. Nebudeme je nutit!&#8220;<\/span><\/em><\/p>\n<p><span>\u0158ekl tak\u00e9:\u00a0<\/span><em><span>&#8222;Evropan\u00e9 n\u00e1s cht\u011bli u\u010dit demokracii, neust\u00e1le kritizovali [prezidenta Vladimira] Putina,&#8220;<\/span><\/em><span>\u00a0dodal\u00a0<\/span><em><span>&#8222;u\u017e nechceme \u017e\u00e1dn\u00e9 p\u0159edn\u00e1\u0161ky od Evropan\u016f! Nechceme, aby n\u00e1m pokrytci \u0159\u00edkali, co m\u00e1me d\u011blat!&#8220;<\/span><\/em><\/p>\n<p><span>Ru\u0161t\u00ed p\u0159edstavitel\u00e9 trvaj\u00ed na tom, \u017ee kl\u00ed\u010dem k dosa\u017een\u00ed trval\u00e9ho m\u00edru je\u00a0uzn\u00e1n\u00ed teritori\u00e1ln\u00ed\u00a0<\/span><em><span>\u201ereality na m\u00edst\u011b\u201c<\/span><\/em><span>\u00a0. Moskva d\u00e1le po\u017eaduje, aby Kyjev demilitarizoval, denacifikoval, zachoval neutralitu a z\u016fstal mimo NATO.<\/span><\/p>\n<p><span>Putin nast\u00ednil rusk\u00e9 po\u017eadavky v \u010dervenci, p\u0159ipomn\u011bl Peskov a zd\u016fraznil,\u00a0<\/span><em><span>\u201ea\u0165 u\u017e je m\u00edrovou cestou nebo vojenskou cestou dos\u00e1hneme\u201c.<\/span><\/em><\/p>\n<p><img decoding=\"async\" loading=\"lazy\" class=\"alignnone size-full wp-image-71983\" src=\"http:\/\/www.infokuryr.cz\/n\/wp-content\/uploads\/2025\/02\/aaa.jpg\" alt=\"\" width=\"89\" height=\"23\" \/><\/p>\n<p>&nbsp;<\/p>\n","protected":false},"excerpt":{"rendered":"<p>Blok se postavil proti snah\u00e1m Moskvy a Washingtonu zprost\u0159edkovat m\u00edrovou dohodu v ukrajinsk\u00e9m konfliktu, \u0159ekl&#8230;<\/p>\n","protected":false},"author":2,"featured_media":75393,"comment_status":"closed","ping_status":"closed","sticky":false,"template":"","format":"standard","meta":[],"categories":[7],"tags":[41,1065,40],"_links":{"self":[{"href":"https:\/\/www.infokuryr.cz\/n\/wp-json\/wp\/v2\/posts\/77182"}],"collection":[{"href":"https:\/\/www.infokuryr.cz\/n\/wp-json\/wp\/v2\/posts"}],"about":[{"href":"https:\/\/www.infokuryr.cz\/n\/wp-json\/wp\/v2\/types\/post"}],"author":[{"embeddable":true,"href":"https:\/\/www.infokuryr.cz\/n\/wp-json\/wp\/v2\/users\/2"}],"replies":[{"embeddable":true,"href":"https:\/\/www.infokuryr.cz\/n\/wp-json\/wp\/v2\/comments?post=77182"}],"version-history":[{"count":0,"href":"https:\/\/www.infokuryr.cz\/n\/wp-json\/wp\/v2\/posts\/77182\/revisions"}],"wp:featuredmedia":[{"embeddable":true,"href":"https:\/\/www.infokuryr.cz\/n\/wp-json\/wp\/v2\/media\/75393"}],"wp:attachment":[{"href":"https:\/\/www.infokuryr.cz\/n\/wp-json\/wp\/v2\/media?parent=77182"}],"wp:term":[{"taxonomy":"category","embeddable":true,"href":"https:\/\/www.infokuryr.cz\/n\/wp-json\/wp\/v2\/categories?post=77182"},{"taxonomy":"post_tag","embeddable":true,"href":"https:\/\/www.infokuryr.cz\/n\/wp-json\/wp\/v2\/tags?post=77182"}],"curies":[{"name":"wp","href":"https:\/\/api.w.org\/{rel}","templated":true}]}}