{"id":77170,"date":"2025-04-24T04:32:14","date_gmt":"2025-04-24T02:32:14","guid":{"rendered":"https:\/\/www.infokuryr.cz\/n\/?p=77170"},"modified":"2025-04-24T04:32:14","modified_gmt":"2025-04-24T02:32:14","slug":"rusko-ukrajina-obtizna-cesta-k-miru","status":"publish","type":"post","link":"https:\/\/www.infokuryr.cz\/n\/2025\/04\/24\/rusko-ukrajina-obtizna-cesta-k-miru\/","title":{"rendered":"Rusko &#8211; Ukrajina: obt\u00ed\u017en\u00e1 cesta k m\u00edru"},"content":{"rendered":"<div id=\"fb-root\"><\/div>\n<p><strong>Ukon\u010den\u00ed konfliktu mezi Ruskem a Ukrajinou se uk\u00e1zalo b\u00fdt slo\u017eit\u011bj\u0161\u00ed, ne\u017e Washington p\u0159edpokl\u00e1dal.<\/strong><\/p>\n<p>Term\u00edn stanoven\u00fd Donaldem Trumpem pro ukon\u010den\u00ed alespo\u0148 hork\u00e9 f\u00e1ze konfliktu mezi Ruskem a Ukrajinou vypr\u0161el. M\u00edsto 90denn\u00edho p\u0159\u00edm\u011b\u0159\u00ed s n\u00e1sledn\u00fdm prodlou\u017een\u00edm na neur\u010dito v\u0161ak bylo vyhl\u00e1\u0161eno pouze kr\u00e1tk\u00e9 velikono\u010dn\u00ed p\u0159\u00edm\u011b\u0159\u00ed. To sice neznamen\u00e1 selh\u00e1n\u00ed Trumpovy strategie (proto\u017ee jedn\u00e1n\u00ed pokra\u010duj\u00ed a rozhodn\u011b nen\u00ed vylou\u010deno, \u017ee budou brzy uzav\u0159ena), ale nen\u00ed to ani jeho moment\u00e1ln\u00ed triumf. Zat\u00edm se nejedn\u00e1 o \u017e\u00e1dn\u00fd \u00fasp\u011bch hodn\u00fd Nobelovy ceny za m\u00edr. Existuje pouze p\u0159esv\u011bd\u010div\u00fd d\u016fkaz, \u017ee ne v\u0161echny mezin\u00e1rodn\u00ed konflikty lze vy\u0159e\u0161it kaval\u00edrskou diplomatickou ofenzivou, i kdy\u017e americk\u00fd prezident tvrd\u00ed opak.<\/p>\n<p>V rusko-americk\u00e9m vyjedn\u00e1vac\u00edm procesu, stejn\u011b jako v souvisej\u00edc\u00edch jedn\u00e1n\u00edch (zahrnuj\u00edc\u00edch Ukrajinu a evropsk\u00e9 spojence Spojen\u00fdch st\u00e1t\u016f), z\u016fst\u00e1v\u00e1 p\u0159ed \u0161irokou ve\u0159ejnost\u00ed skryto p\u0159\u00edli\u0161 mnoho. Trump se domn\u00edv\u00e1, \u017ee jedn\u00e1n\u00ed o slo\u017eit\u00fdch ot\u00e1zk\u00e1ch preferuj\u00ed ml\u010den\u00ed a \u017ee ve\u0159ejnost se mus\u00ed spokojit s neust\u00e1l\u00fdm uji\u0161\u0165ov\u00e1n\u00edm B\u00edl\u00e9ho domu, \u017ee je v\u0161e v po\u0159\u00e1dku.<\/p>\n<p>Americk\u00fd prezident a jeho t\u00fdm prost\u0159ednictv\u00edm m\u00e9di\u00ed a ve\u0159ejn\u00fdch prohl\u00e1\u0161en\u00ed d\u016frazn\u011b signalizuj\u00ed, \u017ee B\u00edl\u00fd d\u016fm se nespokoj\u00ed s jedn\u00e1n\u00edm jen kv\u016fli samotn\u00e9mu procesu. Je t\u0159eba dos\u00e1hnout hmatateln\u00e9ho v\u00fdsledku, a to co nejrychleji. Posledn\u00ed takov\u00e9 prohl\u00e1\u0161en\u00ed u\u010dinil p\u0159ed Velikonocemi americk\u00fd ministr zahrani\u010d\u00ed Marco Rubio po jedn\u00e1n\u00ed v Pa\u0159\u00ed\u017ei se z\u00e1stupci Velk\u00e9 Brit\u00e1nie, Francie a Ukrajiny. \u201eMus\u00edme tady a te\u010f, v nejbli\u017e\u0161\u00edch dnech, ur\u010dit, zda je p\u0159\u00edm\u011b\u0159\u00ed dosa\u017eiteln\u00e9 v kr\u00e1tkodob\u00e9m horizontu. Proto\u017ee pokud ne, m\u00e1me i jin\u00e9 priority,\u201c\u00a0<a href=\"https:\/\/www.reuters.com\/world\/us-ready-abandon-efforts-broker-russia-ukraine-peace-deal-rubio-says-2025-04-18\/\" target=\"_blank\" rel=\"external noopener\">prohl\u00e1sil<\/a>.<\/p>\n<p>Slova ministra zahrani\u010d\u00ed ost\u0159e kontrastovala s t\u00edm, co ve stejn\u00fd den\u00a0<a href=\"https:\/\/www.reuters.com\/world\/us-vice-president-says-he-is-optimistic-russia-ukraine-war-can-be-ended-2025-04-18\/\" target=\"_blank\" rel=\"external noopener\">\u0159ekl<\/a>\u00a0viceprezident J. D. Vance. Ten prohl\u00e1sil, \u017ee je \u201eoptimistick\u00fd \u201c ohledn\u011b vyhl\u00eddek na obnoven\u00ed m\u00edru na Ukrajin\u011b. Co to znamen\u00e1? Je to d\u016fkaz\u00a0<a href=\"https:\/\/www.reuters.com\/world\/trump-officials-eye-longer-road-ukraine-peace-frustration-mounts-2025-04-01\/\" target=\"_blank\" rel=\"external noopener\">neshod<\/a>\u00a0v Trumpov\u011b t\u00fdmu, o nich\u017e opakovan\u011b informoval americk\u00fd tisk s odvol\u00e1n\u00edm pouze na anonymn\u00ed zdroje? Nebo snad Rubio prost\u011b dostal za \u00fakol konstatovat skute\u010dnost a odhalit skute\u010dn\u00e9 z\u00e1m\u011bry americk\u00e9ho prezidenta?<\/p>\n<p>Rubiovy koment\u00e1\u0159e by se daly vykl\u00e1dat jako varov\u00e1n\u00ed Evropan\u016fm, \u017ee pokud nebudou s Trumpem spolupracovat, jsou Spojen\u00e9 st\u00e1ty p\u0159ipraveny p\u0159estat Ukrajinu podporovat \u00fapln\u011b a ponechat ji napospas osudu. V m\u00e9di\u00edch se objevil jasn\u00fd obraz, \u017ee je to Kreml, kdo zdr\u017euje m\u00edrovou dohodu a v dialogu s Ameri\u010dany se \u0159\u00edd\u00ed z\u00e1sadou \u201echcete p\u0159\u00edm\u011b\u0159\u00ed, tak se sna\u017ete: spl\u0148te na\u0161e podm\u00ednky, zru\u0161te sankce, p\u0159ij\u010fte k n\u00e1m\u201c. Vid\u00ed v\u0161ak Trump situaci stejn\u011b?<\/p>\n<p>Hlavn\u00ed p\u0159ek\u00e1\u017ekou by pro n\u011bj mohli b\u00fdt Evropan\u00e9. Nep\u0159\u00edpustnost \u00fazemn\u00edch \u00fastupk\u016f ze strany Ukrajiny a zru\u0161en\u00ed sankc\u00ed v\u016f\u010di Rusku je z\u00e1sadn\u00ed postoj EU, kter\u00fd sd\u00edl\u00ed naprost\u00e1 v\u011bt\u0161ina jej\u00edch \u010dlensk\u00fdch st\u00e1t\u016f. A Steve Witkoff, kter\u00fd m\u00e1 v Trumpov\u011b t\u00fdmu na starosti kontakty s Kremlem, ji\u017e n\u011bkolikr\u00e1t nazna\u010dil, \u017ee vzd\u00e1n\u00ed se \u010d\u00e1sti \u00fazem\u00ed Kyjevem je nevyhnuteln\u00e9.<\/p>\n<p>Je tak\u00e9 mo\u017en\u00e9, \u017ee Rubio Moskvu varuje. Pokud je p\u0159\u00edm\u011b\u0159\u00ed nedosa\u017eiteln\u00e9, pak se st\u00e1v\u00e1 p\u0159ijateln\u00fdm p\u0159\u00edstup, o kter\u00e9m Trump hovo\u0159il ji\u017e b\u011bhem sv\u00e9 volebn\u00ed kampan\u011b: vojensk\u00e1 pomoc Ukrajin\u011b se prudce zv\u00fd\u0161\u00ed, aby jej\u00ed p\u0159evaha nad Ruskem byla velmi v\u00fdrazn\u00e1. Krom\u011b toho americk\u00fd prezident opakovan\u011b zd\u016fraznil, \u017ee arzen\u00e1l ekonomick\u00fdch opat\u0159en\u00ed k ovliv\u0148ov\u00e1n\u00ed Ruska nen\u00ed pro Ameri\u010dany vy\u010derp\u00e1n. Nen\u00ed jist\u00e9, zda tomu tak skute\u010dn\u011b je: zat\u00edm nikdo z p\u0159edstavitel\u016f Trumpova t\u00fdmu neup\u0159esnil, jak\u00e9 dal\u0161\u00ed tvrd\u00e9 sankce by B\u00edl\u00fd d\u016fm mohl zav\u00e9st, ani\u017e by to zp\u016fsobilo ur\u010dit\u00e9 \u0161kody z\u00e1padn\u00edm ekonomik\u00e1m. Zv\u00fd\u0161en\u00ed dod\u00e1vek zbran\u00ed na Ukrajinu v\u0161ak v \u017e\u00e1dn\u00e9m p\u0159\u00edpad\u011b nen\u00ed pro americk\u00fd rozpo\u010det nep\u0159ekonateln\u00fdm \u00fakolem.<\/p>\n<p>V tomto p\u0159\u00edpad\u011b se v\u0161ak Trump bude muset z\u0159\u00edci sl\u00e1vy velk\u00e9ho m\u00edrotvorce, kter\u00fd se roze\u0161el s politikou Joea Bidena. Rozhodn\u011b se nezap\u00ed\u0161e do d\u011bjin jako prezident, kter\u00fd podle vlastn\u00edch slov \u201eukon\u010duje v\u00e1lky, m\u00edsto aby je zahajoval\u201c.<\/p>\n<p><b>Elsa Boillyov\u00e1<\/b><\/p>\n<div class=\"podcarou\">\n<p><a href=\"https:\/\/www.observateur-continental.fr\/?module=articles&amp;action=view&amp;id=6853\" target=\"_blank\" rel=\"external noopener\">Russie \u2013 Ukraine: le difficile chemin vers la paix<\/a>\u00a0vy\u0161el 22.5.2025 na observateur-continental.fr. Vybral a p\u0159elo\u017eil<a href=\"https:\/\/zvedavec.news\/komentare\/2025\/04\/10483-rusko-ukrajina-obtizna-cesta-k-miru.htm\"> Zv\u011bdavec.<\/a><\/p>\n<p>&nbsp;<\/p>\n<\/div>\n","protected":false},"excerpt":{"rendered":"<p>Ukon\u010den\u00ed konfliktu mezi Ruskem a Ukrajinou se uk\u00e1zalo b\u00fdt slo\u017eit\u011bj\u0161\u00ed, ne\u017e Washington p\u0159edpokl\u00e1dal. Term\u00edn stanoven\u00fd&#8230;<\/p>\n","protected":false},"author":2,"featured_media":77171,"comment_status":"closed","ping_status":"closed","sticky":false,"template":"","format":"standard","meta":[],"categories":[7],"tags":[1060,1503,565,22,26],"_links":{"self":[{"href":"https:\/\/www.infokuryr.cz\/n\/wp-json\/wp\/v2\/posts\/77170"}],"collection":[{"href":"https:\/\/www.infokuryr.cz\/n\/wp-json\/wp\/v2\/posts"}],"about":[{"href":"https:\/\/www.infokuryr.cz\/n\/wp-json\/wp\/v2\/types\/post"}],"author":[{"embeddable":true,"href":"https:\/\/www.infokuryr.cz\/n\/wp-json\/wp\/v2\/users\/2"}],"replies":[{"embeddable":true,"href":"https:\/\/www.infokuryr.cz\/n\/wp-json\/wp\/v2\/comments?post=77170"}],"version-history":[{"count":0,"href":"https:\/\/www.infokuryr.cz\/n\/wp-json\/wp\/v2\/posts\/77170\/revisions"}],"wp:featuredmedia":[{"embeddable":true,"href":"https:\/\/www.infokuryr.cz\/n\/wp-json\/wp\/v2\/media\/77171"}],"wp:attachment":[{"href":"https:\/\/www.infokuryr.cz\/n\/wp-json\/wp\/v2\/media?parent=77170"}],"wp:term":[{"taxonomy":"category","embeddable":true,"href":"https:\/\/www.infokuryr.cz\/n\/wp-json\/wp\/v2\/categories?post=77170"},{"taxonomy":"post_tag","embeddable":true,"href":"https:\/\/www.infokuryr.cz\/n\/wp-json\/wp\/v2\/tags?post=77170"}],"curies":[{"name":"wp","href":"https:\/\/api.w.org\/{rel}","templated":true}]}}