{"id":77168,"date":"2025-04-24T04:29:25","date_gmt":"2025-04-24T02:29:25","guid":{"rendered":"https:\/\/www.infokuryr.cz\/n\/?p=77168"},"modified":"2025-04-24T04:29:25","modified_gmt":"2025-04-24T02:29:25","slug":"nejvetsi-justicni-skandal-v-nemecke-historii-tajna-sluzba-chce-za-kazdou-cenu-umlcet-dr-fuellmicha-za-pravdu-o-covide","status":"publish","type":"post","link":"https:\/\/www.infokuryr.cz\/n\/2025\/04\/24\/nejvetsi-justicni-skandal-v-nemecke-historii-tajna-sluzba-chce-za-kazdou-cenu-umlcet-dr-fuellmicha-za-pravdu-o-covide\/","title":{"rendered":"Nejv\u011bt\u0161\u00ed justi\u010dn\u00ed skand\u00e1l v n\u011bmeck\u00e9 historii: Tajn\u00e1 slu\u017eba chce za ka\u017edou cenu uml\u010det Dr. Fuellmicha za pravdu o covid\u011b"},"content":{"rendered":"<div id=\"fb-root\"><\/div>\n<p><span>Dr. Reiner Fuellmich je mezin\u00e1rodn\u011b zn\u00e1m\u00fd a uzn\u00e1van\u00fd za svou pr\u00e1ci jako pr\u00e1vn\u00edk na ochranu spot\u0159ebitel\u016f, kter\u00fd vyhr\u00e1l velk\u00e9 soudn\u00ed spory proti korporac\u00edm jako Volkswagen, K\u00fchne &amp; Nagel a Deutsche Bank.<\/span><\/p>\n<p><span>Byl jedn\u00edm z prvn\u00edch, kte\u0159\u00ed rozpoznali, \u017ee covidov\u00e1 opat\u0159en\u00ed p\u0159edstavovala zlo\u010diny proti lidskosti, proto se rozhodl spolu se t\u0159emi dal\u0161\u00edmi pr\u00e1vn\u00edky vytvo\u0159it \u201eCorona vy\u0161et\u0159ovac\u00ed v\u00fdbor\u201c, jeho\u017e c\u00edlem bylo objasnit kroky vl\u00e1d, ve\u0159ejn\u00fdch instituc\u00ed a l\u00e9ka\u0159sk\u00e9 komunity v kontextu takzvan\u00e9 \u201epandemie\u201c.<\/span><\/p>\n<p><span>D\u00edky sv\u00e9 brilantn\u00ed investigativn\u00ed pr\u00e1ci a po konzultac\u00edch s v\u00edce ne\u017e 150 v\u011bdci a odborn\u00edky z cel\u00e9ho sv\u011bta z r\u016fzn\u00fdch v\u011bdn\u00edch obor\u016f, jako\u017e is mnoha inform\u00e1tory (z Pfizeru, WHO, CDC, OSN), dok\u00e1zal shrom\u00e1\u017edit mno\u017estv\u00ed d\u016fkaz\u016f o tom, co naz\u00fdv\u00e1 \u201enejv\u011bt\u0161\u00edm zlo\u010dinem, jak\u00fd kdy byl sp\u00e1ch\u00e1n\u201c.<\/span><\/p>\n<p><span>A byl p\u0159ipraven jednat.<\/span><\/p>\n<p><span>N\u011bmeck\u00e9 tajn\u00e9 slu\u017eby ve spolupr\u00e1ci s g\u00f6ttingensk\u00fdm prokur\u00e1torem Simonem Phillipem Johnem a dal\u0161\u00edmi Fuellmichov\u00fdmi \u017ealobci se v\u0161ak rozhodly vykonstruovat proti Fuellmichovi p\u0159\u00edpad s c\u00edlem jej zastavit.<\/span><\/p>\n<p><span>Dnes se nach\u00e1z\u00ed ve vy\u0161et\u0159ovac\u00ed vazb\u011b a je obvin\u011bn ze zpronev\u011bry 700 000 eur, ale ve skute\u010dnosti to neud\u011blal.<\/span><\/p>\n<p><span>Bezprost\u0159edn\u00ed hrozba zabaven\u00ed bankovn\u00edch \u00fa\u010dt\u016f \u201eCorona vy\u0161et\u0159ovac\u00edho v\u00fdboru\u201c n\u011bmeckou vl\u00e1dou b\u011bhem pandemie, spolu s rizikem, \u017ee ji\u017e nebudou moci vyu\u017e\u00edvat finan\u010dn\u00ed prost\u0159edky z\u00edskan\u00e9 soukrom\u00fdmi dary k prov\u00e1d\u011bn\u00ed sv\u00e9 vy\u0161et\u0159ovac\u00ed pr\u00e1ce, vedly Reinera Fuellmicha a Viviane Fischerovou k podniknut\u00ed krok\u016f na ochranu t\u011bchto finan\u010dn\u00edch prost\u0159edk\u016f.<\/span><\/p>\n<p><span>Koupili zlato v hodnot\u011b 1 milion eur (aktu\u00e1ln\u00ed hodnota: 1,8 milionu eur) a ka\u017ed\u00fd si vzal osobn\u00ed p\u016fj\u010dky (700 000 eur Reiner Fuellmich a 100 000 eur Vivian Fischerov\u00e1). Jejich \u00fav\u011brov\u00e9 smlouvy jsou v \u0159\u00e1dn\u00e9 ofici\u00e1ln\u00ed p\u00edsemn\u00e9 form\u011b.<\/span><\/p>\n<h2><span>Obvin\u011bn\u00ed bylo tak prokazateln\u011b nesmysln\u00e9, \u017ee si st\u00e1t musel vymyslet dal\u0161\u00ed<\/span><\/h2>\n<p><span>Kdy\u017e obhajoba prok\u00e1zala chybnost p\u016fvodn\u00edho obvin\u011bn\u00ed, kter\u00e9 tvrdilo, \u017ee Fuellmich nem\u011bl pravomoc vz\u00edt si osobn\u00ed p\u016fj\u010dku bez souhlasu druh\u00e9ho \u010dlena v\u00fdboru, soudce musel vymyslet nov\u00e9 obvin\u011bn\u00ed, aby ospravedlnil Fuellmichovo dal\u0161\u00ed v\u011bzn\u011bn\u00ed.<\/span><\/p>\n<p><span>Soudce proto prohl\u00e1sil, \u017ee p\u016fj\u010dky byly \u201efale\u0161n\u00e9\u201c.<\/span><\/p>\n<p><span>Zaj\u00edmav\u00e9 je, \u017ee p\u0159edchoz\u00ed hlavn\u00ed prokur\u00e1tor z G\u00f6ttingenu Reinicke, jeho\u017e tajn\u00e9 slu\u017eby po\u017e\u00e1daly, aby zah\u00e1jil vy\u0161et\u0159ov\u00e1n\u00ed Fuellmicha, jasn\u011b uvedl, \u017ee neexistuj\u00ed \u017e\u00e1dn\u00e9 d\u016fvody pro jeho vy\u0161et\u0159ov\u00e1n\u00ed, a p\u0159\u00edpad v \u010dervnu 2022 uzav\u0159el a odlo\u017eil do archivu.<\/span><\/p>\n<p><span>Jen o dva a p\u016fl m\u011bs\u00edce pozd\u011bji mlad\u00fd, nezku\u0161en\u00fd prokur\u00e1tor jm\u00e9nem Simon Phillip John byl p\u0159elo\u017een z Hanoveru do G\u00f6ttingenu a pov\u011b\u0159en ud\u011blat \u0161pinavou pr\u00e1ci, kterou Reinicke p\u0159edt\u00edm ud\u011blat odm\u00edtl.<\/span><\/p>\n<p><span>Soudce Carsten Schindler, jako\u017e i prokur\u00e1tor John, se v\u0161ak bez jak\u00fdchkoli pochybnost\u00ed \u0159\u00edd\u00ed pokyny n\u011bkoho jin\u00e9ho.<\/span><\/p>\n<p><span>Dr. Reiner Fuellmich je ji\u017e 18 m\u011bs\u00edc\u016f nez\u00e1konn\u011b dr\u017een ve vy\u0161et\u0159ovac\u00ed vazb\u011b v n\u011bmeck\u00e9m v\u011bzen\u00ed s maxim\u00e1ln\u00edm stupn\u011bm hl\u00edd\u00e1n\u00ed v Rosdorfu. A to i p\u0159esto, \u017ee maxim\u00e1ln\u00ed d\u00e9lka vy\u0161et\u0159ovac\u00ed vazby v N\u011bmecku je 6 m\u011bs\u00edc\u016f.<\/span><\/p>\n<p><span>Pot\u00e9, co ho pod fale\u0161nou z\u00e1minkou vyl\u00e1kali na n\u011bmeck\u00fd konzul\u00e1t v Mexiku, byl n\u00e1sledn\u011b tajn\u00fdmi agenty unesen a deportov\u00e1n do N\u011bmecka \u2013 dokonce bez mezin\u00e1rodn\u00edho zatyka\u010de \u010di form\u00e1ln\u00edho p\u0159\u00edkazu k vyd\u00e1n\u00ed \u2013 kde byl ihned po p\u0159\u00edjezdu zat\u010den a uv\u011bzn\u011bn.<\/span><\/p>\n<p><span>Okolnosti jeho nez\u00e1konn\u00e9ho zat\u010den\u00ed a n\u00e1sledn\u00e9ho \u0161patn\u00e9ho zach\u00e1zen\u00ed ve v\u011bzen\u00ed jsou velmi znepokojuj\u00edc\u00ed.<\/span><\/p>\n<h2><span>V\u011bzn\u011bn\u00ed na samotce a pokra\u010duj\u00edc\u00ed t\u00fdr\u00e1n\u00ed<\/span><\/h2>\n<p><span>Od \u010dervna 2024 do prosince 2024 byl Dr. Reiner Fuellmich um\u00edst\u011bn na samotce. Ofici\u00e1ln\u00edm d\u016fvodem bylo, \u017ee spoluv\u011bz\u0148\u016fm poskytoval pr\u00e1vn\u00ed poradenstv\u00ed. Je tak\u00e9 vystavov\u00e1n r\u016fzn\u00fdm form\u00e1m zneu\u017e\u00edv\u00e1n\u00ed a t\u00fdr\u00e1n\u00ed, \u010d\u00edm\u017e se jasn\u011b poru\u0161uj\u00ed jeho lidsk\u00e1 pr\u00e1va.<\/span><\/p>\n<p><span>Za\u017e\u00edv\u00e1 fyzick\u00e9 i psychick\u00e9 t\u00fdr\u00e1n\u00ed, v\u010detn\u011b prodlou\u017een\u00e9 samovazby, byl zbaven slune\u010dn\u00edho z\u00e1\u0159en\u00ed, fyzick\u00e9 aktivity venku, je mu odp\u00edr\u00e1n sp\u00e1nek, je nucen vybrat si mezi osprchov\u00e1n\u00edm nebo hodinov\u00fdm pobytem venku a dokonce mu je zakazov\u00e1no volat sv\u00fdm pr\u00e1vn\u00edkem.<\/span><\/p>\n<p><span>Krom\u011b p\u00e1r kr\u00e1tk\u00fdch (a monitorovan\u00fdch) telefon\u00e1t\u016f p\u0159es Skype svou man\u017eelku od sv\u00e9ho zat\u010den\u00ed nevid\u011bl.<\/span><\/p>\n<p><span>M\u00e1 povoleno jen 3 hodiny m\u011bs\u00ed\u010dn\u011b n\u00e1v\u0161t\u011bv a telefon\u00e1t\u016f. Krom\u011b toho mu byla odep\u0159ena adekv\u00e1tn\u00ed l\u00e9ka\u0159sk\u00e1 p\u00e9\u010de, v\u010detn\u011b jednoduch\u00e9ho p\u0159\u00edstupu k vitam\u00edn\u016fm.<\/span><\/p>\n<p><span>Nav\u00edc Dr. Reiner Fuellmich nesm\u011bl nav\u0161t\u00edvit svou um\u00edraj\u00edc\u00ed matku ani z\u00fa\u010dastnit se jej\u00edho poh\u0159bu.<\/span><\/p>\n<p><span>Nelidsk\u00e9 podm\u00ednky ve v\u011bzen\u00ed, jako\u017e i zp\u016fsob, jak\u00fdm prob\u00edh\u00e1 proces s n\u00edm, vyvol\u00e1vaj\u00ed v\u00e1\u017en\u00e9 pochybnosti o \u00farovni dodr\u017eov\u00e1n\u00ed z\u00e1kladn\u00edch lidsk\u00fdch pr\u00e1v v N\u011bmecku. (Pozn\u00e1mka: Inu, jednou fa\u0161ist\u00e9, nav\u017edy fa\u0161ist\u00e9.)<\/span><\/p>\n<p><span>Od 10. \u010dervna 2024 do sou\u010dasnosti je Dr. Reiner Fuellmich po prohl\u00eddce t\u011bla p\u0159iv\u00e1d\u011bn k soudu a odv\u00e1d\u011bn zp\u011bt do v\u011bzen\u00ed v okov\u00fdch a poutech, v doprovodu ozbrojen\u00fdch p\u0159\u00edslu\u0161n\u00edk\u016f policie v obrn\u011bn\u00fdch vozidlech, jako kdyby byl s\u00e9riov\u00fdm vrahem!<\/span><\/p>\n<h2><span>Sv\u011bdk\u016fm zak\u00e1zali vypov\u011bd\u011bt, obh\u00e1jci dost\u00e1vaj\u00ed hrozby\u2026 Jak\u00e1 je to spravedlnost?<\/span><\/h2>\n<p><span>Dr. Fuellmichovi je odep\u00edr\u00e1n spravedliv\u00fd soudn\u00ed proces, proto\u017ee jak\u00e9koli n\u00e1vrhy p\u0159edlo\u017een\u00e9 jeho obh\u00e1jci jsou bez vysv\u011btlen\u00ed zam\u00edt\u00e1ny.<\/span><\/p>\n<p><span>Od \u010dervence 2024 soudce Schindler na\u0159\u00eddil, aby se n\u00e1vrhy na obhajobu a argumenty m\u00edsto toho, aby se nahlas \u010detly soudu, od nyn\u011bj\u0161ka p\u0159edkl\u00e1daly pouze v p\u00edsemn\u00e9 form\u011b, co\u017e br\u00e1n\u00ed pozorovatel\u016fm soudu pochopit a \u0159\u00e1dn\u011b zdokumentovat soudn\u00ed \u0159\u00edzen\u00ed.<\/span><\/p>\n<p><span>Stejn\u011b jako Fuellmichovi obh\u00e1jci, i pozorovatel\u00e9 soudn\u00edho \u0159\u00edzen\u00ed z \u0159ad ve\u0159ejnosti jsou zastra\u0161ov\u00e1ni.<\/span><\/p>\n<p><span>Krom\u011b toho, \u017ee soudce Schindler neumo\u017enil sv\u011bdk\u016fm obhajoby zaujmout stanovisko, vytrvale odm\u00edt\u00e1 dovolit osob\u011b, kter\u00e1 pen\u00edze skute\u010dn\u011b p\u0159ijala, sv\u011bd\u010dit u soudu.<\/span><\/p>\n<h2><span>Dr. Fuellmich chce prezentovat svoji z\u00e1v\u011bre\u010dnou \u0159e\u010d, ale soud se ho sna\u017e\u00ed uml\u010det<\/span><\/h2>\n<p><span>Toto soudn\u00ed \u0159\u00edzen\u00ed, kter\u00e9 p\u0159edstavuje tot\u00e1ln\u00ed fra\u0161kou, je moment\u00e1ln\u011b v z\u00e1v\u011bre\u010dn\u00e9 f\u00e1zi.<\/span><\/p>\n<p><span>Kdy\u017e to p\u00ed\u0161eme, obh\u00e1jci dokon\u010dili sv\u00e9 z\u00e1v\u011bre\u010dn\u00e9 \u0159e\u010di a Fuellmich za\u010dal p\u0159edn\u00e1\u0161et svou posledn\u00ed z\u00e1v\u011bre\u010dnou \u0159e\u010d p\u0159ed soudem, kter\u00fd ho s c\u00edlem uml\u010det nejm\u00e9n\u011b 12kr\u00e1t p\u0159eru\u0161il a napomn\u011bl.<\/span><\/p>\n<p><span>Existuje obava, \u017ee soud m\u016f\u017ee Fuellmichovi stanovit \u010dasov\u00fd limit pro p\u0159ednesen\u00ed jeho z\u00e1v\u011bre\u010dn\u00e9 obhajoby, jak to u\u010dinili jeho obh\u00e1jcem, \u010d\u00edm\u017e je p\u0159inut\u00ed zkr\u00e1tit z\u00e1v\u011bre\u010dn\u00e1 prohl\u00e1\u0161en\u00ed.<\/span><\/p>\n<h2><span>N\u011bmeck\u00e9 tajn\u00e9 slu\u017eby se rozhodly zastavit doktora Fuellmicha v odhalov\u00e1n\u00ed pravdy<\/span><\/h2>\n<p><span>B\u011bhem 51 soudn\u00edch sly\u0161en\u00ed jsme byli sv\u011bdky ni\u010deho men\u0161\u00edho ne\u017e stra\u0161n\u00e9ho p\u0159\u00edkladu ma\u0159en\u00ed spravedlnosti \u2013 co\u017e je jinak v N\u011bmecku trestn\u00fd \u010din \u2013 kter\u00fd potvrzuje z\u00e1m\u011br n\u011bmeck\u00fdch tajn\u00fdch slu\u017eeb vyj\u00e1d\u0159en\u00fd v jejich spisu o Reineru Fuellmichovi z roku 2021.<\/span><\/p>\n<p><span>Tento spis p\u0159edlo\u017eil soudu jeden z Fuellmichov\u00fdch obh\u00e1jc\u016f. Specifikovalo, \u017ee Fuellmich m\u00e1 b\u00fdt zastaven \u201eza ka\u017edou cenu\u201c, \u017ee \u201eje t\u0159eba p\u0159ipravit proti n\u011bmu trestn\u00ed \u0159\u00edzen\u00ed, v\u010detn\u011b spolupr\u00e1ce st\u00e1tn\u00edch z\u00e1stupc\u016f a vhodn\u00fdch t\u0159et\u00edch stran\u201c a prov\u00e9st \u201en\u00e1bor a zapojen\u00ed d\u016fv\u011bryhodn\u00fdch osob z Fuellmichov\u00fdch nejbli\u017e\u0161\u00edch\u201c.<\/span><\/p>\n<p><span>Jejich c\u00edlem bylo tak\u00e9 jak\u00fdmkoli zp\u016fsobem zabr\u00e1nit Fuellmichovi z\u00edskat jakoukoli politicky exponovanou pozici. Tato dokumentace, kterou poskytl inform\u00e1tor, dokazuje, \u017ee Dr. Reiner Fuellmich byl pod zvl\u00e1\u0161tn\u00edm dohledem ji\u017e v roce 2021.<\/span><\/p>\n<p><span>Je nepochybn\u00e9, \u017ee Dr. Reinera Fuellmicha museli zastavit, aby mu zabr\u00e1nili pokra\u010dovat v jeho vz\u00e1cn\u00e9 v\u00fdzkumn\u00e9 pr\u00e1ci odhaluj\u00edc\u00ed pravdu o \u201epandemii\u201c, jako\u017e io takzvan\u00fdch \u201evakc\u00edn\u00e1ch\u201c.<\/span><\/p>\n<p><span>Fuellmich je jednozna\u010dn\u011b politick\u00fd v\u011bze\u0148, potrest\u00e1n za to, \u017ee mluvil pravdu. Jeho p\u0159\u00edpad vy\u017eaduje pozornost mezin\u00e1rodn\u00edch organizac\u00ed pro lidsk\u00e1 pr\u00e1va, jako\u017e i rozho\u0159\u010den\u00ed celosv\u011btov\u00e9ho ve\u0159ejn\u00e9ho m\u00edn\u011bn\u00ed.<\/span><\/p>\n<p><span>Vy\u0161et\u0159ovac\u00ed vazba se nikdy nesm\u00ed pou\u017e\u00edt jako n\u00e1stroj k zastaven\u00ed aktivit \u010dlov\u011bka \u010di k potla\u010den\u00ed nebo \u00fapln\u00e9mu nahrazen\u00ed soudn\u00edho syst\u00e9mu ve form\u011b trestu bez legitimn\u00edho odsouzen\u00ed.<\/span><\/p>\n<p><span>Spravedlnost, svoboda projevu a respektov\u00e1n\u00ed z\u00e1kladn\u00edch lidsk\u00fdch pr\u00e1v jsou pil\u00ed\u0159i demokratick\u00e9ho st\u00e1tu nejen pro b\u011b\u017en\u00e9, ale zejm\u00e9na pro ty lidi, kte\u0159\u00ed kladou nep\u0159\u00edjemn\u00e9 ot\u00e1zky a maj\u00ed odvahu ozvat se.<\/span><\/p>\n<h2><span>Pod\u011blte se o Fuellmichovo tr\u00e1pen\u00ed a podepi\u0161te petici<\/span><\/h2>\n<p><span>Jedin\u00fdm c\u00edlem zadr\u017een\u00ed Dr. Fuellmicha bylo uml\u010det ho a potla\u010dit pravdu. Posledn\u00ed, co cht\u011bj\u00ed soudy nebo tajn\u00e1 slu\u017eba, je, aby se o jeho \u00fatrap\u00e1ch dozv\u011bd\u011bla ve\u0159ejnost.<\/span><\/p>\n<p><span>V\u00edte, co m\u00e1te d\u011blat. Pros\u00edme, sd\u00edlejte tento \u010dl\u00e1nek a pomozte n\u00e1m odhalit tyrany a dos\u00e1hnout spravedlnosti pro Dr. Reinera Fuellmicha.<\/span><\/p>\n<p><span>Existuje tak\u00e9 petice na jeho podporu, kterou m\u016f\u017eete podepsat\u00a0<\/span><a href=\"https:\/\/www.thepetitionsite.com\/takeaction\/862\/845\/312\/\" target=\"_blank\" rel=\"noopener\"><span>ZDE<\/span><\/a><span> .<\/span><\/p>\n<p><span>Autor: Rhody Willsonov\u00e1, Zdroj:\u00a0<\/span><a href=\"https:\/\/expose-news.com\/2025\/04\/22\/german-secret-service-dossier-reveals\/\" target=\"_blank\" rel=\"noopener\"><span>expose-news.com<\/span><\/a><\/p>\n<p>&nbsp;<\/p>\n","protected":false},"excerpt":{"rendered":"<p>Dr. Reiner Fuellmich je mezin\u00e1rodn\u011b zn\u00e1m\u00fd a uzn\u00e1van\u00fd za svou pr\u00e1ci jako pr\u00e1vn\u00edk na ochranu&#8230;<\/p>\n","protected":false},"author":2,"featured_media":77169,"comment_status":"closed","ping_status":"closed","sticky":false,"template":"","format":"standard","meta":[],"categories":[7],"tags":[8975,33,84,8974],"_links":{"self":[{"href":"https:\/\/www.infokuryr.cz\/n\/wp-json\/wp\/v2\/posts\/77168"}],"collection":[{"href":"https:\/\/www.infokuryr.cz\/n\/wp-json\/wp\/v2\/posts"}],"about":[{"href":"https:\/\/www.infokuryr.cz\/n\/wp-json\/wp\/v2\/types\/post"}],"author":[{"embeddable":true,"href":"https:\/\/www.infokuryr.cz\/n\/wp-json\/wp\/v2\/users\/2"}],"replies":[{"embeddable":true,"href":"https:\/\/www.infokuryr.cz\/n\/wp-json\/wp\/v2\/comments?post=77168"}],"version-history":[{"count":0,"href":"https:\/\/www.infokuryr.cz\/n\/wp-json\/wp\/v2\/posts\/77168\/revisions"}],"wp:featuredmedia":[{"embeddable":true,"href":"https:\/\/www.infokuryr.cz\/n\/wp-json\/wp\/v2\/media\/77169"}],"wp:attachment":[{"href":"https:\/\/www.infokuryr.cz\/n\/wp-json\/wp\/v2\/media?parent=77168"}],"wp:term":[{"taxonomy":"category","embeddable":true,"href":"https:\/\/www.infokuryr.cz\/n\/wp-json\/wp\/v2\/categories?post=77168"},{"taxonomy":"post_tag","embeddable":true,"href":"https:\/\/www.infokuryr.cz\/n\/wp-json\/wp\/v2\/tags?post=77168"}],"curies":[{"name":"wp","href":"https:\/\/api.w.org\/{rel}","templated":true}]}}