{"id":77166,"date":"2025-04-24T00:35:13","date_gmt":"2025-04-23T22:35:13","guid":{"rendered":"https:\/\/www.infokuryr.cz\/n\/?p=77166"},"modified":"2025-04-23T19:43:58","modified_gmt":"2025-04-23T17:43:58","slug":"izrael-se-chlubi-ze-behem-primeri-zabil-pres-140-clenu-hizballahu","status":"publish","type":"post","link":"https:\/\/www.infokuryr.cz\/n\/2025\/04\/24\/izrael-se-chlubi-ze-behem-primeri-zabil-pres-140-clenu-hizballahu\/","title":{"rendered":"Izrael se chlub\u00ed, \u017ee b\u011bhem p\u0159\u00edm\u011b\u0159\u00ed zabil p\u0159es 140 \u010dlen\u016f Hizball\u00e1hu"},"content":{"rendered":"<div id=\"fb-root\"><\/div>\n<p><strong><span>Izraelsk\u00e9 obrann\u00e9 s\u00edly (IDF) 23. dubna ozn\u00e1mily, \u017ee zabily v\u00edce ne\u017e 140 \u010dlen\u016f Hizball\u00e1hu od doby, kdy loni v listopadu vstoupila v platnost dohoda o p\u0159\u00edm\u011b\u0159\u00ed s Libanonem zprost\u0159edkovan\u00e1 Spojen\u00fdmi st\u00e1ty.<\/span><\/strong><\/p>\n<p><span>V prohl\u00e1\u0161en\u00ed shrnuj\u00edc\u00edm sv\u00e9 aktivity v Libanonu za posledn\u00ed t\u00fdden arm\u00e1da uvedla, \u017ee zabila dev\u011bt \u010dlen\u016f Hizball\u00e1hu a zas\u00e1hla p\u0159es 40 m\u00edst pat\u0159\u00edc\u00edch t\u00e9to skupin\u011b v Libanonu.<\/span><\/p>\n<p><span>\u00dadery byly sou\u010d\u00e1st\u00ed snah zabr\u00e1nit Hizball\u00e1hu v p\u0159ezbrojen\u00ed, dodala arm\u00e1da s t\u00edm, \u017ee c\u00edlem byli \u010dlenov\u00e9 zapojen\u00ed do reorganiza\u010dn\u00edch snah skupiny a ti, kte\u0159\u00ed poru\u0161ovali p\u0159\u00edm\u011b\u0159\u00ed. Zve\u0159ejnila tak\u00e9 z\u00e1b\u011bry ukazuj\u00edc\u00ed n\u011bkter\u00e9 ned\u00e1vn\u00e9 st\u00e1vky.<\/span><\/p>\n<p><span>Posledn\u00ed \u00fader, ke kter\u00e9mu do\u0161lo 22. dubna, zabil \u00fadajn\u00e9ho velitele Hizball\u00e1hu ve m\u011bst\u011b al-Haniyya v ji\u017en\u00edm Libanonu. Velitel byl podle IDF zodpov\u011bdn\u00fd za s\u00edly Hizball\u00e1hu v oblasti Majdal Zoun.<\/span><\/p>\n<p><iframe loading=\"lazy\" src=\"https:\/\/s5.cdnstatic.space\/wp-content\/uploads\/2025\/04\/video_2025-04-23_18-56-11-1.mp4\" width=\"600\" height=\"338\" data-mce-fragment=\"1\"><\/iframe><\/p>\n<p><iframe loading=\"lazy\" src=\"https:\/\/s5.cdnstatic.space\/wp-content\/uploads\/2025\/04\/video_2025-04-23_18-56-15-1.mp4\" width=\"600\" height=\"338\" data-mce-fragment=\"1\"><\/iframe><\/p>\n<p><span>P\u0159\u00edm\u011b\u0159\u00ed, kter\u00e9 vstoupilo v platnost 27. listopadu, m\u011blo do 18. \u00fanora ukon\u010dit v\u0161echny st\u0159ety na izraelsko-libanonsk\u00fdch hranic\u00edch. Izraelsk\u00e1 arm\u00e1da p\u0159esto pokra\u010duje v \u00faderech proti Hizball\u00e1hu. Rovn\u011b\u017e udr\u017euje jednotky na p\u011bti strategick\u00fdch bodech v ji\u017en\u00edm Libanonu.<\/span><\/p>\n<p><span>Hizball\u00e1h se zat\u00edm zdr\u017eel jak\u00e9koli reakce, pravd\u011bpodobn\u011b by tak Izraeli odep\u0159el z\u00e1minku k obnoven\u00ed sv\u00fdch pln\u00fdch operac\u00ed v Libanonu.<\/span><\/p>\n<p><span>P\u0159esto IDF v posledn\u00edch t\u00fddnech eskalovaly sv\u00e9 \u00fadery a zas\u00e1hly nejen Hizball\u00e1h, ale tak\u00e9 bl\u00edzk\u00e9 spojence skupiny.<\/span><\/p>\n<p><span>4. dubna zabil izraelsk\u00fd \u00fader na pob\u0159e\u017en\u00ed m\u011bsto Sidon v ji\u017en\u00edm Libanonu Hassana Farhata, vysok\u00e9ho p\u0159edstavitele palestinsk\u00e9ho Hnut\u00ed Ham\u00e1s. Pozd\u011bji, 22. dubna, byl Hussein Izzat Mohammad Atwi, prominentn\u00ed \u010dlen Isl\u00e1msk\u00e9 skupiny, zabit p\u0159i \u00fatoku izraelsk\u00e9ho dronu na pob\u0159e\u017en\u00ed m\u011bsto Haret al-Naameh le\u017e\u00edc\u00ed ji\u017en\u011b od hlavn\u00edho m\u011bsta Bejr\u00fatu.<\/span><\/p>\n<p><span>Izrael bude pravd\u011bpodobn\u011b nad\u00e1le eskalovat, aby zv\u00fd\u0161il tlak na Hizball\u00e1h, kter\u00fd ji\u017e nyn\u00ed \u010del\u00ed bezprecedentn\u00edmu tlaku libanonsk\u00e9 vl\u00e1dy.<\/span><\/p>\n<p><img decoding=\"async\" loading=\"lazy\" class=\"alignnone size-full wp-image-71983\" src=\"http:\/\/www.infokuryr.cz\/n\/wp-content\/uploads\/2025\/02\/aaa.jpg\" alt=\"\" width=\"89\" height=\"23\" \/><\/p>\n<p>&nbsp;<\/p>\n","protected":false},"excerpt":{"rendered":"<p>Izraelsk\u00e9 obrann\u00e9 s\u00edly (IDF) 23. dubna ozn\u00e1mily, \u017ee zabily v\u00edce ne\u017e 140 \u010dlen\u016f Hizball\u00e1hu od&#8230;<\/p>\n","protected":false},"author":2,"featured_media":62416,"comment_status":"closed","ping_status":"closed","sticky":false,"template":"","format":"standard","meta":[],"categories":[7],"tags":[6772,107,4199,5135,934],"_links":{"self":[{"href":"https:\/\/www.infokuryr.cz\/n\/wp-json\/wp\/v2\/posts\/77166"}],"collection":[{"href":"https:\/\/www.infokuryr.cz\/n\/wp-json\/wp\/v2\/posts"}],"about":[{"href":"https:\/\/www.infokuryr.cz\/n\/wp-json\/wp\/v2\/types\/post"}],"author":[{"embeddable":true,"href":"https:\/\/www.infokuryr.cz\/n\/wp-json\/wp\/v2\/users\/2"}],"replies":[{"embeddable":true,"href":"https:\/\/www.infokuryr.cz\/n\/wp-json\/wp\/v2\/comments?post=77166"}],"version-history":[{"count":1,"href":"https:\/\/www.infokuryr.cz\/n\/wp-json\/wp\/v2\/posts\/77166\/revisions"}],"predecessor-version":[{"id":77167,"href":"https:\/\/www.infokuryr.cz\/n\/wp-json\/wp\/v2\/posts\/77166\/revisions\/77167"}],"wp:featuredmedia":[{"embeddable":true,"href":"https:\/\/www.infokuryr.cz\/n\/wp-json\/wp\/v2\/media\/62416"}],"wp:attachment":[{"href":"https:\/\/www.infokuryr.cz\/n\/wp-json\/wp\/v2\/media?parent=77166"}],"wp:term":[{"taxonomy":"category","embeddable":true,"href":"https:\/\/www.infokuryr.cz\/n\/wp-json\/wp\/v2\/categories?post=77166"},{"taxonomy":"post_tag","embeddable":true,"href":"https:\/\/www.infokuryr.cz\/n\/wp-json\/wp\/v2\/tags?post=77166"}],"curies":[{"name":"wp","href":"https:\/\/api.w.org\/{rel}","templated":true}]}}