{"id":77133,"date":"2025-04-24T00:22:35","date_gmt":"2025-04-23T22:22:35","guid":{"rendered":"https:\/\/www.infokuryr.cz\/n\/?p=77133"},"modified":"2025-04-23T13:43:33","modified_gmt":"2025-04-23T11:43:33","slug":"bkp-co-nyni-po-smrti-pseudopapeze-frantiska-ceka-cirkev","status":"publish","type":"post","link":"https:\/\/www.infokuryr.cz\/n\/2025\/04\/24\/bkp-co-nyni-po-smrti-pseudopapeze-frantiska-ceka-cirkev\/","title":{"rendered":"BKP: Co nyn\u00ed po smrti pseudopape\u017ee Franti\u0161ka \u010dek\u00e1 c\u00edrkev?"},"content":{"rendered":"<div id=\"fb-root\"><\/div>\n<div class=\"f2c-introtext\">\n<div>\n<h3 class=\"-wm-text-build-content\">Co nyn\u00ed po smrti pseudopape\u017ee Franti\u0161ka \u010dek\u00e1 c\u00edrkev? Stoj\u00edme p\u0159ed t\u0159emi z\u00e1kladn\u00edmi ot\u00e1zkami:<\/h3>\n<\/div>\n<\/div>\n<div class=\"f2c-maintext\">\n<p class=\"-wm-text-build-content\"><span style=\"font-size: 14pt;\"><strong>1.<\/strong><\/span>Je katolick\u00e1 c\u00edrkev po zm\u011bn\u011b paradigmat a c\u00edrkevn\u00ed legalizaci h\u0159\u00edch\u016f LGBTQ ve\u00a0<i>Fiducia supplicans<\/i>\u00a0je\u0161t\u011b katolick\u00e1?<\/p>\n<p class=\"-wm-text-build-content\">Odpov\u011b\u010f: V \u017e\u00e1dn\u00e9m p\u0159\u00edpad\u011b u\u017e nen\u00ed.<\/p>\n<p class=\"-wm-text-build-content\"><span style=\"font-size: 14pt;\"><strong>2.<\/strong><\/span> Co d\u011blat pro to, aby c\u00edrkev op\u011bt byla katolickou?<\/p>\n<p class=\"-wm-text-build-content\">Odpov\u011b\u010f: P\u0159edev\u0161\u00edm mus\u00ed b\u00fdt zavrhnuta cesta synod\u00e1ln\u00ed LGBTQ vzpoury proti Bohu.<\/p>\n<p class=\"-wm-text-build-content\"><span style=\"font-size: 14pt;\"><strong>3.<\/strong><\/span>Jak\u00fd kandid\u00e1t pape\u017estv\u00ed m\u016f\u017ee tuto obrodnou reformu realizovat?<\/p>\n<p class=\"-wm-text-build-content\">Odpov\u011b\u010f: To v\u00ed jen s\u00e1m B\u016fh. Ka\u017edop\u00e1dn\u011b by\u00a0<i>Fiducia supplicans<\/i>\u00a0i synod\u00e1ln\u00ed cestu vzpoury zru\u0161il arcibiskup Carlo Maria Vigan\u00f2.<\/p>\n<p>&nbsp;<\/p>\n<div class='videoWrapper'>\r\n\t            <iframe src='https:\/\/rumble.com\/embed\/pj.v6q8f5j\/' frameborder='0' allowfullscreen><\/iframe>\r\n\t        <\/div>\n<\/div>\n<p>&nbsp;<\/p>\n<p><span style=\"font-size: 10pt;\"><a href=\"https:\/\/bcp-video.org\/cz\/co-po-smrti\/\">ZDROJ<\/a><\/span><\/p>\n","protected":false},"excerpt":{"rendered":"<p>Co nyn\u00ed po smrti pseudopape\u017ee Franti\u0161ka \u010dek\u00e1 c\u00edrkev? Stoj\u00edme p\u0159ed t\u0159emi z\u00e1kladn\u00edmi ot\u00e1zkami: 1.Je katolick\u00e1&#8230;<\/p>\n","protected":false},"author":2,"featured_media":77134,"comment_status":"closed","ping_status":"closed","sticky":false,"template":"","format":"standard","meta":[],"categories":[6],"tags":[1503,254,523,889],"_links":{"self":[{"href":"https:\/\/www.infokuryr.cz\/n\/wp-json\/wp\/v2\/posts\/77133"}],"collection":[{"href":"https:\/\/www.infokuryr.cz\/n\/wp-json\/wp\/v2\/posts"}],"about":[{"href":"https:\/\/www.infokuryr.cz\/n\/wp-json\/wp\/v2\/types\/post"}],"author":[{"embeddable":true,"href":"https:\/\/www.infokuryr.cz\/n\/wp-json\/wp\/v2\/users\/2"}],"replies":[{"embeddable":true,"href":"https:\/\/www.infokuryr.cz\/n\/wp-json\/wp\/v2\/comments?post=77133"}],"version-history":[{"count":1,"href":"https:\/\/www.infokuryr.cz\/n\/wp-json\/wp\/v2\/posts\/77133\/revisions"}],"predecessor-version":[{"id":77135,"href":"https:\/\/www.infokuryr.cz\/n\/wp-json\/wp\/v2\/posts\/77133\/revisions\/77135"}],"wp:featuredmedia":[{"embeddable":true,"href":"https:\/\/www.infokuryr.cz\/n\/wp-json\/wp\/v2\/media\/77134"}],"wp:attachment":[{"href":"https:\/\/www.infokuryr.cz\/n\/wp-json\/wp\/v2\/media?parent=77133"}],"wp:term":[{"taxonomy":"category","embeddable":true,"href":"https:\/\/www.infokuryr.cz\/n\/wp-json\/wp\/v2\/categories?post=77133"},{"taxonomy":"post_tag","embeddable":true,"href":"https:\/\/www.infokuryr.cz\/n\/wp-json\/wp\/v2\/tags?post=77133"}],"curies":[{"name":"wp","href":"https:\/\/api.w.org\/{rel}","templated":true}]}}