{"id":77130,"date":"2025-04-24T00:19:10","date_gmt":"2025-04-23T22:19:10","guid":{"rendered":"https:\/\/www.infokuryr.cz\/n\/?p=77130"},"modified":"2025-04-23T13:35:33","modified_gmt":"2025-04-23T11:35:33","slug":"petr-pokorny-budou-ctena-v-plzni-jmena-vojaku-rude-armady-551-432-351-usa-co-zahynuli-za-osvobozeni-ceskoslovenska","status":"publish","type":"post","link":"https:\/\/www.infokuryr.cz\/n\/2025\/04\/24\/petr-pokorny-budou-ctena-v-plzni-jmena-vojaku-rude-armady-551-432-351-usa-co-zahynuli-za-osvobozeni-ceskoslovenska\/","title":{"rendered":"Petr Pokorn\u00fd: Budou \u010dtena v Plzni jm\u00e9na voj\u00e1k\u016f Rud\u00e9 arm\u00e1dy (551 432 + 351 USA), co zahynuli za osvobozen\u00ed \u010ceskoslovenska?"},"content":{"rendered":"<div id=\"fb-root\"><\/div>\n<div class=\"introtext\">\n<p><strong>Kolik padlo americk\u00fdch voj\u00e1k\u016f p\u0159i osvobozen\u00ed Plzn\u011b? Na za\u010d\u00e1tku roku 1945 bylo nacistick\u00e9 N\u011bmecko u\u017e ve zna\u010dn\u00e9m rozkladu a gener\u00e1lovi Pattonovi se zoufal\u00ed n\u011bme\u010dt\u00ed voj\u00e1ci vzd\u00e1vali sami!<\/strong><\/p>\n<\/div>\n<div class=\"fulltext\">\n<p>Dodnes nikdo nevysv\u011btlil, pro\u010d se na konci v\u00e1lky bombardovaly \u0160kodovy z\u00e1vody, Gambrinus Plze\u0148 a dal\u0161\u00ed podniky. A nikdo se n\u00e1m neomlouv\u00e1 za zabit\u00e9 ob\u010dany americk\u00fdmi voj\u00e1ky!<\/p>\n<h3>Bombardov\u00e1n\u00ed Prahy americkou arm\u00e1dou v \u010d\u00edslech:<\/h3>\n<p>701 mrtv\u00fdch<br \/>\n1 184 ran\u011bn\u00fdch<br \/>\n152 tun bomb<br \/>\n68 zni\u010den\u00fdch dom\u016f<br \/>\n2 607 po\u0161kozen\u00fdch dom\u016f<\/p>\n<p><em>Zdroj: Vojensk\u00fd historick\u00fd \u00fastav<\/em><\/p>\n<p>\u00datok 62 americk\u00fdch bombard\u00e9r\u016f z osm\u00e9 leteck\u00e9 arm\u00e1dy za\u010dal ve 12:24, na m\u011bsto bylo celkem svr\u017eeno 152,5 tuny pum, z toho bylo 371 t\u0159\u00ed\u0161tiv\u00fdch a 8 000 z\u00e1paln\u00fdch.<\/p>\n<table border=\"4\">\n<tbody>\n<tr>\n<td><strong>Ameri\u010dan\u00e9 mohli osvobodit Plze\u0148 ji\u017e 30. dubna,<\/strong>\u00a0ale gener\u00e1l Patton, aby u\u0161et\u0159il sv\u00e9 voj\u00e1ky, alibisticky \u010dekal, a\u017e v Plzni vypukne povst\u00e1n\u00ed (<strong>5.kv\u011btna 1945<\/strong>) a pak teprve bez boje &#8222;osvobodil&#8220; (<strong>6.kv\u011btna 1945 rozj\u00e1san\u00e9 ulice<\/strong>) na\u017eehledn\u00fd gener\u00e1l Plze\u0148 s ohromn\u00fdm mno\u017estv\u00fdm \u017ev\u00fdka\u010dek a vo\u0148avek, kter\u00e9 samoz\u0159ejm\u011b rozlo\u017eily n\u011bmeckou arm\u00e1du. To musel b\u00fdt dozajista t\u011b\u017ek\u00fd, \u017ev\u00fdka\u010dkov\u00fd boj.\u00a0<strong>Byl zabit jeden americk\u00fd voj\u00e1k<\/strong>\u00a0a proto se tam mus\u00ed d\u011blat mohutn\u00e9 oslavy!<\/td>\n<\/tr>\n<\/tbody>\n<\/table>\n<p>Nejv\u00e1\u017en\u011bj\u0161\u00ed ztr\u00e1ty utrp\u011bl Sov\u011btsk\u00fd svaz,\u00a0 kter\u00fd v pr\u016fb\u011bhu v\u00e1lky p\u0159i\u0161el o\u00a0<strong>27 milion\u016f lid\u00ed<\/strong>. (V\u0161ech)<\/p>\n<h3><strong>Ztr\u00e1ty na \u00fazem\u00ed \u010ceskoslovenska<\/strong><\/h3>\n<p><strong>Ztr\u00e1t sov\u011btsk\u00fdch<\/strong>\u00a0ozbrojen\u00fdch sil\u00a0<strong>p\u0159i osvobozov\u00e1n\u00ed \u010ceskoslovenska<\/strong>\u00a0je uv\u00e1d\u011bno 551 432 osob, co\u017e p\u0159edstavovalo\u00a0<strong>14,18 %<\/strong>\u00a0jejich ztr\u00e1t p\u0159i dob\u00fdv\u00e1n\u00ed a osvobozov\u00e1n\u00ed dev\u00edti evropsk\u00fdch a dvou asijsk\u00fdch zem\u00ed. Z toho trval\u00e9 ztr\u00e1ty (mrtv\u00ed, nezv\u011bstn\u00ed, zajat\u00ed aj.) \u010dinily\u00a0<strong>139 918 osob<\/strong>, z nich\u017e 122 392 padly, zem\u0159ely na zran\u011bn\u00ed a nemoci, a zdravotnick\u00e9 411 514 v\u010detn\u011b 346 044 ran\u011bn\u00fdch, posti\u017een\u00fdch kontuz\u00ed a omrzl\u00fdch.<\/p>\n<p>Ofici\u00e1ln\u00ed z\u00e1v\u011bre\u010dn\u00e1 zpr\u00e1va vy\u010d\u00edslila bojov\u00e9 ztr\u00e1ty\u00a0<strong>americk\u00e9 arm\u00e1dy<\/strong>\u00a0v \u010ceskoslovensku za druh\u00e9 sv\u011btov\u00e9 v\u00e1lky na\u00a0<strong>1230<\/strong>\u00a0osob (351 bojov\u00fdch \u00famrt\u00ed, 408 ran\u011bn\u00fdch, 377 zajat\u00fdch a 94 nezv\u011bstn\u00ed).<\/p>\n<p><strong>P\u0159i osvobozen\u00ed Plzn\u011b padl jedin\u00fd americk\u00fd voj\u00e1k. Pr\u00fd opil\u00fd spadl z korby.\u00a0 (To \u0159ekl do televize jeho spolubojovn\u00edk a pak to bylo sest\u0159\u00edh\u00e1no &#8211; va\u0159ili si samohonky v dislokaci mimo Plze\u0148 a nudili se)<br \/>\n<\/strong><\/p>\n<h3 class=\"big\"><strong>Tomu jednomu voj\u00e1kovi pat\u0159\u00ed n\u00e1le\u017eit\u00e1 \u00facta!<\/strong><\/h3>\n<p>Je fascinuj\u00edc\u00ed, jak propaganda dok\u00e1zala zam\u011bnit chud\u00e1ky od Rumunska, Srbska, v\u0161ech st\u00e1t\u016f b\u00fdval\u00e9ho Sov\u011btsk\u00e9ho svazu a dal\u0161\u00edch za zr\u016fdnou propagandu USA, padl\u00e9 hrdiny z v\u00fdchodu nahradit nabub\u0159el\u00fdm \u0161a\u0161kem Pattonem, bagatelizovat obrovsk\u00e9 ztr\u00e1ty lidsk\u00fdch \u017eivot\u016f z v\u00fdchodu a vyzdvihnout vo\u0148avkovou, \u017ev\u00fdka\u010dkovou arm\u00e1du USA. Nikde se u\u017e nep\u00ed\u0161e, jak americk\u00fd pr\u016fmysl vyd\u00edral cel\u00fd sv\u011bt a vyd\u011blal na v\u00e1lce stra\u0161n\u00e9 pen\u00edze, zat\u00edmco cel\u00fd sv\u011bt lidsky a finan\u010dn\u011b na N\u011bmecku t\u011b\u017ece krv\u00e1cel!<\/p>\n<p><a href=\"https:\/\/www.skrytapravda.cz\/z-domova\/2529-budou-ctena-v-plzni-jmena-vojaku-rude-armady-551-432-351-usa-co-zahynuli-za-osvobozeni-ceskoslovenska\">Petr Pokorn\u00fd<\/a><\/p>\n<p>&nbsp;<\/p>\n<\/div>\n","protected":false},"excerpt":{"rendered":"<p>Kolik padlo americk\u00fdch voj\u00e1k\u016f p\u0159i osvobozen\u00ed Plzn\u011b? Na za\u010d\u00e1tku roku 1945 bylo nacistick\u00e9 N\u011bmecko u\u017e&#8230;<\/p>\n","protected":false},"author":2,"featured_media":77131,"comment_status":"closed","ping_status":"closed","sticky":false,"template":"","format":"standard","meta":[],"categories":[6],"tags":[898,230,231,2369],"_links":{"self":[{"href":"https:\/\/www.infokuryr.cz\/n\/wp-json\/wp\/v2\/posts\/77130"}],"collection":[{"href":"https:\/\/www.infokuryr.cz\/n\/wp-json\/wp\/v2\/posts"}],"about":[{"href":"https:\/\/www.infokuryr.cz\/n\/wp-json\/wp\/v2\/types\/post"}],"author":[{"embeddable":true,"href":"https:\/\/www.infokuryr.cz\/n\/wp-json\/wp\/v2\/users\/2"}],"replies":[{"embeddable":true,"href":"https:\/\/www.infokuryr.cz\/n\/wp-json\/wp\/v2\/comments?post=77130"}],"version-history":[{"count":1,"href":"https:\/\/www.infokuryr.cz\/n\/wp-json\/wp\/v2\/posts\/77130\/revisions"}],"predecessor-version":[{"id":77132,"href":"https:\/\/www.infokuryr.cz\/n\/wp-json\/wp\/v2\/posts\/77130\/revisions\/77132"}],"wp:featuredmedia":[{"embeddable":true,"href":"https:\/\/www.infokuryr.cz\/n\/wp-json\/wp\/v2\/media\/77131"}],"wp:attachment":[{"href":"https:\/\/www.infokuryr.cz\/n\/wp-json\/wp\/v2\/media?parent=77130"}],"wp:term":[{"taxonomy":"category","embeddable":true,"href":"https:\/\/www.infokuryr.cz\/n\/wp-json\/wp\/v2\/categories?post=77130"},{"taxonomy":"post_tag","embeddable":true,"href":"https:\/\/www.infokuryr.cz\/n\/wp-json\/wp\/v2\/tags?post=77130"}],"curies":[{"name":"wp","href":"https:\/\/api.w.org\/{rel}","templated":true}]}}