{"id":77107,"date":"2025-04-24T00:14:50","date_gmt":"2025-04-23T22:14:50","guid":{"rendered":"https:\/\/www.infokuryr.cz\/n\/?p=77107"},"modified":"2025-04-23T12:16:41","modified_gmt":"2025-04-23T10:16:41","slug":"svobodni-zednari-vitaji-dilo-papeze-frantiska-jako-hluboce-konzistentni-s-jejich-principy","status":"publish","type":"post","link":"https:\/\/www.infokuryr.cz\/n\/2025\/04\/24\/svobodni-zednari-vitaji-dilo-papeze-frantiska-jako-hluboce-konzistentni-s-jejich-principy\/","title":{"rendered":"Svobodn\u00ed zedn\u00e1\u0159i v\u00edtaj\u00ed d\u00edlo pape\u017ee Franti\u0161ka jako \u201ehluboce konzistentn\u00ed\u201c s jejich principy"},"content":{"rendered":"<div id=\"fb-root\"><\/div>\n<div class=\"elementor-element elementor-element-1fb4c2c elementor-widget elementor-widget-theme-post-content\" data-id=\"1fb4c2c\" data-element_type=\"widget\" data-widget_type=\"theme-post-content.default\">\n<div class=\"elementor-widget-container\">\n<p><span>Velmistr italsk\u00e9 zedn\u00e1\u0159sk\u00e9 l\u00f3\u017ee zd\u016fraznil, \u017ee \u201esvoboda, rovnost a bratrstv\u00ed\u201c \u2013 hodnoty\u00a0vyzdvihovan\u00e9 jako soci\u00e1ln\u00ed ide\u00e1ly ve Franti\u0161kov\u011b encyklice\u00a0<\/span><em><span>Fratelli tutti \u2013 jsou \u201et\u0159i z\u00e1kladn\u00ed hodnoty svobodn\u00e9ho zedn\u00e1\u0159stv\u00ed\u201c.<\/span><\/em><\/p>\n<p><span>Po smrti pape\u017ee Franti\u0161ka Velk\u00e1 l\u00f3\u017ee It\u00e1lie ocenila jeho pr\u00e1ci jako \u201ehluboce v souladu se z\u00e1sadami svobodn\u00e9ho zedn\u00e1\u0159stv\u00ed\u201c.<\/span><\/p>\n<p><span>\u201eVelk\u00e1 l\u00f3\u017ee It\u00e1lie ALAM se p\u0159ipojuje k celosv\u011btov\u00e9mu smutku za \u00famrt\u00ed pape\u017ee Franti\u0161ka \u2013 pastora, kter\u00fd sv\u00fdm u\u010den\u00edm a sv\u00fdm \u017eivotem zt\u011bles\u0148oval hodnoty bratrstv\u00ed, pokory a snahy o univerz\u00e1ln\u00ed humanismus,\u201c napsal\u00a0v \u00fater\u00fd velmistr l\u00f3\u017ee\u00a0<\/span><a href=\"https:\/\/www.granloggia.it\/francesco-il-papa-degli-ultimi\/\" target=\"_blank\" rel=\"noreferrer noopener\" data-type=\"link\" data-id=\"https:\/\/www.granloggia.it\/francesco-il-papa-degli-ultimi\/\"><span>Luciano Romoli .<\/span><\/a><\/p>\n<div class=\"twitter-tweet twitter-tweet-rendered\"><iframe id=\"twitter-widget-0\" class=\"\" title=\"X Post\" src=\"https:\/\/platform.twitter.com\/embed\/Tweet.html?dnt=false&amp;embedId=twitter-widget-0&amp;features=eyJ0ZndfdGltZWxpbmVfbGlzdCI6eyJidWNrZXQiOltdLCJ2ZXJzaW9uIjpudWxsfSwidGZ3X2ZvbGxvd2VyX2NvdW50X3N1bnNldCI6eyJidWNrZXQiOnRydWUsInZlcnNpb24iOm51bGx9LCJ0ZndfdHdlZXRfZWRpdF9iYWNrZW5kIjp7ImJ1Y2tldCI6Im9uIiwidmVyc2lvbiI6bnVsbH0sInRmd19yZWZzcmNfc2Vzc2lvbiI6eyJidWNrZXQiOiJvbiIsInZlcnNpb24iOm51bGx9LCJ0ZndfZm9zbnJfc29mdF9pbnRlcnZlbnRpb25zX2VuYWJsZWQiOnsiYnVja2V0Ijoib24iLCJ2ZXJzaW9uIjpudWxsfSwidGZ3X21peGVkX21lZGlhXzE1ODk3Ijp7ImJ1Y2tldCI6InRyZWF0bWVudCIsInZlcnNpb24iOm51bGx9LCJ0ZndfZXhwZXJpbWVudHNfY29va2llX2V4cGlyYXRpb24iOnsiYnVja2V0IjoxMjA5NjAwLCJ2ZXJzaW9uIjpudWxsfSwidGZ3X3Nob3dfYmlyZHdhdGNoX3Bpdm90c19lbmFibGVkIjp7ImJ1Y2tldCI6Im9uIiwidmVyc2lvbiI6bnVsbH0sInRmd19kdXBsaWNhdGVfc2NyaWJlc190b19zZXR0aW5ncyI6eyJidWNrZXQiOiJvbiIsInZlcnNpb24iOm51bGx9LCJ0ZndfdXNlX3Byb2ZpbGVfaW1hZ2Vfc2hhcGVfZW5hYmxlZCI6eyJidWNrZXQiOiJvbiIsInZlcnNpb24iOm51bGx9LCJ0ZndfdmlkZW9faGxzX2R5bmFtaWNfbWFuaWZlc3RzXzE1MDgyIjp7ImJ1Y2tldCI6InRydWVfYml0cmF0ZSIsInZlcnNpb24iOm51bGx9LCJ0ZndfbGVnYWN5X3RpbWVsaW5lX3N1bnNldCI6eyJidWNrZXQiOnRydWUsInZlcnNpb24iOm51bGx9LCJ0ZndfdHdlZXRfZWRpdF9mcm9udGVuZCI6eyJidWNrZXQiOiJvbiIsInZlcnNpb24iOm51bGx9fQ%3D%3D&amp;frame=false&amp;hideCard=false&amp;hideThread=false&amp;id=1914682894028804112&amp;lang=cs&amp;origin=https%3A%2F%2Funcutnews.ch%2Ffreimaurerloge-begruesst-das-wirken-von-papst-franziskus-als-tief-uebereinstimmend-mit-ihren-prinzipien%2F&amp;sessionId=94c8439e3e885f2a2bf6ed90061bdb3fe537bb4b&amp;theme=light&amp;widgetsVersion=2615f7e52b7e0%3A1702314776716&amp;width=550px\" frameborder=\"0\" scrolling=\"no\" allowfullscreen=\"allowfullscreen\" data-tweet-id=\"1914682894028804112\" data-mce-fragment=\"1\"><\/iframe><\/div>\n<p><span>\u201eJorge Mario Bergoglio, kter\u00fd p\u0159i\u0161el z \u201akonce sv\u011bta\u2018, dok\u00e1zal prom\u011bnit c\u00edrkev t\u00edm, \u017ee vr\u00e1til revolu\u010dn\u00ed u\u010den\u00ed svat\u00e9ho Franti\u0161ka z Assisi do sou\u010dasnosti,\u201c \u0159ekl Romoli \u2013 i kdy\u017e mezi v\u011brnost\u00ed svat\u00e9ho Franti\u0161ka katolick\u00e9 nauce a \u201erevoluc\u00ed\u201c pape\u017ee Franti\u0161ka, kter\u00fd se otev\u0159el heterodoxii, je z\u00e1sadn\u00ed rozd\u00edl.<\/span><\/p>\n<p><span>Romoli ocenil d\u00edlo pape\u017ee Franti\u0161ka jako \u201ehluboce v souladu s principy svobodn\u00e9ho zedn\u00e1\u0159stv\u00ed\u201c \u2013 co\u017e je pozoruhodn\u00fd koment\u00e1\u0159 vzhledem k tomu, \u017ee zedn\u00e1\u0159stv\u00ed bylo opakovan\u011b a neomyln\u011b odsuzov\u00e1no p\u0159edchoz\u00edmi pape\u017ei jako neslu\u010diteln\u00e9 s katolickou v\u00edrou \u2013 po\u010d\u00ednaje pape\u017eskou bulou\u00a0<\/span><em><span>In eminenti<\/span><\/em><span>\u00a0pape\u017ee Klementa XII. z roku 1738.<\/span><\/p>\n<p><span>Velmistr pouk\u00e1zal na to, \u017ee \u201esvoboda, rovnost a bratrstv\u00ed\u201c \u2013 jak\u00a0jsou prezentov\u00e1ny jako soci\u00e1ln\u00ed ide\u00e1ly v encyklice\u00a0<\/span><em><span>Fratelli tutti \u2013 jsou \u201et\u0159i z\u00e1kladn\u00ed hodnoty svobodn\u00e9ho zedn\u00e1\u0159stv\u00ed\u201c.<\/span><\/em><\/p>\n<p><span>&#8222;P\u0159ekonat rozpory, ideologie a skupinov\u00e9 my\u0161len\u00ed s c\u00edlem rozpoznat bohatstv\u00ed rozd\u00edl\u016f a vybudovat lidstvo sjednocen\u00e9 v rozmanitosti \u2013 to bylo vrouc\u00ed p\u0159\u00e1n\u00ed pape\u017ee Franti\u0161ka. A to je tak\u00e9 c\u00edl, kter\u00fd sleduje Velk\u00e1 l\u00f3\u017ee It\u00e1lie,&#8220; pokra\u010doval Romoli.<\/span><\/p>\n<p><span>Vysv\u011btlil, \u017ee Franti\u0161ek \u201ep\u0159ijal v\u00edru, kter\u00e1 zpochyb\u0148uje sama sebe, p\u0159ij\u00edm\u00e1 pochybnosti a hled\u00e1 dialog \u2013 prvky, kter\u00e9 lze nal\u00e9zt tak\u00e9 v zedn\u00e1\u0159sk\u00e9 metod\u011b zasv\u011bcen\u00ed, kter\u00e1 sleduje cestu za v\u0161echna dogmata a je podporov\u00e1na neust\u00e1l\u00fdm hled\u00e1n\u00edm pravdy\u201c.<\/span><\/p>\n<p><span>&#8222;V t\u00e9to dob\u011b hlubok\u00e9 krize se Velk\u00e1 italsk\u00e1 l\u00f3\u017ee p\u0159ipojuje k v\u00fdzv\u011b pape\u017ee Franti\u0161ka k &#8222;planet\u00e1rn\u00edmu sv\u011bdom\u00ed&#8220;, kter\u00e9 uzn\u00e1v\u00e1 lidstvo jako spole\u010denstv\u00ed se sd\u00edlen\u00fdm osudem. Ct\u00edme jeho pam\u00e1tku t\u00edm, \u017ee nad\u00e1le h\u00e1j\u00edme etiku hranic, respekt k druh\u00fdm a stavbu chr\u00e1mu zalo\u017een\u00e9ho na solidarit\u011b, svobod\u011b my\u0161len\u00ed a univerz\u00e1ln\u00edm bratrstv\u00ed,&#8220; uzav\u0159el Romoli.<\/span><\/p>\n<p><span>Ital\u0161t\u00ed zedn\u00e1\u0159i p\u0159iv\u00edtali Franti\u0161ka hned na za\u010d\u00e1tku jeho pontifik\u00e1tu. Velmistr Gustavo Raffi z Velk\u00e9ho Orientu It\u00e1lie vyj\u00e1d\u0159il sv\u016fj souhlas hned po sv\u00e9m zvolen\u00ed: \u201eBratrstv\u00ed a dialog jsou jeho prvn\u00ed konkr\u00e9tn\u00ed slova \u2013 snad u\u017e nic v c\u00edrkvi nebude jako d\u0159\u00edv.\u201c<\/span><\/p>\n<p><span>Je pozoruhodn\u00e9, \u017ee v roce 1917 svobodn\u00ed zedn\u00e1\u0159i oslavili sv\u00e9 dvoust\u00e9 v\u00fdro\u010d\u00ed pochodem p\u0159ed n\u00e1m\u011bst\u00edm svat\u00e9ho Petra,\u00a0jak poznamenal svat\u00fd Maxmili\u00e1n Kolbe ve sv\u00e9m \u010dasopise\u00a0<\/span><em><span>Militia Immaculatae<\/span><\/em><span>\u00a0. Tam nesli transparenty s n\u00e1pisem: &#8222;Satan mus\u00ed vl\u00e1dnout Vatik\u00e1nu. Pape\u017e bude jeho otrokem.&#8220;<\/span><\/p>\n<p><span>Kolbe v roce 1939 napsal: \u201eTato smrteln\u00e1 nen\u00e1vist v\u016f\u010di c\u00edrkvi Je\u017e\u00ed\u0161e Krista a v\u016f\u010di jej\u00edmu p\u0159edstaviteli nebyla d\u00edlem n\u011bkolika \u0161\u00edlenc\u016f, ale systematickou akc\u00ed vych\u00e1zej\u00edc\u00ed z principu svobodn\u00e9ho zedn\u00e1\u0159stv\u00ed: zni\u010den\u00ed ve\u0161ker\u00e9ho n\u00e1bo\u017eenstv\u00ed, zvl\u00e1\u0161t\u011b katolicismu.<\/span><\/p>\n<p><span>Tento c\u00edl je tak\u00e9 dokumentov\u00e1n ve\u00a0<\/span><em><span>St\u00e1l\u00e9 instrukci Alta Vendita<\/span><\/em><span>\u00a0. Dr. Ve sv\u00fdch p\u0159edn\u00e1\u0161k\u00e1ch se Taylor Marshall odvol\u00e1v\u00e1 na Msgr. Anglick\u00fd p\u0159eklad George Dillona z roku 1884 v Edinburghu. Autor, p\u00ed\u0161\u00edc\u00ed pod pseudonymem\u00a0<\/span><em><span>Piccolo Tigre<\/span><\/em><span>\u00a0(\u201emal\u00fd tygr\u201c), vysv\u011btlil dlouhodob\u00fd c\u00edl svobodn\u00fdch zedn\u00e1\u0159\u016f:<\/span><\/p>\n<p><em>&#8222;Na\u0161\u00edm kone\u010dn\u00fdm c\u00edlem je c\u00edl Voltaira a revoluce: \u00fapln\u00e9 zni\u010den\u00ed katolicismu a dokonce i k\u0159es\u0165ansk\u00e9 my\u0161lenky, kter\u00e1, pokud by z\u016fstala na trosk\u00e1ch \u0158\u00edma, by pozd\u011bji umo\u017enila znovuzrozen\u00ed k\u0159es\u0165anstv\u00ed.&#8220;<\/em><\/p>\n<p><span>Pape\u017e Lev XIII potvrdil v roce 1884:<\/span><\/p>\n<p><em>&#8222;Ale boj t\u011bchto nep\u0159\u00e1tel je ji\u017e dlouho nam\u00ed\u0159en proti Apo\u0161tolsk\u00e9mu stolci a \u0159\u00edmsk\u00e9mu velekn\u011bzi&#8230; Nyn\u00ed nade\u0161el \u010das, aby sekt\u00e1\u0159i otev\u0159en\u011b prohl\u00e1sili, co tajn\u011b pl\u00e1novali: posv\u00e1tn\u00e1 moc pape\u017e\u016f mus\u00ed b\u00fdt zru\u0161ena a samotn\u00e9 pape\u017estv\u00ed, zalo\u017een\u00e9 na bo\u017esk\u00e9m pr\u00e1vu, mus\u00ed b\u00fdt zcela zni\u010deno. I kdyby neexistovaly \u017e\u00e1dn\u00e9 jin\u00e9 d\u016fkazy, tato skute\u010dnost by byla ji\u017e potvrzena ned\u00e1vn\u00fdmi dob\u0159e informovan\u00fdmi sv\u011bdky. \u017ee svobodn\u00ed zedn\u00e1\u0159i jednaj\u00ed s c\u00edrkv\u00ed s nesmi\u0159iteln\u00fdm nep\u0159\u00e1telstv\u00edm a nebudou m\u00edt pokoj, dokud nebude zni\u010deno v\u0161e, co pape\u017eov\u00e9 vybudovali z n\u00e1bo\u017eensk\u00e9 horlivosti.\u201c<\/em><\/p>\n<p><span>B\u00fdval\u00ed svobodn\u00ed zedn\u00e1\u0159i jako Altiyan Childs dosv\u011bd\u010duj\u00ed, \u017ee zedn\u00e1\u0159stv\u00ed je na nejvy\u0161\u0161\u00edch \u00farovn\u00edch satansk\u00e9. Kyle Clement, asistent zn\u00e1m\u00e9ho exorcisty otce Chada Rippergera, \u0159ekl, \u017ee ve vy\u0161\u0161\u00edch stupn\u00edch je \u201eVelk\u00fd architekt vesm\u00edru\u201c identifikov\u00e1n jako Lucifer.<\/span><\/p>\n<p><span>Prvn\u00ed v\u00fdslovn\u00e9 odsouzen\u00ed svobodn\u00e9ho zedn\u00e1\u0159stv\u00ed katolickou c\u00edrkv\u00ed p\u0159i\u0161lo v roce 1738 od pape\u017ee Klementa XII. ve sv\u00e9m b\u00fdkovi\u00a0<\/span><em><span>In Eminenti<\/span><\/em><span>\u00a0:<\/span><\/p>\n<p><em>&#8222;Abychom se postavili proti otev\u0159en\u00e9 cest\u011b k nespravedlnosti, kter\u00e1 by jinak mohla b\u00fdt beztrestn\u011b uplat\u0148ov\u00e1na, a z jin\u00fdch d\u016fvod\u016f&#8230; Odsuzujeme a zakazujeme takov\u00e9 spole\u010dnosti, shrom\u00e1\u017ed\u011bn\u00ed a l\u00f3\u017ee &#8211; zedn\u00e1\u0159sk\u00e9 nebo pod jak\u00fdmkoli jin\u00fdm jm\u00e9nem &#8211; touto na\u0161\u00ed \u00dastavou, kter\u00e1 bude platn\u00e1 po celou dobu.&#8220;<\/em><\/p>\n<p><span>Klement XII. pova\u017eoval zedn\u00e1\u0159stv\u00ed za tak nebezpe\u010dn\u00e9, \u017ee automaticky exkomunikoval v\u0161echny katol\u00edky, kte\u0159\u00ed se k n\u011bmu p\u0159ipojili. Tuto exkomunikaci mohl zru\u0161it pouze Svat\u00fd stolec. Pozd\u011bj\u0161\u00ed pape\u017eov\u00e9 tak\u00e9 po\u017eadovali, aby svobodn\u00ed zedn\u00e1\u0159i sd\u011blili biskupovi jm\u00e9na v\u0161ech ostatn\u00edch \u010dlen\u016f katolick\u00e9 l\u00f3\u017ee.<\/span><\/p>\n<p><span>Ten od Klementa XII. Ulo\u017een\u00e1 exkomunikace byla opakovan\u011b potvrzena v\u0161emi n\u00e1sleduj\u00edc\u00edmi pape\u017ei. Bylo zahrnuto do Kodexu kanonick\u00e9ho pr\u00e1va z roku 1917. A\u010dkoli to nen\u00ed v\u00fdslovn\u011b uvedeno v Kodexu z roku 1983, Kongregace pro nauku v\u00edry (CDF) dala jasn\u011b najevo v ofici\u00e1ln\u00edm prohl\u00e1\u0161en\u00ed (\u00a0<\/span><em><span>Prohl\u00e1\u0161en\u00ed o zedn\u00e1\u0159sk\u00fdch sdru\u017een\u00edch a neslu\u010ditelnosti s k\u0159es\u0165anskou v\u00edrou<\/span><\/em><span>\u00a0), \u017ee k\u00e1ze\u0148 a \u00fasudek c\u00edrkve v\u016f\u010di svobodn\u00e9mu zedn\u00e1\u0159stv\u00ed z\u016fstaly v podstat\u011b nezm\u011bn\u011bny.<\/span><\/p>\n<\/div>\n<\/div>\n<div class=\"elementor-element elementor-element-8c57238 quelle dc-has-condition dc-condition-empty elementor-widget elementor-widget-heading\" data-id=\"8c57238\" data-element_type=\"widget\" data-widget_type=\"heading.default\">\n<div class=\"elementor-widget-container\">\n<h3 class=\"elementor-heading-title elementor-size-default\"><span style=\"font-size: 10pt;\"><a href=\"https:\/\/www.lifesitenews.com\/news\/freemasonic-lodge-hails-pope-francis-work-as-deeply-resonant-with-their-principles\/?utm_source=popular\" target=\"_blank\" rel=\"nofollow noopener\">Zdroj<\/a><\/span><\/h3>\n<p>&nbsp;<\/p>\n<\/div>\n<\/div>\n","protected":false},"excerpt":{"rendered":"<p>Velmistr italsk\u00e9 zedn\u00e1\u0159sk\u00e9 l\u00f3\u017ee zd\u016fraznil, \u017ee \u201esvoboda, rovnost a bratrstv\u00ed\u201c \u2013 hodnoty\u00a0vyzdvihovan\u00e9 jako soci\u00e1ln\u00ed ide\u00e1ly&#8230;<\/p>\n","protected":false},"author":2,"featured_media":68929,"comment_status":"closed","ping_status":"closed","sticky":false,"template":"","format":"standard","meta":[],"categories":[7],"tags":[254,8968,650],"_links":{"self":[{"href":"https:\/\/www.infokuryr.cz\/n\/wp-json\/wp\/v2\/posts\/77107"}],"collection":[{"href":"https:\/\/www.infokuryr.cz\/n\/wp-json\/wp\/v2\/posts"}],"about":[{"href":"https:\/\/www.infokuryr.cz\/n\/wp-json\/wp\/v2\/types\/post"}],"author":[{"embeddable":true,"href":"https:\/\/www.infokuryr.cz\/n\/wp-json\/wp\/v2\/users\/2"}],"replies":[{"embeddable":true,"href":"https:\/\/www.infokuryr.cz\/n\/wp-json\/wp\/v2\/comments?post=77107"}],"version-history":[{"count":0,"href":"https:\/\/www.infokuryr.cz\/n\/wp-json\/wp\/v2\/posts\/77107\/revisions"}],"wp:featuredmedia":[{"embeddable":true,"href":"https:\/\/www.infokuryr.cz\/n\/wp-json\/wp\/v2\/media\/68929"}],"wp:attachment":[{"href":"https:\/\/www.infokuryr.cz\/n\/wp-json\/wp\/v2\/media?parent=77107"}],"wp:term":[{"taxonomy":"category","embeddable":true,"href":"https:\/\/www.infokuryr.cz\/n\/wp-json\/wp\/v2\/categories?post=77107"},{"taxonomy":"post_tag","embeddable":true,"href":"https:\/\/www.infokuryr.cz\/n\/wp-json\/wp\/v2\/tags?post=77107"}],"curies":[{"name":"wp","href":"https:\/\/api.w.org\/{rel}","templated":true}]}}