{"id":77014,"date":"2025-04-22T05:59:26","date_gmt":"2025-04-22T03:59:26","guid":{"rendered":"https:\/\/www.infokuryr.cz\/n\/?p=77014"},"modified":"2025-04-22T05:59:26","modified_gmt":"2025-04-22T03:59:26","slug":"michael-svatos-brusel-rozjel-operaci-kradez-ceskeho-lithia-cesko-se-ma-stat-tzv-tezebni-kolonii-zapadni-eu","status":"publish","type":"post","link":"https:\/\/www.infokuryr.cz\/n\/2025\/04\/22\/michael-svatos-brusel-rozjel-operaci-kradez-ceskeho-lithia-cesko-se-ma-stat-tzv-tezebni-kolonii-zapadni-eu\/","title":{"rendered":"Michael Svato\u0161: Brusel rozjel operaci \u201cKr\u00e1de\u017e \u010desk\u00e9ho lithia\u201d! \u010cesko se m\u00e1 st\u00e1t tzv. \u201ct\u011b\u017eebn\u00ed koloni\u00ed\u201d Z\u00e1padn\u00ed EU &#8230;"},"content":{"rendered":"<div id=\"fb-root\"><\/div>\n<h2>Brusel rozjel operaci \u201cKr\u00e1de\u017e \u010desk\u00e9ho lithia\u201d! \u010cesko se m\u00e1 st\u00e1t tzv. \u201ct\u011b\u017eebn\u00ed koloni\u00ed\u201d Z\u00e1padn\u00ed EU, operace se prov\u00e1d\u00ed podle tzv. \u201csrbsk\u00e9ho manu\u00e1lu\u201d!<\/h2>\n<p>\u010cesko, Srbsko a Ukrajina maj\u00ed spole\u010dnou jednu zd\u00e1nlivou mali\u010dkost. Na jejich \u00fazem\u00ed se nach\u00e1zej\u00ed v\u00fdznamn\u00e1 lo\u017eiska Lithia. A Brusel p\u0159itom n\u011bjakou n\u00e1hodou ned\u00e1vno na\u0159\u00eddil, \u017ee 10% evropsk\u00e9 pr\u016fmyslov\u00e9 spot\u0159eby tohoto kovu bude povinn\u011b t\u011b\u017eeno na \u00fazem\u00ed Evropy. A z Bruselu z\u00e1rove\u0148 tento v\u00edkend uniklo, \u017ee v\u0161echny t\u0159i tyto zem\u011b, na jejich\u017e \u00fazem\u00ed se nach\u00e1zej\u00ed lo\u017eiska lithia, maj\u00ed b\u00fdt prom\u011bn\u011bny v tzv. \u201ct\u011b\u017eebn\u00ed kolonie\u201d vlastn\u011bn\u00e9 Z\u00e1padn\u00ed EU.\u00a0 Jejich lithium m\u00e1 b\u00fdt vyt\u011b\u017eeno, p\u0159epracov\u00e1no na polotovar, a odvezeno na Z\u00e1pad EU k jeho dal\u0161\u00edmu zpracov\u00e1n\u00ed, a k jeho kone\u010dn\u00e9mu pr\u016fmyslov\u00e9mu vyu\u017eit\u00ed. Bohatstv\u00ed V\u00fdchodu EU tak m\u00e1 op\u011bt poslou\u017eit r\u016fstu blahobytu Z\u00e1padu EU. Uva\u0159te si k\u00e1vu, nebo \u010daj, dne\u0161n\u00ed anal\u00fdza bude slo\u017eit\u00e1, d\u0159el jsem na n\u00ed cel\u00e9 velikonoce.<\/p>\n<h3>(1) \u010c\u00e1st prvn\u00ed: \u201cUkrajinsk\u00fd sc\u00e9n\u00e1\u0159\u201d<\/h3>\n<p>Kyjev, EU a Lond\u00fdn neust\u00e1le h\u00e1zej\u00ed vidle do Trumpova m\u00edrov\u00e9ho pl\u00e1nu, kter\u00fd p\u0159edpokl\u00e1d\u00e1, \u017ee Ukrajina odevzd\u00e1 Rusku v\u0161echna jeho nov\u00e1 \u00fazem\u00ed, a na tento t\u00fdden dokonce tamn\u00ed politici svolali dal\u0161\u00ed tzv. m\u00edrovou poradu do Lond\u00fdna, a na n\u00ed\u00a0 se chystaj\u00ed po\u017eadovat, aby se boje okam\u017eit\u011b zastavily, a sporn\u00e9 \u00fazem\u00ed bylo rozd\u011bleno podle linie fronty, a nikoli podle rusk\u00fdch po\u017eadavk\u016f a z\u00e1kon\u016f. Defacto tedy, aby Ukrajina nemusela vyklidit v\u0161echny nov\u00e9 rusk\u00e9 provincie.\u00a0 Ale mohla si ponechat ty jejich \u010d\u00e1sti, kter\u00e9 le\u017e\u00ed za jej\u00ed linii fronty. A je velmi zaj\u00edmav\u00e9, pro\u010d na tomto po\u017eadavku Lond\u00fdn, EU, i Kyjev, tak zatvrzele trvaj\u00ed?<\/p>\n<p>Na Ukrajin\u011b je celkem 500 tis\u00edc tun lithia, kter\u00e9 se d\u00e1 t\u011b\u017eit, a to p\u0159edstavuje 1\/2 velikosti lo\u017eiska lithia v \u010desk\u00fdch Kru\u0161n\u00fdch hor\u00e1ch, a 2% sv\u011btov\u00fdch z\u00e1sob.\u00a0<a href=\"https:\/\/suspilne.media\/941503-aki-z-ridkisnozemelnih-metaliv-e-v-ukraini-skilki-ih-ta-comu-ih-skladno-vidobuvati\/\">Ukrajinsk\u00e9 prvn\u00ed lo\u017eisko lithia le\u017e\u00ed na \u0159ece Kruta Balka v Z\u00e1poro\u017esk\u00e9 oblasti, a u\u017e bylo ovl\u00e1dnuto Putinem. Ukrajinsk\u00e9 druh\u00e9 lo\u017eisko le\u017e\u00ed u obce \u0160ev\u010denko v Don\u011bck\u00e9 oblasti a nach\u00e1z\u00ed se 8 km za frontovou lini\u00ed v ukrajinsk\u00e9m t\u00fdlu severov\u00fdchodn\u011b od aglomerace Pokrovsk-Myrnohrad<\/a>, a n\u011bjakou n\u00e1hodou pr\u00e1v\u011b zde posledn\u00ed dva m\u011bs\u00edce prob\u00edhala zu\u0159iv\u00e1 sebevra\u017eedn\u00e1 ofenz\u00edva kyjevsk\u00e9ho gener\u00e1la Drapatyje, kter\u00e1 Rusy donutila p\u0159ej\u00edt do obrany a zastavit postup. Dal\u0161\u00ed men\u0161\u00ed lo\u017eiska lithia je\u0161t\u011b le\u017e\u00ed v Kirovohradsk\u00e9 oblasti Ukrajiny na z\u00e1padn\u00edm b\u0159ehu Dn\u011bpru, ale ty nejsou u\u017e tak v\u00fdznamn\u00e1, jako prvn\u00ed dv\u011b. Zarputil\u00e9 trv\u00e1n\u00ed Lond\u00fdna, Kyjeva a zem\u00ed EU na uzav\u0159en\u00ed m\u00edru pod\u00e9l linie fronty, a zu\u0159iv\u00e9 \u00fatoky gener\u00e1la Drapatyje se tak daj\u00ed vykl\u00e1dat, jako zoufal\u00fd pokus, udr\u017eet aspo\u0148 \u010d\u00e1st t\u011b\u017eby lithia pod kontrolou Kyjeva, respektive Bruselu.\u00a0(<a href=\"https:\/\/www.google.com\/maps\/place\/Shevchenko+Pershe,+Don%C4%9Bck%C3%A1,+Ukrajina,+85343\/@48.349814,37.4083432,18521m\/data=!3m1!1e3!4m6!3m5!1s0x40de34ce97d4b85f:0x72e6986b92293eb6!8m2!3d48.3712576!4d37.4039392!16s%2Fg%2F1219sbvp?entry=ttu&amp;g_ep=EgoyMDI1MDQxNi4xIKXMDSoASAFQAw%3D%3D\">Mapa Google s nalezi\u0161t\u011bm \u0160ev\u010denko se otev\u0159e zde<\/a>.\u00a0<a href=\"https:\/\/www.google.com\/maps\/place\/Osypenko,+Z%C3%A1poro%C5%BEsk%C3%A1,+Ukrajina\/@46.9088213,36.8263291,13462m\/data=!3m1!1e3!4m6!3m5!1s0x40e7b05702fe1609:0x8a0b089af702f0a!8m2!3d46.9167921!4d36.8246053!16s%2Fg%2F11bc5lt5_1?entry=ttu&amp;g_ep=EgoyMDI1MDQxNi4xIKXMDSoASAFQAw%3D%3D\">Mapa nalezi\u0161t\u011b Kruta Balka zde<\/a>.\u00a0<a href=\"https:\/\/www.geo.gov.ua\/wp-content\/uploads\/2021\/01\/KRUTA_BALKA_license.pdf\">Prospekt nalezi\u0161t\u011b Kruta Balka v angli\u010dtin\u011b zde<\/a>.)<\/p>\n<p>Bitva o lo\u017eiska kritick\u00fdch miner\u00e1l\u016f na Ukrajin\u011b je lit\u00e1. Kyjev se dostal do troj\u00edho ohn\u011b. Krom z\u00e1jmu Putina o 5 nov\u00fdch provinci\u00ed, kter\u00fd nen\u00ed prvopl\u00e1nov\u011b motivov\u00e1n kritick\u00fdmi miner\u00e1ly, proto\u017ee Rusko jich m\u00e1 (i lithia) po\u017eehnan\u011b, se o n\u011b rvou Washington s Bruselem, a\u00a0<a href=\"https:\/\/kyivindependent.com\/ukraine-publishes-text-of-memorandum-on-future-minerals-agreement-with-us\/\">Kyjev nakonec musel souhlasit se zn\u011bn\u00edm surovinov\u00e9 dohody s USA obsahuj\u00edc\u00ed pr\u00e1vn\u00ed formuli, \u017ee dohoda nesm\u00ed poru\u0161ovat pr\u00e1vo EU, aby nebr\u00e1nila vstupu Ukrajiny do EU<\/a>.\u00a0V podstat\u011b tak dohoda umo\u017e\u0148uje budouc\u00ed americk\u00e9 vlastnictv\u00ed miner\u00e1ln\u00edch lo\u017eisek na Ukrajin\u011b, a pr\u00e1vo na zisk z jejich t\u011b\u017eby, ale prodej miner\u00e1l\u016f bude muset podl\u00e9hat evropsk\u00e9mu pr\u00e1vu o regulaci strategick\u00fdch surovin, a tak budou muset b\u00fdt vyt\u011b\u017een\u00e9 strategick\u00e9 miner\u00e1ly prod\u00e1v\u00e1ny p\u0159ednostn\u011b Evropan\u016fm, pokud ti o n\u011b projev\u00ed z\u00e1jem.<\/p>\n<h3>(2) \u010c\u00e1st druh\u00e1: \u201cSrbsk\u00fd sc\u00e9n\u00e1\u0159\u201d<\/h3>\n<p>Nejv\u011bt\u0161\u00ed lo\u017eisko Lithia v Evrop\u011b le\u017e\u00ed v Srbsku a m\u016f\u017ee zajistit a\u017e 90% celkov\u00e9 sou\u010dasn\u00e9 spot\u0159eby lithia v evropsk\u00e9m pr\u016fmyslu. M\u00e1 v\u0161ak h\u00e1\u010dek. Vl\u00e1da je pro jeho t\u011b\u017ebu, ale (!) proevrop\u0161t\u00ed liber\u00e1ln\u011b demokrati\u010dt\u00ed a ekologi\u010dt\u00ed Srbov\u00e9 jsou proti. Masov\u011b se bou\u0159\u00ed se proti skute\u010dnosti, \u017ee jedna z nejkr\u00e1sn\u011bj\u0161\u00edch \u010d\u00e1st\u00ed srbsk\u00e9 p\u0159\u00edrody m\u00e1 b\u00fdt brut\u00e1ln\u011b rozkut\u00e1na bez ohledu na v\u0161echna ekologick\u00e1 rizika, a naprost\u00e1 v\u011bt\u0161ina vykutan\u00e9ho lithia m\u00e1 b\u00fdt k v\u00fdrob\u011b bateri\u00ed odvezena ze zem\u011b. Podle protestuj\u00edc\u00edch, kte\u0159\u00ed m\u00e1lem na p\u0159elomu let 24\/25 svrhli srbskou vl\u00e1du,\u00a0<a href=\"https:\/\/www.politico.eu\/article\/serbia-lithium-reserve-eu-mining-colony-electric-vehicles\/\">se m\u00e1 Srbsko st\u00e1t pouze \u201ct\u011b\u017eebn\u00ed koloni\u00ed\u201d n\u011bmeck\u00e9ho pr\u016fmyslu, \u017e\u00edrn\u00fdm pastvi\u0161t\u011bm pro glob\u00e1ln\u00ed kapit\u00e1l, a figurkou p\u011b\u0161ce v glob\u00e1ln\u00edm soupe\u0159en\u00ed mezi \u010c\u00ednou, EU a USA v boji o dominanci p\u0159i v\u00fdrob\u011b lithiov\u00fdch bateri\u00ed<\/a>.<\/p>\n<p><strong>Jak je lithium pro Brusel i Berl\u00edn d\u016fle\u017eit\u00e9 ukazuje tato \u010dasov\u00e1 linie:\u00a0<\/strong><\/p>\n<ul>\n<li>v \u010dervenci 2024 srbsk\u00fd \u00fastavn\u00ed soud povolil obnoven\u00ed projektu na t\u011b\u017ebu lithia v dole\u00a0<a href=\"https:\/\/en.wikipedia.org\/wiki\/Jadar_mine\">Jadar<\/a>. Cel\u00fd projekt byl zastaven po masov\u00fdch bou\u0159\u00edch v roce 2021, a\u00a0<a href=\"https:\/\/www.danas.rs\/bbc-news-serbian\/srbija-ekologija-i-rio-tinto-stavili-smo-tacku-na-rio-tinto-premijerka-ana-brnabic\/\">srbsk\u00e1 premi\u00e9rka Brnabi\u010dov\u00e1 tehdy dokonce sl\u00edbila, \u017ee projekt u\u017e nikdy nebude obnoven<\/a>.<\/li>\n<li>t\u00fdden po rozhodnut\u00ed \u00fastavn\u00edho soudu Srbska o obnoven\u00ed povolen\u00ed pokra\u010dovat v projektu t\u011b\u017eby v dole Jadar, p\u0159ilet\u011bli do B\u011blehradu slovensk\u00fd komisa\u0159 EU Maro\u0161 \u0160ev\u010dovi\u010d, a n\u011bmeck\u00fd kancl\u00e9\u0159 Olaf Scholz, a okam\u017eit\u011b s prezidentem Vu\u010di\u010dem podepsali smlouvy o strategick\u00e9m partnerstv\u00ed EU a Srbska p\u0159i t\u011b\u017eb\u011b kritick\u00fdch miner\u00e1l\u016f.\u00a0<a href=\"https:\/\/www.bundesregierung.de\/breg-de\/aktuelles\/pk-in-serbien-2299998\">Scholz byl po jedn\u00e1n\u00edch u absolutn\u00edho vytr\u017een\u00ed, a nad\u0161en\u011b vyk\u0159ikoval<\/a>,\u00a0\u017ee kone\u010dn\u011b budou ty baterie, kter\u00e9 pro Green Deal nutn\u011b pot\u0159ebujeme, a dal\u0161\u00ed hesla o z\u00e1chran\u011b evropsk\u00e9ho pr\u016fmyslu. Sou\u010d\u00e1st\u00ed delegace byli i \u0161\u00e9fov\u00e9 Mercedesu, Stellantis, a brusel\u0161t\u00ed bank\u00e9\u0159i, a ti v\u0161ichni chrochtali nad\u0161en\u00edm, a slibovali Srb\u016fm skv\u011blou budoucnost. A Scholz dokonce skandoval, \u017ee pr\u00e1v\u011b tato dohoda o lithiu dod\u00e1van\u00e9m ze Srbska do N\u011bmecka bude kl\u00ed\u010dov\u00e1 pro urychlen\u00e9 p\u0159ijet\u00ed Srbska a zbytku Balk\u00e1nu do EU.<\/li>\n<li>v srpnu v Srbsku, okam\u017eit\u011b po podpisu t\u011b\u017eebn\u00ed dohody s Bruselem, vypukly rozs\u00e1hl\u00e9 nepokoje, a\u00a0<a href=\"https:\/\/www.politico.eu\/article\/serbia-duro-macut-aleksandar-vucic-politics-europe-elections\/\">v jejich d\u016fsledku letos v dubnu padla tamn\u00ed vl\u00e1da, a o\u010dek\u00e1v\u00e1 se dokonce vyps\u00e1n\u00ed mimo\u0159\u00e1dn\u00fdch voleb<\/a>. Legra\u010dn\u00ed\u00a0na v\u0161\u00ed situaci bylo, \u017ee srbsk\u00e1 liber\u00e1ln\u00ed a ekologick\u00e1 hnut\u00ed, kter\u00e1 stoj\u00ed za protesty, byla evropsk\u00fdm mainstreamem ihned hromadn\u011b obvin\u011bna z toho, \u017ee jsou\u00a0\u201c<a href=\"https:\/\/www.politico.eu\/article\/serbia-lithium-reserve-eu-mining-colony-electric-vehicles\/\">\u0159\u00edzena a placena Ruskem<\/a>\u201c, a je\u0161t\u011b legra\u010dn\u011bj\u0161\u00ed bylo, \u017ee vz\u00e1p\u011bt\u00ed do\u0161lo k odhalen\u00ed, \u017ee \u201c<a href=\"https:\/\/www.politico.eu\/article\/serbia-lithium-reserve-eu-mining-colony-electric-vehicles\/\">tito novin\u00e1\u0159i a filma\u0159i, kte\u0159\u00ed demonstranty obvi\u0148ovali z \u0159\u00edzen\u00ed a placen\u00ed Ruskem<\/a>\u201c, ve skute\u010dnosti \u201c<a href=\"https:\/\/www.politico.eu\/article\/serbia-lithium-reserve-eu-mining-colony-electric-vehicles\/\">udr\u017euj\u00ed r\u016fzn\u00e9 dvoustrann\u00e9 dohody s v\u00fdznamn\u00fdmi partnery v oblasti t\u011b\u017eby a zpracov\u00e1n\u00ed lithia v Evrop\u011b, v\u010detn\u011b t\u011b\u017ea\u0159sk\u00e9 spole\u010dnosti Rio Tinto v Srbsku<\/a>\u201c,\u00a0a produkce jejich film\u016f a jejich p\u0159edn\u00e1\u0161ky o tzv. rusk\u00fdch demonstrantech v Srbsku byly Bruselem nakonec po protestech tamn\u00edch akademik\u016f i student\u016f rad\u011bji zak\u00e1z\u00e1ny a zru\u0161eny, aby nedo\u0161lo k protest\u016fm p\u0159ed s\u00eddlem Komise.<\/li>\n<li>Osud d\u016fln\u00edho projektu Jadar je tak nyn\u00ed op\u011bt na v\u00e1\u017ek\u00e1ch, a\u00a0<a href=\"https:\/\/www.rts.rs\/vesti\/drustvo\/5597131\/predate-zalbe-gradjana-pisarnici-ministarstva-zastite-zivotne-sredine-na-resenje-o-projektu-jadar-.html\">demonstranti u\u017e proti n\u011bmu podali novou \u017ealobu<\/a>.\u00a0\u017de je ekologick\u00e1 str\u00e1nka projektu pochybn\u00e1 nazna\u010duje jednak skute\u010dnost, \u017ee odpadn\u00ed kaly z t\u011b\u017eby se maj\u00ed skladovat na \u00fazem\u00ed, kde v ned\u00e1vn\u00e9 minulosti do\u0161lo k velk\u00fdm z\u00e1plav\u00e1m (57 ob\u011bt\u00ed), a p\u0159i nich\u017e bylo z dol\u016f vyplaveno zna\u010dn\u00e9 mno\u017estv\u00ed t\u011b\u017ek\u00fdch kov\u016f. Jednak, \u017ee uzn\u00e1van\u00e1 mezin\u00e1rodn\u00ed ekologick\u00e1 d\u016fln\u00ed certifika\u010dn\u00ed autorita\u00a0<a href=\"https:\/\/responsiblemining.net\/about\/team\/\">IRMA<\/a>\u00a0odm\u00edtla vydat stanovisko o vlivu dolu na lithium Jadar na \u017eivotn\u00ed prost\u0159ed\u00ed, pro nemo\u017enost celou z\u00e1le\u017eitost d\u016fkladn\u011b posoudit pro nedostatek podklad\u016f.\u00a0<a href=\"https:\/\/reri.org.rs\/en\/rio-tinto-salami-slicing-in-accordance-with-the-highest-european-standards-of-environmental-protection\/\">A \u017ee srb\u0161t\u00ed ekologi\u010dt\u00ed aktivist\u00e9 u\u017e zjistili<\/a>,\u00a0\u017ee provozovatel dolu Rio Tinto podal \u017e\u00e1dost o posouzen\u00ed vlivu dolu na \u017eivotn\u00ed prost\u0159ed\u00ed bez zahrnut\u00ed likvidace a skladov\u00e1n\u00ed kal\u016f vznikl\u00fdch z odpadu z t\u011b\u017eby. A to pr\u00fd proto, aby Rio Tinto dos\u00e1hlo ekologicky p\u0159ijateln\u011bj\u0161\u00edho v\u00fdsledku ekologick\u00e9ho posouzen\u00ed cel\u00e9ho sv\u00e9ho dolu. Cel\u00e1 slavn\u00e1 a vychvalovan\u00e1 ekologick\u00e1 politika EU se tak uk\u00e1zala v cel\u00e9 sv\u00e9 nahot\u011b, ekologie plat\u00ed pouze, kdy\u017e nep\u0159ek\u00e1\u017e\u00ed c\u00edl\u016fm politiky Green Deal, zisk\u016fm bank\u00e9\u0159\u016f, a blahobytu ob\u010dan\u016f Z\u00e1padn\u00ed EU. A naopak neplat\u00ed, kdy\u017e se po\u0161kozuje \u017eivotn\u00ed prost\u0159ed\u00ed v\u00fdchodn\u00ed Evropy ve prosp\u011bch z\u00e1padn\u00ed EU.<\/li>\n<\/ul>\n<h3>(3) \u010c\u00e1st t\u0159et\u00ed. \u010cesk\u00fd sc\u00e9n\u00e1\u0159<\/h3>\n<p>Kdy\u017e \u0161lo o zah\u00e1jen\u00ed t\u011b\u017eby lithia v Srbsku, p\u0159ijela do zem\u011b cel\u00e1 delegace nejvy\u0161\u0161\u00edch evropsk\u00fdch, a zejm\u00e9na n\u011bmeck\u00fdch a francouzsk\u00fdch politik\u016f, \u0159editel\u016f automobilek i bank\u00e9\u0159\u016f.\u00a0<a href=\"https:\/\/www.bundesregierung.de\/breg-de\/aktuelles\/pk-in-serbien-2299998\">A v\u0161ichni ti slibovali nov\u00e1 pracovn\u00ed m\u00edsta, miliardov\u00e9 investice, a ochranu \u017eivotn\u00edho prost\u0159ed\u00ed<\/a>. A skute\u010dn\u011b,\u00a0<a href=\"https:\/\/battery-news.de\/en\/2024\/10\/02\/ocsial-opens-carbon-nanotube-production-in-serbia\/\">v Srbsku u\u017e stav\u00ed tchajwansk\u00e1 (!) firma \u00a0OCSiAl tov\u00e1rnu<\/a>, kter\u00e1 bude sv\u00e9 pokro\u010dil\u00e9 komponenty dod\u00e1vat do vznikaj\u00edc\u00edho lithiov\u00e9ho pr\u016fmyslov\u00e9ho hubu ve francouzsk\u00e9m p\u0159\u00edstavu\u00a0<a href=\"https:\/\/cs.wikipedia.org\/wiki\/Dunkerk\">Dunkerk<\/a>, kter\u00fd nech\u00e1v\u00e1 za dotace vybudovat Macron, a kter\u00fd m\u00e1\u00a0 ro\u010dn\u011b vyprodukovat lithiov\u00e9 baterie pro v\u00edce jak 1 milion aut. Jenom samotn\u00e1 firma\u00a0<a href=\"https:\/\/www.nordfranceinvest.com\/news\/prologium-technology-a-4th-gigafactory-in-hauts-de-france\/\">OCSiAl tam stav\u00ed tov\u00e1rnu s v\u00fdrobn\u00ed kapacitou lithiov\u00fdch bateri\u00ed sta\u010d\u00edc\u00ed pro mont\u00e1\u017e 750 tis\u00edc elektromobil\u016f ro\u010dn\u011b<\/a>, a jej\u00ed srbsk\u00e1 pobo\u010dka j\u00ed tam m\u00e1 dod\u00e1vat pokro\u010dil\u00e9 nano-trubice d\u016fle\u017eit\u00e9 nezbytn\u00e9 pro tyto modern\u00ed lithiov\u00e9 baterie. V Dunkerku investuje\u00a0<a href=\"https:\/\/www.nordfranceinvest.com\/news\/prologium-technology-a-4th-gigafactory-in-hauts-de-france\/\">OCSiAl 125 miliard CZK, a zam\u011bstn\u00e1 3000 Francouz\u016f<\/a>. Proto\u017ee v N\u011bmecku nyn\u00ed zam\u011bstn\u00e1v\u00e1 nejv\u011bt\u0161\u00ed v\u00fdrobce lithiov\u00fdch bateri\u00ed na sv\u011bt\u011b 1700 zam\u011bstnanc\u016f na zhruba polovi\u010dn\u00ed produkci bateri\u00ed, vych\u00e1z\u00ed, \u017ee jedna takov\u00e1to tov\u00e1rna zam\u011bstn\u00e1 1000 osob na v\u00fdrobu 250 000 jednotliv\u00fdch bateri\u00ed.\u00a0<a href=\"https:\/\/www.adamasintel.com\/top-5-makes-lithium-consumption-europe-americas\/\">Na v\u00fdrobu jednoho elektromobilu v Evrop\u011b je t\u0159eba 20.7 kg LCE<\/a>, (LCE =\u00a0<a href=\"https:\/\/en.wikipedia.org\/wiki\/Lithium_carbonate\">Ekvivalent uhli\u010ditanu litn\u00e9ho<\/a>),\u00a0a v USA 23 kg LCE, a naprost\u00e1 v\u011bt\u0161ina LCE se spot\u0159ebuje na v\u00fdrobu baterie. Produk\u010dn\u00ed kapacita srbsk\u00e9ho dolu Jadar m\u00e1 b\u00fdt 85 000 tun LCE ro\u010dn\u011b. Produk\u010dn\u00ed kapacita \u010desk\u00e9ho kru\u0161nohorsk\u00e9ho dolu 35 000 tun LCE ro\u010dn\u011b. Srbsk\u00fd d\u016fl tak umo\u017en\u00ed ro\u010dn\u00ed v\u00fdrobu bateri\u00ed pro cca 4 100 000 euro-elektroaut ro\u010dn\u011b. \u010cesk\u00fd d\u016fl pro 1 690 000 euro-elektroaut ro\u010dn\u011b. Srbsko (Vu\u010di\u010d) v\u0161ak striktn\u011b po\u017eaduje, aby se 87,1% vyt\u011b\u017een\u00e9ho m\u00edstn\u00edho lithia zpracovalo p\u0159\u00edmo v Srbsku do formy bateri\u00ed, (cca 3 575 000 bateri\u00ed), a jen 12,9% se vyvezlo jako surovina ve form\u011b polotovaru, (cca 525 000 bateri\u00ed). Celkem tak Vu\u010di\u010d po\u017eaduje v Srbsku vytvo\u0159it cca 2000 m\u00edst p\u0159i t\u011b\u017eb\u011b lithia, a p\u0159i jeho zpracov\u00e1n\u00ed do polotovarov\u00e9 formy LCE, a dal\u0161\u00edch 5000 m\u00edst p\u0159i v\u00fdrob\u011b bateri\u00ed z LCE. Dal\u0161\u00ed m\u00edsta si Vu\u010di\u010d prosadil v automobilce Kragujevac,\u00a0<a href=\"https:\/\/balkangreenenergynews.com\/stellantis-starts-producing-electric-cars-in-serbia\/\">kde Stellantis zah\u00e1jil v \u010dervenci 2024 v\u00fdrobu elektromobil\u016f na automatizovan\u00e9 lince, kterou obsluhuje 1000 zam\u011bstnanc\u016f<\/a>. Cena vozu Fiat Grande Panda je v\u0161ak o 30% vy\u0161\u0161\u00ed ne\u017e srovnateln\u00e9 \u010d\u00ednsk\u00e9 konkurence. Z hlediska leto\u0161n\u00edch z\u00e1padn\u00edch investic do v\u00fdroby elektromobil\u016f a lithiov\u00fdch bateri\u00ed v Srbsku, (o \u010d\u00ednsk\u00fdch investic\u00edch v t\u00e9to balk\u00e1nsk\u00e9 zemi ani nemluv\u011b), kter\u00e1 m\u00e1 v budoucnu vyu\u017e\u00edvat zprovozn\u011bn\u00fd d\u016fl na Lithium Jadar, (ne d\u0159\u00edve ne\u017e v roce 2028), je jasn\u00e9, \u017ee Fiala op\u011bt zaspal, a \u017e\u00e1dn\u00e9 obdobn\u00e9 investice do \u010cR nep\u0159it\u00e1hnul.<\/p>\n<p>Pro\u010d germ\u00e1nsk\u00fd kancl\u00e9\u0159 Olaf Scholz, bruselsk\u00fd komisa\u0159 Maro\u0161 \u0160ef\u010dovi\u010d, \u0161\u00e9fstvo Mercedes i Stellantis, hlavn\u00ed brusel\u0161t\u00ed bank\u00e9\u0159i, i prav\u00ed Tchajwanci, se letos v l\u00e9t\u011b p\u0159i\u0159\u00edtili spole\u010dn\u011b do B\u011blehradu uzav\u0159\u00edt lithiov\u00fd mega-k\u0161eft s Vu\u010di\u010dem, a uzav\u0159\u00edt obdobn\u00fd k\u0161eft s Fialou se neur\u00e1\u010dil dokonce ani jedin\u00fd \u010desk\u00fd Tchajwanec, je mo\u017en\u00e1 snadn\u011bj\u0161\u00ed pochopit, ne\u017e si leckdo m\u016f\u017ee myslet.<\/p>\n<p>Srbsko m\u00e1 jedinou malou modern\u00ed automobilku, a baterie z tamn\u00edho lithia, i kdy\u017e budou z po\u017eadovan\u00fdch 87.1% smontov\u00e1ny v Srbsku, budou skoro v\u0161echny odvezeny do EU, (t\u0159eba Dunkerk!), a tam namontov\u00e1ny do elektromobil\u016f. Nejv\u011bt\u0161\u00ed zisk ze srbsk\u00e9ho lithia tak shr\u00e1bnou z\u00e1padoevropsk\u00e9 automobilky, nejv\u00edc zam\u011bstnanc\u016f tak bude tak\u00e9 zam\u011bstn\u00e1no na mont\u00e1\u017ei elektromobil\u016f v t\u011bchto z\u00e1padn\u00edch automobilk\u00e1ch, a ti tak\u00e9 zaplat\u00ed sv\u00fdm z\u00e1padn\u00edm st\u00e1t\u016fm tu\u010dn\u00e1 poji\u0161t\u011bn\u00ed a dan\u011b, a zisky z cel\u00e9 t\u011b\u017eby lithia v Srbsku nakonec shr\u00e1bne je\u0161t\u011b ke v\u0161emu hlavn\u011b glob\u00e1ln\u00ed gigant Rio Tinto. Nen\u00ed divu, \u017ee se Srbov\u00e9 bou\u0159\u00ed, \u017ee jim zbude zni\u010den\u00e1 krajina. Ale co \u010ce\u0161i?<\/p>\n<p>\u010cesk\u00fd lithiov\u00fd d\u016fl m\u00e1 m\u00edt ro\u010dn\u00ed produk\u010dn\u00ed kapacitu 41% srbsk\u00e9ho dolu Jadar, a ta pr\u00fd m\u00e1\u00a0<a href=\"https:\/\/www.europeum.org\/wp-content\/uploads\/securing-europe-s-lithium-future.pdf\">z\u00e1rove\u0148 p\u0159edstavovat 8% v\u0161\u00ed spot\u0159eby evropsk\u00e9ho autopr\u016fmyslu v p\u0159\u00ed\u0161t\u00edch letech<\/a>.\u00a0<a href=\"https:\/\/www.e15.cz\/byznys\/prumysl-a-energetika\/skoda-ztraci-v-eu-podil-na-trhu-tesle-se-propadl-prodej-temer-o-polovinu-1423327\">Pod\u00edl \u0160kody Mlad\u00e1 Boleslav na evropsk\u00e9m trhu automobil\u016f nyn\u00ed \u010din\u00ed 5,8% v\u0161ech voz\u016f<\/a>, a p\u0159i zapo\u010dten\u00ed v\u0161ech ostatn\u00edch automobilek \u010dinn\u00fdch v \u010cR, se jev\u00ed z\u0159ejm\u00e9, \u017ee \u010desk\u00e9 lithium bude tak akor\u00e1t sta\u010dit pro \u010desk\u00e9 automobilky, pokud budou nuceny kompletn\u011b p\u0159ej\u00edt na v\u00fdrobu elektromobil\u016f. Kdo by tedy do \u010cR ze z\u00e1padn\u00ed EU jezdil, aby tu vl\u00e1d\u011b podku\u0159oval investicemi do v\u00fdroby lithiov\u00fdch bateri\u00ed, a aby t\u00edm je\u0161t\u011b ke v\u0161emu zvy\u0161oval konkurenci pro sv\u00e9 ch\u0159adnouc\u00ed z\u00e1padn\u00ed automobilky. Logick\u00e9 pro Z\u00e1pad EU je, aby v \u010cR \u017e\u00e1dn\u00e9 tov\u00e1rny na lithiov\u00e9 baterie nevznikaly, a aby se vyt\u011b\u017een\u00e9 \u010desk\u00e9 lithium rad\u011bji vyvezlo na Z\u00e1pad k dal\u0161\u00edmu zpracov\u00e1n\u00ed na baterie, a pak se n\u011bco m\u00e1lo poslalo zp\u011bt \u010desk\u00fdm automobilk\u00e1m, tak aby to nevypadalo u\u017e na prvn\u00ed pohled jako sprost\u00e1 kr\u00e1de\u017e surovin v \u201ct\u011b\u017eebn\u00ed kolonii\u201d.<\/p>\n<p>Pomineme-li podivn\u00fd fakt, \u017ee Fialou slibovan\u00e9 gigafactory v Plzni (VW) a v Doln\u00ed Lutyni byly investory zat\u00edm odp\u00edsk\u00e1ny, a\u00a0<a href=\"https:\/\/www.idnes.cz\/ostrava\/zpravy\/gigafactory-dolni-lutyne-prumyslova-zona-studie.A250320_121035_ostrava-zpravy_dmk\">z\u00e1hadn\u00fd investor v Doln\u00ed Lutyni nov\u00fd term\u00edn mo\u017en\u00e9ho spu\u0161t\u011bn\u00ed tov\u00e1rny pr\u00fd p\u0159esunul nejd\u0159\u00edve na rok 2028<\/a>, tedy po zah\u00e1jen\u00ed produkce dolu Jadar. I existuj\u00edc\u00ed dal\u0161\u00ed podivn\u00e9 sign\u00e1ly z Bruselsk\u00e9 komise EU, (<a href=\"https:\/\/www.michalapetr.com\/mip-63-cerny-patek-krach-bruselu-jak-zamestnanci-prichazeji-diky-imigrantum-o-praci\/\">podobn\u011b v MIP 63\/MAP 1192 ze dne 13. \u010dervna 2022<\/a>), podle kter\u00fdch u\u017e z d\u016fv\u011brn\u00fdch dokument\u016f EU uniklo, \u017ee V\u00fdchodoevropan\u00e9 maj\u00ed b\u00fdt u\u017e nap\u0159\u00ed\u0161t\u011b tak chud\u00ed, \u017ee si elektromobily nebudou moci dovolit b\u011b\u017en\u011b nakupovat, a tak m\u00e1 b\u00fdt jejich v\u00fdroba p\u0159esunuta hlavn\u011b do Z\u00e1padn\u00ed EU. I posledn\u00ed sign\u00e1ly z Mlad\u00e9 Boleslavy, kter\u00e9 tomuto pl\u00e1nu p\u0159esunu v\u00fdroby na Z\u00e1pad\u00a0<a href=\"https:\/\/www.novinky.cz\/clanek\/ekonomika-je-to-krize-jako-hrom-rika-sef-odboru-skody-auto-k-deni-v-koncernu-40495420\">koncem lo\u0148sk\u00e9ho<\/a>\u00a0i\u00a0<a href=\"https:\/\/www.idnes.cz\/auto\/zpravodajstvi\/odbory-skoda-vw-volkswagen-odborari.A250116_144803_automoto_fdv\">za\u010d\u00e1tkem leto\u0161n\u00edho roku<\/a>\u00a0u\u017e celkem siln\u011b sv\u011bd\u010dily. Tak zb\u00fdv\u00e1 ten posledn\u00ed, a mo\u017en\u00e1 nejd\u016fle\u017eit\u011bj\u0161\u00ed sign\u00e1l. \u010cesk\u00fd d\u016fl na lithium v Kru\u0161n\u00fdch hor\u00e1ch byl p\u0159ed p\u00e1r t\u00fddny za\u0159azen na seznam tzv. strategick\u00fdch projekt\u016f EU v oblasti kritick\u00fdch miner\u00e1l\u016f, a od toho okam\u017eiku cel\u00fd projekt spad\u00e1 pod na\u0159\u00edzen\u00ed EU \u010d\u00edslo 1252\/2024, a to je velmi podivn\u00e9:<\/p>\n<ul>\n<li>podle \u010dl\u00e1nku 6, odstavec 1, p\u00edsmeno d, mus\u00ed takov\u00fdto projekt:\u00a0<a href=\"https:\/\/eur-lex.europa.eu\/legal-content\/CS\/TXT\/PDF\/?uri=OJ:L_202401252\">v p\u0159\u00edpad\u011b projekt\u016f v Unii by z\u0159\u00edzen\u00ed, prov\u00e1d\u011bn\u00ed nebo produkce projektu m\u011bly p\u0159eshrani\u010dn\u00ed p\u0159\u00ednosy mimo dot\u010den\u00fd \u010dlensk\u00fd st\u00e1t, a to i pro navazuj\u00edc\u00ed odv\u011btv\u00ed<\/a><\/li>\n<li><a href=\"https:\/\/eur-lex.europa.eu\/legal-content\/CS\/TXT\/PDF\/?uri=OJ:L_202401252\">podle \u010dl\u00e1nku 17<\/a>\u00a0se odb\u011br produkt\u016f z takov\u00e9hoto strategick\u00e9ho projektu uskute\u010d\u0148uje mezi subjekty uvnit\u0159 EU pouze podle pravidel hospod\u00e1\u0159sk\u00e9 sout\u011b\u017ee, a pouze tak, \u017ee z\u00e1jemci o prodej produktu, a z\u00e1jemci o n\u00e1kup produktu oslov\u00ed p\u00edsemnou nab\u00eddkou Komisi EU, a ta vybran\u00fdm z\u00e1jemc\u016f, kte\u0159\u00ed spl\u0148uj\u00ed podm\u00ednky Komise a na\u0159\u00edzen\u00ed EU zprost\u0159edkuje kontakt k uzav\u0159en\u00ed smlouvy,<\/li>\n<li>a t\u0159eba \u010dl\u00e1nky 22 a 23, kter\u00e9 Komisi defacto zmoc\u0148uj\u00ed na\u0159izovat, kolik vyt\u011b\u017een\u00e9 kritick\u00e9 suroviny mus\u00ed b\u00fdt ulo\u017eeno do strategick\u00fdch rezerv, a kter\u00e9 j\u00ed z\u00e1rove\u0148 umo\u017e\u0148uj\u00ed po\u017eadovat kolik ze strategick\u00fdch rezerv mus\u00ed b\u00fdt jak\u00e9mu st\u00e1tu uvoln\u011bno. A\u010dkoli se v\u00fdslovn\u011b uv\u00e1d\u00ed, \u017ee po\u017eadavek na uvol\u0148ov\u00e1n\u00ed strategick\u00fdch rezerv jin\u00fdm st\u00e1t\u016fm EU nemus\u00ed \u017e\u00e1dost\u00ed posti\u017een\u00fd st\u00e1t vlastn\u00edc\u00ed strategickou rezervu povinn\u011b splnit, je z historie z\u0159ejm\u00e9, \u017ee Komise si tyto \u017e\u00e1dosti um\u00ed velmi dob\u0159e vynucovat jin\u00fdm skryt\u00fdm zp\u016fsobem, pokud v posti\u017een\u00e9 zemi nucen\u00e9 vyd\u00e1vat sv\u00e9 z\u00e1soby nen\u00ed pr\u00e1v\u011b u moci n\u011bjak\u00fd povoln\u011bj\u0161\u00ed fialov\u00fd osl\u00edk, kter\u00fd Bruselu r\u00e1d rychle pln\u00ed v\u0161e, co mu vid\u00ed na o\u010d\u00edch, a bez nutnosti jej o to \u017e\u00e1dat.<\/li>\n<\/ul>\n<p>Shrnuto: (1) V\u00e1lka na Ukrajin\u011b a v\u00e1lka o ukrajinsk\u00e9 strategick\u00e9 miner\u00e1ly ukazuje, \u017ee EU i USA si p\u016fjdou kv\u016fli t\u011bmto miner\u00e1l\u016fm ost\u0159e po krku, a Brusel bude ochoten sponzorovat v\u00e1lku na Ukrajin\u011b mnohem intenzivn\u011bji ne\u017e Washington, proto\u017ee tyto miner\u00e1ly pot\u0159ebuje mnohem nal\u00e9hav\u011bji ne\u017e USA. (2) V\u00fdprava Scholze za Vu\u010di\u010dem uk\u00e1zala, \u017ee Srbsko, kter\u00e9 nen\u00ed \u010dlenem EU, si m\u016f\u017ee dovolit vy\u017eadovat, (by\u0165 kv\u00f3ta nebude ur\u010dit\u011b zcela napln\u011bna), aby strategick\u00e9 miner\u00e1ly vyt\u011b\u017een\u00e9 na jeho \u00fazem\u00ed byly tak\u00e9 na jeho \u00fazem\u00ed z 87,1% zpracov\u00e1ny do kone\u010dn\u00fdch produkt\u016f, jako jsou nano-trubice nebo baterie. A \u017ee Z\u00e1pad, Berl\u00edn i Brusel okam\u017eit\u011b, a\u010dkoli velmi \u010d\u00e1ste\u010dn\u011b, Vu\u010di\u010dov\u00fdm po\u017eadavk\u016fm vy\u0161ly okam\u017eit\u011b vst\u0159\u00edc. (3) Kde\u017eto v \u010cR se ukazuje, \u017ee m\u00edsto podku\u0159ov\u00e1n\u00ed investicemi, je na\u0161e zem postavena p\u0159ed skute\u010dnost \u017ee, jakmile byla 25. b\u0159ezna d\u016fln\u00ed \u010dinnost v Kru\u0161n\u00fdch hor\u00e1ch za\u0159azena mezi strategick\u00e9 projekty, \u0159\u00edd\u00ed se odb\u011br vyt\u011b\u017een\u00e9ho materi\u00e1lu, lithia, pouze parametry hospod\u00e1\u0159sk\u00e9 sout\u011b\u017ee, a je tak z\u0159ejm\u00e9, \u017ee \u010desk\u00e9 lithium n\u011bme\u010dt\u00ed, nebo francouz\u0161t\u00ed kupci snadno vykoup\u00ed pro sv\u00e9 vlastn\u00ed pot\u0159eby. Je tak mo\u017en\u00e9, \u017ee jsme sv\u011bdky opravdov\u00e9 kr\u00e1de\u017ee \u010desk\u00e9ho lithia Bruselem a Berl\u00ednem, a \u017ee n\u00e1m z\u016fstane jenom vyt\u011b\u017een\u00e1 hlu\u0161ina a po\u0161kozen\u00e9 \u017eivotn\u00ed prost\u0159ed\u00ed. Jak tomu zabr\u00e1nit je t\u00e9ma pro politiky, i t\u00e9ma do voleb. A je nav\u00edc jasn\u00e9, \u017ee v p\u0159\u00edpad\u011b srbsk\u00e9ho lithia m\u00e1 Srbsko, ne\u010dlensk\u00e1 zem\u011b EU mnohem siln\u011bj\u0161\u00ed p\u00e1ky na jedn\u00e1n\u00ed s Berl\u00ednem a Bruselem, ne\u017e vl\u00e1da \u010cR \u010dlena EU. Ostatn\u011b pr\u00e1v\u011b pro tyto projevy nadut\u00e9 bruselsk\u00e9 Eurokracie st\u00e1le p\u0159ipom\u00edn\u00e1m, \u017ee sou\u010dasn\u00e9 Bruxelae mus\u00ed b\u00fdt okam\u017eit\u011b zni\u010deno, a bu\u010f smyslupln\u011b nahrazeno novou formou kooperace zem\u00ed EU, a nebo \u00fapln\u011b rozpu\u0161t\u011bno.<\/p>\n<p>(P.S. Omlouv\u00e1m se za dne\u0161n\u00ed dlouh\u00fd vy\u010derp\u00e1vaj\u00edc\u00ed text, ale krat\u0161\u00edm zp\u016fsobem jsem podstatu cel\u00e9ho probl\u00e9mu vysv\u011btlit nedok\u00e1zal, a stejn\u011b mi dnes r\u00e1no do\u0161el \u010das, na n\u011bkolik dal\u0161\u00edch argument\u016f. Pokud nebude \u017e\u00e1dn\u00e1 v\u00fdrazn\u011bj\u0161\u00ed ud\u00e1lost, p\u0159\u00ed\u0161t\u011b dokon\u010d\u00edm p\u0159edposledn\u00ed anal\u00fdzu, a pak vyjde p\u0159ehled osobnost\u00ed a n\u00e1zor\u016f potenci\u00e1ln\u00edch pape\u017e\u016f, na n\u011bm u\u017e pracuji. N\u00e1sleduj\u00ed je\u0161t\u011b dva dodatky k argument\u016fm, kter\u00e9 jsem u\u017e nedok\u00e1zal rozpracovat, ale je \u0161koda vymaz\u00e1vat. A p\u0159ipom\u00edn\u00e1m, \u017ee ve \u010dtvrtek v 19 hodin budu hostem Zde\u0148ka Chytry na Svobodn\u00e9m r\u00e1diu, odkaz na z\u00e1znam po\u0159adu zve\u0159ejn\u00edm v anal\u00fdze asi v p\u00e1tek r\u00e1no.)<\/p>\n<p>Proto\u017ee \u010desk\u00fd lithiov\u00fd d\u016fl v Kru\u0161n\u00fdch hor\u00e1ch m\u00e1 dod\u00e1vat na evropsk\u00fd trh celkem 30 000 tun LCE ro\u010dn\u011b, tak z jeho produkce p\u016fjde v Evrop\u011b smontovat celkem 1.45 milionu elektromobil\u016f ro\u010dn\u011b. Samotn\u00fd d\u016fl\u00a0<a href=\"https:\/\/www.forum24.cz\/ceske-lithium-je-strategicky-vyznamne-usnadnime-tezbu-oznamila-eu\">m\u00e1 zam\u011bstnat celkem 1800 osob v\u0161ech profes\u00ed<\/a>, a na v\u00fdrobu 1.45 milion\u016f bateri\u00ed nav\u00edc bude t\u0159eba podle zku\u0161enost\u00ed z n\u011bmeck\u00e9 fili\u00e1lky nejv\u011bt\u0161\u00edho v\u00fdrobce bateri\u00ed na sv\u011bt\u011b, \u010d\u00ednsk\u00e9 firmy CATL, najmout dal\u0161\u00edch 8 a\u017e 12 tis\u00edc zam\u011bstnanc\u016f. Na prvn\u00ed pohled by se tak zd\u00e1lo, \u017ee vytvo\u0159en\u00ed 10 000 dobr\u00fdch pracovn\u00edch m\u00edst v \u010cR d\u00edky t\u011b\u017eb\u011b Lithia v Kru\u0161n\u00fdch hor\u00e1ch bude pro n\u00e1\u0161 st\u00e1t prosp\u011b\u0161n\u00e9. Le\u010d jak zn\u00e1mo, prvn\u00ed pohled leckdy klame, a \u010f\u00e1bel se skr\u00fdv\u00e1 v detailech.<\/p>\n<p>Detail prvn\u00ed: D\u011blnick\u00fd plat ve firm\u011b CATL v N\u011bmecku, (<a href=\"https:\/\/www.kununu.com\/de\/contemporary-amperex-technology-thuringia1\/gehalt\">plat obsluhy stroje a dal\u0161\u00ed zde<\/a>, jde o pobo\u010dku firmy CATL proto jin\u00fd n\u00e1zev),\u00a0<a href=\"https:\/\/www.destatis.de\/DE\/Themen\/Arbeit\/Verdienste\/Verdienste-Branche-Berufe\/_inhalt.html\">nyn\u00ed \u010din\u00ed 60% pr\u016fm\u011brn\u00e9ho n\u011bmeck\u00e9ho platu<\/a>. Je tak jasn\u00e9, \u017ee nejde o \u017e\u00e1dnou \u201cmozkovnu\u201d, ale o typickou \u201cmontovnu\u201d.<\/p>\n<p><a href=\"https:\/\/www.michalapetr.com\/map-2280-brusel-rozjel-operaci-kradez-ceskeho-lithia-cesko-se-ma-stat-tzv-tezebni-kolonii-zapadni-eu-operace-se-provadi-podle-tzv-srbskeho-manualu\/\">Michael Svato\u0161<\/a><\/p>\n<p><img decoding=\"async\" loading=\"lazy\" class=\"alignnone size-full wp-image-27204\" src=\"http:\/\/www.infokuryr.cz\/n\/wp-content\/uploads\/2023\/05\/Michael_Svatos.png\" alt=\"\" width=\"180\" height=\"180\" srcset=\"https:\/\/www.infokuryr.cz\/n\/wp-content\/uploads\/2023\/05\/Michael_Svatos.png 180w, https:\/\/www.infokuryr.cz\/n\/wp-content\/uploads\/2023\/05\/Michael_Svatos-150x150.png 150w\" sizes=\"(max-width: 180px) 100vw, 180px\" \/><\/p>\n<p>&nbsp;<\/p>\n","protected":false},"excerpt":{"rendered":"<p>Brusel rozjel operaci \u201cKr\u00e1de\u017e \u010desk\u00e9ho lithia\u201d! \u010cesko se m\u00e1 st\u00e1t tzv. \u201ct\u011b\u017eebn\u00ed koloni\u00ed\u201d Z\u00e1padn\u00ed EU,&#8230;<\/p>\n","protected":false},"author":2,"featured_media":44009,"comment_status":"closed","ping_status":"closed","sticky":false,"template":"","format":"standard","meta":[],"categories":[6],"tags":[1042,506,41,1566,2230],"_links":{"self":[{"href":"https:\/\/www.infokuryr.cz\/n\/wp-json\/wp\/v2\/posts\/77014"}],"collection":[{"href":"https:\/\/www.infokuryr.cz\/n\/wp-json\/wp\/v2\/posts"}],"about":[{"href":"https:\/\/www.infokuryr.cz\/n\/wp-json\/wp\/v2\/types\/post"}],"author":[{"embeddable":true,"href":"https:\/\/www.infokuryr.cz\/n\/wp-json\/wp\/v2\/users\/2"}],"replies":[{"embeddable":true,"href":"https:\/\/www.infokuryr.cz\/n\/wp-json\/wp\/v2\/comments?post=77014"}],"version-history":[{"count":0,"href":"https:\/\/www.infokuryr.cz\/n\/wp-json\/wp\/v2\/posts\/77014\/revisions"}],"wp:featuredmedia":[{"embeddable":true,"href":"https:\/\/www.infokuryr.cz\/n\/wp-json\/wp\/v2\/media\/44009"}],"wp:attachment":[{"href":"https:\/\/www.infokuryr.cz\/n\/wp-json\/wp\/v2\/media?parent=77014"}],"wp:term":[{"taxonomy":"category","embeddable":true,"href":"https:\/\/www.infokuryr.cz\/n\/wp-json\/wp\/v2\/categories?post=77014"},{"taxonomy":"post_tag","embeddable":true,"href":"https:\/\/www.infokuryr.cz\/n\/wp-json\/wp\/v2\/tags?post=77014"}],"curies":[{"name":"wp","href":"https:\/\/api.w.org\/{rel}","templated":true}]}}