{"id":77006,"date":"2025-04-22T05:46:10","date_gmt":"2025-04-22T03:46:10","guid":{"rendered":"https:\/\/www.infokuryr.cz\/n\/?p=77006"},"modified":"2025-04-22T05:54:31","modified_gmt":"2025-04-22T03:54:31","slug":"jan-campbell-siova-navsteva-tri-zemi-jihovychodni-asie-jako-prodlouzeni-vyzvy","status":"publish","type":"post","link":"https:\/\/www.infokuryr.cz\/n\/2025\/04\/22\/jan-campbell-siova-navsteva-tri-zemi-jihovychodni-asie-jako-prodlouzeni-vyzvy\/","title":{"rendered":"Jan Campbell: Siova n\u00e1v\u0161t\u011bva t\u0159\u00ed zem\u00ed jihov\u00fdchodn\u00ed Asie jako prodlou\u017een\u00ed v\u00fdzvy &#8230;"},"content":{"rendered":"<div id=\"fb-root\"><\/div>\n<h2>&#8230; k budov\u00e1n\u00ed komunity se sd\u00edlenou budoucnost\u00ed se sousedn\u00edmi zem\u011bmi \u010c\u00edny<\/h2>\n<h3><strong>\u00davod<\/strong><\/h3>\n<p>Americk\u00fd prezident Donald Trump vyhl\u00e1sil celn\u00ed v\u00e1lku sv\u011btu, jen aby na 90 dn\u00ed poslal v\u0161e k ledu s obratem o 180 stup\u0148\u016f. Byl to pl\u00e1n g\u00e9nia od sam\u00e9ho po\u010d\u00e1tku, podle vypr\u00e1v\u011bn\u00ed jeho n\u00e1sledovn\u00edk\u016f: obchodn\u00ed partne\u0159i USA mu pr\u00fd &#8222;<i>l\u00edbaj\u00ed prdel<\/i>&#8220; (v\u00fdraz prezidenta) a mnoz\u00ed cht\u011bj\u00ed uzav\u0159\u00edt s\u00a0n\u00edm novou dohodu. Ve skute\u010dnosti ale n\u011bkdo prezidentovi poradil zpomalit a d\u00e1t zp\u00e1te\u010dku, alespo\u0148 na \u010d\u00e1st zbo\u017e\u00ed. Mega cla na smartphony a notebooky z\u00a0\u010c\u00edny nebude platit Peking.<\/p>\n<p>\u010c\u00edn\u011b se proto nab\u00edz\u00ed unik\u00e1tn\u00ed p\u0159\u00edle\u017eitosti. Jak\u00e9? Za prv\u00e9: P\u0159ehodnotit taktiku v obchodn\u00edch vztaz\u00edch s\u00a0EU a se zem\u011bmi jihov\u00fdchodn\u00ed Asie. Za druh\u00e9: Uv\u011bdomit si, \u017ee my\u0161len\u00ed z\u00e1padn\u00edch vojensk\u00fdch strat\u00e9g\u016f, kte\u0159\u00ed dlouho snili o rozhodn\u00fdch a rychl\u00fdch v\u00edt\u011bzstv\u00edch s\u00a0pomoc\u00ed technologick\u00e9 p\u0159evahy a drtiv\u00e9 s\u00edly, neodpov\u00edd\u00e1 duchu nov\u00e9 doby a objektivn\u00edm trend\u016fm formuj\u00edc\u00edch nov\u00fd sv\u011btov\u00fd \u0159\u00e1d.<\/p>\n<p>Konflikty ve Vietnamu, Afgh\u00e1nist\u00e1nu, na Ukrajin\u011b a v\u00a0Gaze dokazuj\u00ed, nehled\u011b na n\u011bkter\u00e9 p\u0159ekvapiv\u00e9 akce, jak obt\u00ed\u017en\u00e9 je dov\u00e9st v\u00e1lku k uspokojiv\u00e9mu konci. P\u0159ehnan\u00e1 sebed\u016fv\u011bra Z\u00e1padu znamen\u00e1, \u017ee si neuv\u011bdomuje meze vojensk\u00e9 s\u00edly. Stanovuje si c\u00edle, kter\u00fdch lze dos\u00e1hnout, pokud v\u016fbec, pouze prost\u0159ednictv\u00edm dlouhodob\u00e9ho boje. Jedn\u00edm z m\u00fdt\u016f vojensk\u00e9 s\u00edly je to, \u017ee slibuje p\u0159iv\u00e9st konflikty k rychl\u00e9mu a rozhodn\u00e9mu konci. V\u00a0praxi, jak m\u016f\u017eeme pozorovat se to st\u00e1v\u00e1 jen z\u0159\u00eddka. Pro\u010d? Proto\u017ee vojensk\u00e1 strategie mus\u00ed b\u00fdt spojena s jasn\u00fdm a omezen\u00fdm politick\u00fdm \u00fa\u010delem. A ten \u010dasto chyb\u00ed. Deficit m\u00e1 sv\u00e9 ko\u0159eny v\u00a0iluzi o v\u011bd\u011bn\u00ed.<\/p>\n<p>Prezident Trump si je uveden\u00fdch skute\u010dnost\u00ed pln\u011b v\u011bdom. Proto vyhl\u00e1sil sv\u011btu celn\u00ed a obchodn\u00ed v\u00e1lku v\u00a0nad\u011bji, \u017ee vznikne fronta vyjedn\u00e1v\u00e1n\u00ed nov\u00fdch dohod a investic ve Spojen\u00fdch st\u00e1tech. Mezit\u00edm v\u0161ak celn\u00ed a obchodn\u00ed v\u00e1lka ohla\u0161uje svoji cenu.<\/p>\n<p>Celn\u00ed a obchodn\u00ed v\u00e1lka vyhl\u00e1\u0161en\u00e1 prezidentem Trumpem p\u0159edstavuje hluk, kter\u00fd ot\u0159\u00e1s\u00e1 sv\u011btem, bur\u00e1c\u00ed u\u0161i a odv\u00e1d\u00ed pozornost od toho podstatn\u00e9ho. Den za dnem tla\u010d\u00ed na publikum a bere mu \u010das a s\u00edlu soust\u0159edit se. A jako by to nesta\u010dilo, vrchol dom\u00fd\u0161livosti a drzosti teprve p\u0159ijde. Spo\u010d\u00edv\u00e1 v tom, \u017ee bylo dohodnuto, \u017ee hluk na\u0161\u00ed doby bude nazv\u00e1n\u00a0<i>kulturou<\/i>. Jako by kultura nebyla n\u011b\u010d\u00edm zcela jin\u00fdm ne\u017e narychlo hozen\u00fdmi produkty bulv\u00e1ru, kter\u00e9 v ka\u017ed\u00e9m p\u0159\u00edpad\u011b st\u00e1le v\u00edce okr\u00e1daj\u00ed nervy t\u011bm, kte\u0159\u00ed pohrdaj\u00ed rozpt\u00fdlen\u00edm. Proto doporu\u010duji: Mluviti st\u0159\u00edbro, ml\u010deti zlato. Podobn\u00e9 se traduje i v\u00a0\u010c\u00edn\u011b a reakce \u010c\u00edny na cla to potvrzuje.<\/p>\n<h3><strong>Vize budov\u00e1n\u00ed komunity se sd\u00edlenou budoucnost\u00ed lidstva<\/strong><\/h3>\n<p>Vize, kterou navrhl prezident Si \u0164in-pching, se stala celosv\u011btov\u00fdm konsensem a byla p\u0159evedena do realizace a \u010din\u016f. V\u00a0kontextu vize se nach\u00e1z\u00ed pojistky pro \u0159\u00edzen\u00ed extr\u00e9mn\u00edch situac\u00ed, z\u00a0nich\u017e jednu p\u0159edstavuje celn\u00ed a obchodn\u00ed v\u00e1lka. Jedn\u00e1 se o intensivn\u00ed rozvoj a podporu bilater\u00e1ln\u00edch vztah\u016f, rozvoj a podpora BRI a obchodu v\u00a0jihov\u00fdchodn\u00ed Asii a v\u00a0neposledn\u00ed \u0159ad\u011b podpora vnit\u0159n\u00edho konsumu, r\u016fstu a inovac\u00ed, p\u0159edev\u0161\u00edm v\u00a0dob\u011b po covidu. Potvrzuje to pond\u011bln\u00ed prohl\u00e1\u0161en\u00ed na tiskov\u00e9 konferenci n\u00e1m\u011bstka gener\u00e1ln\u00edho \u0159editele \u010d\u00ednsk\u00e9ho Gener\u00e1ln\u00edho celn\u00edho \u00fa\u0159adu Wang Lingjuna:\u00a0<i>Tv\u00e1\u0159\u00ed v tv\u00e1\u0159 americk\u00fdm cl\u016fm m\u00e1 \u010c\u00edna v \u00famyslu rozv\u00edjet vz\u00e1jemn\u011b v\u00fdhodnou a oboustrann\u011b v\u00fdhodnou obchodn\u00ed a ekonomickou spolupr\u00e1ci se v\u0161emi zem\u011bmi<\/i>\u2026<i>\u010c\u00edna bude d\u016fsledn\u011b prosazovat otev\u0159en\u00ed se vn\u011bj\u0161\u00edmu sv\u011btu na vysok\u00e9 \u00farovni a rozv\u00edjet vz\u00e1jemn\u011b a oboustrann\u011b v\u00fdhodnou obchodn\u00ed a hospod\u00e1\u0159skou spolupr\u00e1ci se v\u0161emi zem\u011bmi.<\/i><\/p>\n<p>V\u00a0kontextu napsan\u00e9ho a vysloven\u00e9ho \u0159editelem Gener\u00e1ln\u00edho celn\u00edho \u00fa\u0159adu se nach\u00e1z\u00ed d\u016fle\u017eit\u00fd projev prezidenta Si na \u00fast\u0159edn\u00ed konferenci o pr\u00e1ci souvisej\u00edc\u00ed se sousedn\u00edmi zem\u011bmi v Pekingu. Konference se konala od 8. do 9. dubna. Prezident Si vyzval k vybudov\u00e1n\u00ed komunity se sd\u00edlenou budoucnost\u00ed se sousedn\u00edmi zem\u011bmi a otev\u0159en\u00ed nov\u00fdch mo\u017enost\u00ed pro spolupr\u00e1ci. Ve sv\u00e9m projevu systematicky shrnul \u00fasp\u011bchy a zku\u0161enosti \u010d\u00ednsk\u00e9 pr\u00e1ce v nov\u00e9 \u00e9\u0159e, v\u011bdecky analyzoval sou\u010dasnou situaci a nast\u00ednil c\u00edle, \u00fakoly, n\u00e1pady a opat\u0159en\u00ed pro dal\u0161\u00ed f\u00e1zi sousedsk\u00e9 spolupr\u00e1ce. Na takovou spolupr\u00e1ci je pot\u0159eba se dob\u0159e p\u0159ipravit, proto\u017ee se jedn\u00e1 o potenci\u00e1ln\u00ed zv\u00fd\u0161en\u00ed objemu spolupr\u00e1ce s\u00a0Japonskem, Ji\u017en\u00ed Koreou a dal\u0161\u00edmi st\u00e1ty, kter\u00e9 byly neo\u010dek\u00e1van\u011b posti\u017eeny americk\u00fdmi cly a jsou v\u00edce z\u00e1visl\u00e9 na USA, ne\u017e je \u010c\u00edna. A tak\u00e9 o d\u016fle\u017eitou bezpe\u010dnostn\u00ed a diplomatickou z\u00e1le\u017eitost, kter\u00e1 vy\u017eaduje nahl\u00ed\u017een\u00ed na sousedn\u00ed regiony z glob\u00e1ln\u00ed perspektivy ve smyslu odpov\u011bdnosti p\u0159i prosazov\u00e1n\u00ed pr\u00e1ce v sousedstv\u00ed \u010c\u00edny.<\/p>\n<p>Proto i premi\u00e9r Li \u010cchiang p\u0159i zased\u00e1n\u00ed zd\u016fraznil pot\u0159ebu d\u016fsledn\u011b uplat\u0148ovat ducha d\u016fle\u017eit\u00e9ho projevu prezidenta Si a sv\u011bdomit\u011b plnit r\u016fzn\u00e9 \u00fakoly v pr\u00e1ci souvisej\u00edc\u00ed se sousedn\u00edmi zem\u011bmi.<\/p>\n<p>Konference se z\u00fa\u010dastnili tak\u00e9 \u010dlenov\u00e9 st\u00e1l\u00e9ho v\u00fdboru politbyra \u00dast\u0159edn\u00edho v\u00fdboru Komunistick\u00e9 strany \u010c\u00edny, v\u010detn\u011b Li \u010cchianga, \u010cao Le-\u0165iho, Wang Chu-ninga, Cchaj \u010cchiho, Ding S\u00fce-sianga a Li Siho, a viceprezident Chan \u010ceng.<\/p>\n<h3><strong>P\u011btidenn\u00ed cesta do sousedn\u00edch zem\u00ed<\/strong><\/h3>\n<p>Prezident Si \u0164in-pching kon\u00e1 n\u00e1v\u0161t\u011bvu t\u0159\u00ed zem\u00ed jihov\u00fdchodn\u00ed Asie \u2013 Vietnam, Malajsii a Kambod\u017eu. P\u011btidenn\u00ed cesta do sousedn\u00edch zem\u00ed p\u0159edstavuje prvn\u00ed zahrani\u010dn\u00ed cestu prezidenta Si v tomto roce.<\/p>\n<p>N\u00e1v\u0161t\u011bvy lze hodnotit jako prodlou\u017een\u00ed v\u00fdzvy k budov\u00e1n\u00ed komunity se sd\u00edlenou budoucnost\u00ed se sousedn\u00edmi zem\u011bmi \u010c\u00edny. Sousedn\u00ed zem\u011b jsou prioritou \u010d\u00ednsk\u00e9 diplomacie i proto, \u017ee jsou dobr\u00fdmi sousedy, p\u0159\u00e1teli a partnery se spole\u010dnou budoucnost\u00ed a maj\u00ed z\u00e1sadn\u00ed v\u00fdznam pro Sdru\u017een\u00ed n\u00e1rod\u016f jihov\u00fdchodn\u00ed Asie (ASEAN) jako celek.<\/p>\n<p>Cesta do Vietnamu se shoduje se 75. v\u00fdro\u010d\u00edm diplomatick\u00fdch vztah\u016f mezi \u010c\u00ednou a Vietnamem. Si naposledy nav\u0161t\u00edvil Vietnam v prosinci 2023, kdy se ob\u011b strany dohodly na vybudov\u00e1n\u00ed \u010d\u00ednsko-vietnamsk\u00e9ho spole\u010denstv\u00ed se spole\u010dnou budoucnost\u00ed. Pro informaci uv\u00e1d\u00edm, \u017ee \u010c\u00edna je nejv\u011bt\u0161\u00edm obchodn\u00edm partnerem Vietnamu od roku 2004, zat\u00edmco Vietnam je nejv\u011bt\u0161\u00edm obchodn\u00edm partnerem \u010c\u00edny v r\u00e1mci ASEAN od roku 2016. Podle \u00fadaj\u016f \u010d\u00ednsk\u00e9ho ministerstva obchodu objem bilater\u00e1ln\u00edho obchodu p\u0159es\u00e1hl \u010dty\u0159i roky po sob\u011b 200 miliard dolar\u016f a v roce 2024 dos\u00e1hl 260,65 miliardy dolar\u016f.<\/p>\n<p>Co se t\u00fd\u010de Malajsie, prezident Si naposledy nav\u0161t\u00edvil Malajsii v roce 2013, kdy ob\u011b zem\u011b pov\u00fd\u0161ily vztahy na komplexn\u00ed strategick\u00e9 partnerstv\u00ed. O deset let pozd\u011bji Si a malajsijsk\u00fd premi\u00e9r Anwar Ibrahim dos\u00e1hli dohody o spole\u010dn\u00e9m budov\u00e1n\u00ed \u010d\u00ednsko-malajsijsk\u00e9ho spole\u010denstv\u00ed se spole\u010dnou budoucnost\u00ed. \u010c\u00edna je nejv\u011bt\u0161\u00edm obchodn\u00edm partnerem Malajsie ji\u017e 16 let, p\u0159i\u010dem\u017e objem v roce 2024 dos\u00e1hl historick\u00e9ho maxima 212,04 miliardy USD.<\/p>\n<p>N\u00e1v\u0161t\u011bva prezidenta Si v\u00a0Malajsii bude znamenat d\u016fle\u017eit\u00fd miln\u00edk v podpo\u0159e zlep\u0161ov\u00e1n\u00ed vztah\u016f mezi \u010c\u00ednou a Malajsi\u00ed v\u00a0chaotick\u00e9 dob\u011b zvy\u0161ov\u00e1n\u00ed nap\u011bt\u00ed na mo\u0159sk\u00fdch obchodn\u00edch tras\u00e1ch.<\/p>\n<p>Co se t\u00fd\u010de Kambod\u017ee, to lze hovo\u0159it o neochv\u011bjn\u00e9m p\u0159\u00e1telstv\u00ed, upevn\u011bn\u00e9m n\u00e1v\u0161t\u011bvou prezidenta Si v\u00a0Kambod\u017ei v\u00a0roce 2016 a n\u00e1v\u0161t\u011bvou kambod\u017esk\u00e9ho premi\u00e9ra Huna Maneta ihned po n\u00e1stupu do \u00fa\u0159adu v\u00a0z\u00e1\u0159\u00ed 2023. Jedn\u00e1 se symbolick\u00e9 gesto odr\u00e1\u017eej\u00edc\u00ed diplomatickou prioritu Kambod\u017ee a bezpochybnou podporu spolupr\u00e1ce v\u00a0r\u00e1mci projektu\u00a0<i>Diamond Hexagon<\/i>. Jedn\u00e1 se o rozvoj pr\u016fmyslov\u00e9ho\u00a0<i>koridoru pro ryby a r\u00fd\u017ei<\/i>. Dohoda o voln\u00e9m obchodu mezi \u010c\u00ednou a Kambod\u017eou, kter\u00e1 vstoupila v platnost 1. ledna 2022, p\u0159edstavuje v\u016fbec prvn\u00ed dvoustrannou dohodu o voln\u00e9m obchodu v Kambod\u017ei. V roce 2024 dos\u00e1hl objem obchodu mezi Kambod\u017eou a \u010c\u00ednou 15,1 miliardy dolar\u016f, co\u017e p\u0159edstavuje meziro\u010dn\u00ed n\u00e1r\u016fst o 23,8 procenta.<\/p>\n<h3><strong>Z\u00e1v\u011br<\/strong><\/h3>\n<p>Dosavadn\u00ed snaha prezidenta Trumpa rozv\u00edjet obchodn\u00ed vztahy s Moskvou za \u00fa\u010delem stabilizace regionu p\u0159edstavuje p\u0159\u00edle\u017eitost pro \u010c\u00ednu, proto\u017ee se ve sv\u00e9 podstat\u011b jedn\u00e1 o p\u0159izn\u00e1n\u00ed m\u00fdtu o vojensk\u00fdch technologi\u00edch a s\u00edle jako instrumentu pro \u0159e\u0161en\u00ed glob\u00e1ln\u00edch probl\u00e9m\u016f a sou\u010dasn\u011b o potvrzen\u00ed d\u016fle\u017eitosti obchodn\u00ed spolupr\u00e1ce pro podporu m\u00edru a bezpe\u010dnosti a t\u00edm i budov\u00e1n\u00ed komunity se sd\u00edlenou budoucnost\u00ed lidstva.<\/p>\n<p>Je nezbytn\u00e9 uv\u011bdomit si, \u017ee nov\u00e9 technologie se vyv\u00edjej\u00ed p\u0159\u00edli\u0161 rychle, sektorov\u00e1, mezist\u00e1tn\u00ed a civiliza\u010dn\u00ed konkurence v\u00a0dob\u011b antropologick\u00e9 v\u00e1lky je extr\u00e9mn\u011b tvrd\u00e1 a nep\u0159\u00edtel nikdy nesp\u00ed.<\/p>\n<p>Veden\u00ed KS \u010c\u00edny to v\u00ed a proto nepanika\u0159\u00ed. P\u0159\u00edstup k nov\u00e9 situaci se mi jev\u00ed jako p\u0159edem velmi p\u0159ipraven\u00fd, proto\u017ee se vyh\u00fdb\u00e1 r\u00e9torick\u00e9 eskalaci, prezidenta Trumpa r\u00e9toricky nenapad\u00e1, reaguje r\u00e1zn\u011b a nebude lehkov\u00e1\u017en\u011b ustupovat. \u010c\u00edna t\u00edm d\u00e1v\u00e1 najevo, \u017ee ve\u0161ker\u00e1 odpov\u011bdnost za turbulence v mezin\u00e1rodn\u00edm obchodu n\u00e1le\u017e\u00ed administrativ\u011b ve Washingtonu. Proto prezident Si nekontaktoval prezidenta Trumpa, aby se spolu pokusili celn\u00ed v\u00e1lku urovnat.<\/p>\n<p><strong><em>Jan Campbell<\/em><\/strong><\/p>\n<p>&nbsp;<\/p>\n","protected":false},"excerpt":{"rendered":"<p>&#8230; k budov\u00e1n\u00ed komunity se sd\u00edlenou budoucnost\u00ed se sousedn\u00edmi zem\u011bmi \u010c\u00edny \u00davod Americk\u00fd prezident Donald&#8230;<\/p>\n","protected":false},"author":2,"featured_media":47088,"comment_status":"closed","ping_status":"closed","sticky":false,"template":"","format":"standard","meta":[],"categories":[6],"tags":[1042,760,30,2181],"_links":{"self":[{"href":"https:\/\/www.infokuryr.cz\/n\/wp-json\/wp\/v2\/posts\/77006"}],"collection":[{"href":"https:\/\/www.infokuryr.cz\/n\/wp-json\/wp\/v2\/posts"}],"about":[{"href":"https:\/\/www.infokuryr.cz\/n\/wp-json\/wp\/v2\/types\/post"}],"author":[{"embeddable":true,"href":"https:\/\/www.infokuryr.cz\/n\/wp-json\/wp\/v2\/users\/2"}],"replies":[{"embeddable":true,"href":"https:\/\/www.infokuryr.cz\/n\/wp-json\/wp\/v2\/comments?post=77006"}],"version-history":[{"count":1,"href":"https:\/\/www.infokuryr.cz\/n\/wp-json\/wp\/v2\/posts\/77006\/revisions"}],"predecessor-version":[{"id":77013,"href":"https:\/\/www.infokuryr.cz\/n\/wp-json\/wp\/v2\/posts\/77006\/revisions\/77013"}],"wp:featuredmedia":[{"embeddable":true,"href":"https:\/\/www.infokuryr.cz\/n\/wp-json\/wp\/v2\/media\/47088"}],"wp:attachment":[{"href":"https:\/\/www.infokuryr.cz\/n\/wp-json\/wp\/v2\/media?parent=77006"}],"wp:term":[{"taxonomy":"category","embeddable":true,"href":"https:\/\/www.infokuryr.cz\/n\/wp-json\/wp\/v2\/categories?post=77006"},{"taxonomy":"post_tag","embeddable":true,"href":"https:\/\/www.infokuryr.cz\/n\/wp-json\/wp\/v2\/tags?post=77006"}],"curies":[{"name":"wp","href":"https:\/\/api.w.org\/{rel}","templated":true}]}}