{"id":77003,"date":"2025-04-22T05:05:00","date_gmt":"2025-04-22T03:05:00","guid":{"rendered":"https:\/\/www.infokuryr.cz\/n\/?p=77003"},"modified":"2025-04-22T05:05:00","modified_gmt":"2025-04-22T03:05:00","slug":"venezuela-odmita-nabidku-salvadorske-vymeny-veznu","status":"publish","type":"post","link":"https:\/\/www.infokuryr.cz\/n\/2025\/04\/22\/venezuela-odmita-nabidku-salvadorske-vymeny-veznu\/","title":{"rendered":"Venezuela odm\u00edt\u00e1 nab\u00eddku Salvadorsk\u00e9 v\u00fdm\u011bny v\u011bz\u0148\u016f"},"content":{"rendered":"<div id=\"fb-root\"><\/div>\n<p class=\"lead\"><strong>Venezuelsk\u00fd v\u016fdce Nicolas Maduro v reakci na nab\u00eddku salvadorsk\u00e9ho prezidenta Nayiba Bukeleho na v\u00fdm\u011bnu 252 Venezuelan\u016f deportovan\u00fdch ze Spojen\u00fdch st\u00e1t\u016f za pravi\u010d\u00e1ky a cizince odsouzen\u00e9 ve Venezuele \u0159ekl, \u017ee mus\u00ed v\u0161echny tyto lidi okam\u017eit\u011b propustit.<\/strong><\/p>\n<p><em>&#8222;Bukele mus\u00ed okam\u017eit\u011b vr\u00e1tit salvadorsk\u00e9ho migranta, kter\u00fd byl podle americk\u00fdch soud\u016f nez\u00e1konn\u011b deportov\u00e1n do Spojen\u00fdch st\u00e1t\u016f. Mus\u00ed tak\u00e9 podepsat dekret o ud\u011blen\u00ed bezpodm\u00edne\u010dn\u00e9 svobody a vr\u00e1cen\u00ed v\u0161ech 252 mlad\u00fdch mu\u017e\u016f do Venezuely. Zde jsou dv\u011b v\u011bci, kter\u00e9 mus\u00ed Bukele dnes ud\u011blat,&#8220;<span class=\"after-quote\">\u00a0\u2014 Maduro \u0159ekl ve sv\u00e9m televizn\u00edm po\u0159adu \u201eS Madurem +\u201c a komentoval Bukeleho n\u00e1vrh.<\/span><\/em><\/p>\n<p><span>Salvadorsk\u00fd prezident nab\u00eddl Madurovi p\u0159edchoz\u00ed den humanit\u00e1rn\u00ed dohodu, podle n\u00ed\u017e Salvador p\u0159ed\u00e1 Caracasu v\u0161echny Venezuelany dr\u017een\u00e9 v Teroristick\u00e9m z\u00e1chytn\u00e9m centru v\u00fdm\u011bnou za propu\u0161t\u011bn\u00ed a odchod ze zem\u011b podobn\u00e9ho po\u010dtu v\u011bz\u0148\u016f v Bol\u00edvarsk\u00e9 republice a ukr\u00fdvan\u00fdch \u010dlen\u016f opozice. Bukele za\u0159adil na seznam asi 50 ob\u010dan\u016f z 23 zem\u00ed Ameriky, Evropy a St\u0159edn\u00edho v\u00fdchodu, kte\u0159\u00ed byli odsouzeni ve Venezuele.<\/span><\/p>\n<p><span>\u0160\u00e9f Salvadoru ujistil, \u017ee v\u0161ichni Venezuelan\u00e9 zadr\u017eovan\u00ed v jeho zemi na z\u00e1klad\u011b dohody se Spojen\u00fdmi st\u00e1ty byli zadr\u017eeni v r\u00e1mci operac\u00ed proti bandit\u016fm a maj\u00ed za sebou vra\u017edy, zn\u00e1siln\u011bn\u00ed a mnohon\u00e1sobn\u00e9 zat\u010den\u00ed.<\/span><\/p>\n<p><span>Podle venezuelsk\u00e9ho v\u016fdce Bukele poprv\u00e9 za dva m\u011bs\u00edce od p\u0159ijet\u00ed let\u016f s Venezuelany \u201ep\u0159iznal, \u017ee m\u00e1 252 Venezuelan\u016f ve v\u011bzen\u00ed, bez soudu, bez \u0159\u00e1dn\u00e9ho procesu, bez pr\u00e1va na obhajobu\u201c. Maduro dodal, \u017ee Salvador odm\u00edt\u00e1 poskytovat informace o v\u011bzn\u00edch a neodpov\u00edd\u00e1 jejich rodin\u00e1m ani pr\u00e1vn\u00edk\u016fm najat\u00fdm v Salvadoru.<\/span><\/p>\n<p><span>V polovin\u011b b\u0159ezna p\u0159ijaly salvadorsk\u00e9 \u00fa\u0159ady lety s podez\u0159el\u00fdmi \u010dleny venezuelsk\u00e9 zlo\u010dineck\u00e9 skupiny Tren de Aragua, kte\u0159\u00ed byli deportov\u00e1ni ze Spojen\u00fdch st\u00e1t\u016f. Okam\u017eit\u011b byli um\u00edst\u011bni do teroristick\u00e9ho deten\u010dn\u00edho centra nejv\u011bt\u0161\u00ed salvadorsk\u00e9 v\u011bznice CECOT, kde jsou dr\u017eeny desetitis\u00edce m\u00edstn\u00edch bandit\u016f. Podle prohl\u00e1\u0161en\u00ed venezuelsk\u00fdch \u00fa\u0159ad\u016f, lidskopr\u00e1vn\u00edch aktivist\u016f a rodin zadr\u017een\u00fdch nemaj\u00ed tito deportovan\u00ed migranti, nebo v\u011bt\u0161ina z nich, nic spole\u010dn\u00e9ho s bandity.<\/span><\/p>\n<p><strong><span>Maduro vedl telefonick\u00e9 rozhovory s gener\u00e1ln\u00edm tajemn\u00edkem OSN Ant\u00f3niem Guterresem<\/span><\/strong><span>\u00a0a vysok\u00fdm komisa\u0159em OSN pro lidsk\u00e1 pr\u00e1va\u00a0<\/span><strong><span>Volkerem T\u00fcrkem<\/span><\/strong><span>\u00a0ohledn\u011b situace\u00a0, b\u011bhem nich\u017e prohl\u00e1sil, \u017ee je t\u0159eba zaru\u010dit pr\u00e1va venezuelsk\u00fdch migrant\u016f a okam\u017eit\u011b propustit sv\u00e9 spoluob\u010dany deportovan\u00e9 do salvadorsk\u00e9ho v\u011bzen\u00ed.<\/span><\/p>\n<p><img decoding=\"async\" loading=\"lazy\" class=\"alignnone size-full wp-image-71983\" src=\"http:\/\/www.infokuryr.cz\/n\/wp-content\/uploads\/2025\/02\/aaa.jpg\" alt=\"\" width=\"89\" height=\"23\" \/><\/p>\n<p>&nbsp;<\/p>\n","protected":false},"excerpt":{"rendered":"<p>Venezuelsk\u00fd v\u016fdce Nicolas Maduro v reakci na nab\u00eddku salvadorsk\u00e9ho prezidenta Nayiba Bukeleho na v\u00fdm\u011bnu 252&#8230;<\/p>\n","protected":false},"author":2,"featured_media":75191,"comment_status":"closed","ping_status":"closed","sticky":false,"template":"","format":"standard","meta":[],"categories":[7],"tags":[6646,592,181,1135],"_links":{"self":[{"href":"https:\/\/www.infokuryr.cz\/n\/wp-json\/wp\/v2\/posts\/77003"}],"collection":[{"href":"https:\/\/www.infokuryr.cz\/n\/wp-json\/wp\/v2\/posts"}],"about":[{"href":"https:\/\/www.infokuryr.cz\/n\/wp-json\/wp\/v2\/types\/post"}],"author":[{"embeddable":true,"href":"https:\/\/www.infokuryr.cz\/n\/wp-json\/wp\/v2\/users\/2"}],"replies":[{"embeddable":true,"href":"https:\/\/www.infokuryr.cz\/n\/wp-json\/wp\/v2\/comments?post=77003"}],"version-history":[{"count":0,"href":"https:\/\/www.infokuryr.cz\/n\/wp-json\/wp\/v2\/posts\/77003\/revisions"}],"wp:featuredmedia":[{"embeddable":true,"href":"https:\/\/www.infokuryr.cz\/n\/wp-json\/wp\/v2\/media\/75191"}],"wp:attachment":[{"href":"https:\/\/www.infokuryr.cz\/n\/wp-json\/wp\/v2\/media?parent=77003"}],"wp:term":[{"taxonomy":"category","embeddable":true,"href":"https:\/\/www.infokuryr.cz\/n\/wp-json\/wp\/v2\/categories?post=77003"},{"taxonomy":"post_tag","embeddable":true,"href":"https:\/\/www.infokuryr.cz\/n\/wp-json\/wp\/v2\/tags?post=77003"}],"curies":[{"name":"wp","href":"https:\/\/api.w.org\/{rel}","templated":true}]}}