{"id":76999,"date":"2025-04-22T04:59:23","date_gmt":"2025-04-22T02:59:23","guid":{"rendered":"https:\/\/www.infokuryr.cz\/n\/?p=76999"},"modified":"2025-04-22T04:59:23","modified_gmt":"2025-04-22T02:59:23","slug":"jezuitsky-papez-a-globalisticky-emisar-odesli-spolecne-na-velikonocni-pondeli","status":"publish","type":"post","link":"https:\/\/www.infokuryr.cz\/n\/2025\/04\/22\/jezuitsky-papez-a-globalisticky-emisar-odesli-spolecne-na-velikonocni-pondeli\/","title":{"rendered":"Jezuitsk\u00fd pape\u017e a globalistick\u00fd emisar ode\u0161li spole\u010dn\u011b na Velikono\u010dn\u00ed pond\u011bl\u00ed!"},"content":{"rendered":"<div id=\"fb-root\"><\/div>\n<h4>Jezuitsk\u00fd pape\u017e a globalistick\u00fd emisar ode\u0161li spole\u010dn\u011b na Velikono\u010dn\u00ed pond\u011bl\u00ed! Pape\u017e Franti\u0161ek zem\u0159el a Klaus Schwab rezignoval! Chr\u00e1m sv\u011btov\u00e9ho sionismu se ot\u0159\u00e1sl v z\u00e1kladech, zat\u00edmco Chabad p\u0159eb\u00edr\u00e1 absolutn\u00ed kontrolu nad glob\u00e1ln\u00edmi procesy! Lond\u00fdnsk\u00e9 kancel\u00e1\u0159\u00ed ztratily sv\u00e9 v\u011brn\u00e9 k\u00e1dry, kte\u0159\u00ed l\u00edbali nohy migrant\u016fm, podporovali euroafrick\u00fd chal\u00edf\u00e1t a likvidaci Edomu zevnit\u0159!<\/h4>\n<p>Velikono\u010dn\u00ed pond\u011bl\u00ed roku 2025 vstoup\u00ed do historie, proto\u017ee v tento den se odehr\u00e1ly dv\u011b z\u00e1sadn\u00ed ud\u00e1losti, kter\u00e9 potvrzuj\u00ed p\u00e1d Lond\u00fdnsk\u00fdch kancel\u00e1\u0159\u00ed a hroucen\u00ed moci Domu Sion. Jen n\u011bkolik hodin po n\u00e1v\u0161t\u011bv\u011b americk\u00e9ho viceprezidenta J. D. Vance s man\u017eelkou ve Vatik\u00e1nu do\u0161lo k \u00famrt\u00ed pape\u017ee Franti\u0161ka. Zem\u0159el v pond\u011bl\u00ed r\u00e1no na mrtvici spojenou s krv\u00e1cen\u00edm do mozku.<\/p>\n<p><strong>Pape\u017e Franti\u0161ek byl dosazen\u00fdm emisarem Domu Sion s \u00fakolem postupn\u011b obracet Vatik\u00e1n proti Kristu a k\u0159es\u0165anstvu, velebit muslimskou migraci do Evropy a prosazovat c\u00edle Sv\u011btov\u00e9ho ekonomick\u00e9ho f\u00f3ra.<\/strong>\u00a0Pape\u017e Franti\u0161ek byl v\u016fbec prvn\u00edm jezuitsk\u00fdm pape\u017eem, a to navzdory v\u00edce ne\u017e 500 let star\u00e9mu ustanoven\u00ed, \u017ee str\u00e1\u017eci v\u00edry se nesm\u00ed uch\u00e1zet o \u00fa\u0159ad a stolec ve Vatik\u00e1nu.<\/p>\n<p>&nbsp;<\/p>\n<div id=\"rumble_v6q7h79\">\n<div id=\"vid_v6q7h79\" class=\"rumble_v6q7h79-Rumble-cls\" tabindex=\"-1\">\n<div>\n<div class=\"bigPlayUI ctp\">\n<div class=\"bigPlayUIInner ctp\"><div class='videoWrapper'>\r\n\t            <iframe src='https:\/\/rumble.com\/embed\/pj.v6q7h79\/' frameborder='0' allowfullscreen><\/iframe>\r\n\t        <\/div><\/div>\n<\/div>\n<\/div>\n<\/div>\n<\/div>\n<p>&nbsp;<\/p>\n<p>Jezuitsk\u00e1 moc vych\u00e1z\u00ed ze spojen\u00ed s \u010cernou \u0161lechtou, tedy s \u017eidovsk\u00fdmi \u0161lechtici, kte\u0159\u00ed se od po\u010d\u00e1tku renesance propojili nejprve s evropskou \u0161lechtou a pot\u00e9 pozd\u011bji po 30-let\u00e9 v\u00e1lce s katolickou c\u00edrkv\u00ed skrze tzv. jezuitsk\u00e9 koleje, kter\u00e9 za pen\u00edze od \u0161lechty a Domu Sion za\u010daly popularizovat tzv. my\u0161lenky\u00a0<em>\u017eidok\u0159es\u0165anstv\u00ed<\/em>. Moc Jezuit\u016f vych\u00e1zela z obrovsk\u00e9ho propojen\u00ed na \u0161lechtu a banky pod kontrolou Domu Sion.<\/p>\n<p>P\u0159ed dv\u011bma t\u00fddny jsem o tom hovo\u0159il na SVCS\u00a0<strong>[<a href=\"https:\/\/href.li\/?https:\/\/odysee.com\/@radiosvstudiotapinradio:5\/panvk-376:b?r=239ApBNr9suXTwyXtZiBE9N7jG7HiXDH&amp;t=5669\" target=\"_blank\" rel=\"nofollow noopener\">1<\/a>]<\/strong>\u00a0a shodou okolnost\u00ed o tom nyn\u00ed hovo\u0159il i Alex Jones ve videu v\u00fd\u0161e. Alex pou\u017e\u00edv\u00e1 pro sv\u011btov\u00e9 sionisty jejich star\u00fd pracovn\u00ed n\u00e1zev \u201c<em>globalist\u00e9<\/em>\u201d a i kdy\u017e to je spr\u00e1vn\u011b, tak dnes ji\u017e konceptu\u00e1ln\u011b je toto ozna\u010den\u00ed nep\u0159esn\u00e9, proto\u017ee globalizaci dnes spole\u010dn\u00e9 s p\u0159esunem jej\u00edho \u0159\u00edzen\u00ed do \u010c\u00edny ovl\u00e1daj\u00ed Moskevsk\u00e9 kancel\u00e1\u0159e a Chabad.<\/p>\n<h2>Spolu s pape\u017eem ode\u0161el i \u0161\u00e9f Sv\u011btov\u00e9ho ekonomick\u00e9ho f\u00f3ra, i kdy\u017e zat\u00edm jen do d\u016fchodu<\/h2>\n<p>Tou druhou ud\u00e1lost\u00ed je\u00a0<strong>odstoupen\u00ed [<a href=\"https:\/\/href.li\/?https:\/\/www.reuters.com\/business\/davos-meeting-founder-klaus-schwab-steps-down-world-economic-forum-chair-2025-04-21\/\" target=\"_blank\" rel=\"nofollow noopener\">2<\/a>] Klause Schwaba z \u010dela Sv\u011btov\u00e9ho ekonomick\u00e9ho f\u00f3ra (WEF)<\/strong>, kdy tento neo\u010dek\u00e1van\u00fd krok je podle v\u0161eho spojen se smrt\u00ed pape\u017ee Franti\u0161ka, kter\u00e1 je podle v\u0161eho sign\u00e1lov\u00fdm spou\u0161t\u011b\u010dem, \u017ee n\u011bco nen\u00ed v po\u0159\u00e1dku a je pot\u0159eba se zdekovat. N\u00e1hl\u00e1 smrt pape\u017ee Franti\u0161ka jen p\u00e1r hodin po odjezdu J. D. Vance je symbolick\u00e1, proto\u017ee pr\u00e1v\u011b Donald Trump byl \u010dasto ter\u010dem kritiky pape\u017ee, a to kv\u016fli tvrd\u00e9mu postupu proti migrant\u016fm v USA.<\/p>\n<figure id=\"attachment_46657\" class=\"wp-caption aligncenter\" style=\"width: 680px;\"><a href=\"https:\/\/aeronet.news\/wp-content\/uploads\/Klaus-Schwab_WEF.jpg\"><img decoding=\"async\" loading=\"lazy\" class=\"wp-image-46657 \" src=\"https:\/\/aeronet.news\/wp-content\/uploads\/Klaus-Schwab_WEF-1024x682.jpg\" sizes=\"(max-width: 700px) 100vw, 700px\" srcset=\"https:\/\/aeronet.news\/wp-content\/uploads\/Klaus-Schwab_WEF-1024x682.jpg 1024w, https:\/\/aeronet.news\/wp-content\/uploads\/Klaus-Schwab_WEF-300x200.jpg 300w, https:\/\/aeronet.news\/wp-content\/uploads\/Klaus-Schwab_WEF-768x512.jpg 768w, https:\/\/aeronet.news\/wp-content\/uploads\/Klaus-Schwab_WEF-700x466.jpg 700w, https:\/\/aeronet.news\/wp-content\/uploads\/Klaus-Schwab_WEF-536x357.jpg 536w, https:\/\/aeronet.news\/wp-content\/uploads\/Klaus-Schwab_WEF-725x483.jpg 725w, https:\/\/aeronet.news\/wp-content\/uploads\/Klaus-Schwab_WEF.jpg 1280w\" alt=\"\" width=\"680\" height=\"453\" \/><\/a><figcaption class=\"wp-caption-text\">Klaus Scwab<\/figcaption><\/figure>\n<p>Alex Jones pova\u017euje tyto procesy za \u00fapadek globalist\u016f a globalizace, ale ve skute\u010dnosti jde o perestrojku a p\u0159esun glob\u00e1ln\u00ed moci z USA do \u010c\u00edny, a spolu s t\u00edm doch\u00e1z\u00ed k odstra\u0148ov\u00e1n\u00ed v\u016fdc\u016f star\u00e9 globalizace \u2013 pape\u017ee Francise a \u0161\u00e9fa WEF, no a to je cel\u00e9.<\/p>\n<p><strong>Tohle nen\u00ed \u00fapadek globalizace, ale naprosto typick\u00e1 restrukturalizace a p\u0159ep\u0159ah\u00e1n\u00ed kobyly.<\/strong>\u00a0Zat\u00edmco star\u00e1 globalizace byla ta\u017eena USA, ta nov\u00e1 bude ta\u017eena \u010c\u00ednou. A zat\u00edmco USA byly glob\u00e1ln\u011b \u0159\u00edzeny z Lond\u00fdna, nov\u011b bude \u010c\u00edna \u0159\u00edzena z Moskevsk\u00fdch kancel\u00e1\u0159\u00ed p\u0159\u00edmo Chabadem. \u010c\u00ednsk\u00e1 komunistick\u00e1 strana se bude muset pod\u0159\u00eddit, o tom \u017e\u00e1dn\u00e1. Koneckonc\u016f, cel\u00e1 \u010c\u00edna je dnes kapit\u00e1lov\u011b prostoupen\u00e1 Chabadem na v\u0161ech \u00farovn\u00edch \u010d\u00ednsk\u00e9ho kapit\u00e1lov\u00e9ho trhu.<\/p>\n<h2>Jezuitsk\u00fd pape\u017e plnil globalistickou agendu Euroafriky<\/h2>\n<p>Stejn\u011b jako americk\u00e1 moc se musela pod\u0159izovat Sionu, tak i \u010c\u00edna se bude muset poklonit Chabadu. Zm\u011bny ve sv\u011btov\u00e9m rozlo\u017een\u00ed ot\u0159esou i Evropou. Pape\u017e Franti\u0161ek byl k\u00e1drem Domu Sion a zast\u00e1ncem tzv.\u00a0<em>Euroafriky<\/em>\u00a0a nasunov\u00e1n\u00ed migrant\u016f z Afriky a ze zem\u00ed isl\u00e1msk\u00e9ho sv\u011bta.<\/p>\n<p>Pod\u00edlel se t\u00edm na talmudistick\u00e9m pl\u00e1nu likvidace Edomu zevnit\u0159 podle Ismaelova proroctv\u00ed. Toto proroctv\u00ed star\u00e9 v\u00edce ne\u017e 2 000 let \u0159\u00edk\u00e1, \u017ee muslimov\u00e9 zaplav\u00ed Evropu, zp\u016fsob\u00ed t\u00edm rozvrat b\u00edl\u00e9 civilizace Evropy a povedou evropsk\u00e9 voje do sebezni\u010duj\u00edc\u00ed v\u00e1lky proti kr\u00e1lovi Severu, tedy proti vl\u00e1dci Ruska, kter\u00fd srovn\u00e1 Evropu se zem\u00ed.<\/p>\n<figure id=\"attachment_63345\" class=\"wp-caption aligncenter\" style=\"width: 659px;\"><a href=\"https:\/\/aeronet.news\/wp-content\/uploads\/EuropePopulation2100.jpg\"><img decoding=\"async\" loading=\"lazy\" class=\"wp-image-63345 \" src=\"https:\/\/aeronet.news\/wp-content\/uploads\/EuropePopulation2100-865x1024.jpg\" sizes=\"(max-width: 700px) 100vw, 700px\" srcset=\"https:\/\/aeronet.news\/wp-content\/uploads\/EuropePopulation2100-865x1024.jpg 865w, https:\/\/aeronet.news\/wp-content\/uploads\/EuropePopulation2100-253x300.jpg 253w, https:\/\/aeronet.news\/wp-content\/uploads\/EuropePopulation2100-768x909.jpg 768w, https:\/\/aeronet.news\/wp-content\/uploads\/EuropePopulation2100-700x829.jpg 700w, https:\/\/aeronet.news\/wp-content\/uploads\/EuropePopulation2100-301x357.jpg 301w, https:\/\/aeronet.news\/wp-content\/uploads\/EuropePopulation2100-408x483.jpg 408w, https:\/\/aeronet.news\/wp-content\/uploads\/EuropePopulation2100.jpg 1081w\" alt=\"\" width=\"659\" height=\"780\" \/><\/a><figcaption class=\"wp-caption-text\">Jedin\u00e9 zem\u011b v Evrop\u011b, kde se do roku 2100 zv\u00fd\u0161\u00ed populace, jsou zem\u011b s nejv\u011bt\u0161\u00ed isl\u00e1mskou migrac\u00ed v Evrop\u011b \u2013 Velk\u00e1 Brit\u00e1nie, Francie a \u0160v\u00e9dsko<\/figcaption><\/figure>\n<p>P\u0159esn\u011b proto jezuitsk\u00fd pape\u017e plnil pokyn rohat\u00e9ho, kter\u00fd mu do posledn\u00edho okam\u017eiku sed\u011bl za krkem podle sv\u011bdectv\u00ed senzitivn\u00edch lid\u00ed, hluboce v\u011b\u0159\u00edc\u00edch, kte\u0159\u00ed maj\u00ed dar jasnoz\u0159ivosti. Podpora migrace zakryt\u00e1 tzv. milosrdenstv\u00edm dovedla Francii, Velkou Brit\u00e1nii a t\u0159eba i \u0160v\u00e9dsko na pokraj kolapsu a etnick\u00e9ho rozvratu. Do roku 2100 poroste v Evrop\u011b migrace jen v zem\u00edch s nejvy\u0161\u0161\u00edm muslimsk\u00fdm zastoupen\u00edm, viz mapa v\u00fd\u0161e. V\u0161echny ostatn\u00ed n\u00e1rody s b\u00edl\u00fdmi\u00a0<em>goyim<\/em>\u00a0budou vym\u00edrat.<\/p>\n<p><strong>Jednotliv\u00e9 evropsk\u00e9 st\u00e1ty jsou islamizov\u00e1ny a rovn\u011b\u017e ukrajinizov\u00e1ny, proto\u017ee Lond\u00fdn si ujasnil, \u017ee do v\u00e1lky Evropy proti Rusku mohou t\u00e1hnout muslimov\u00e9 a Ukrajinci spole\u010dn\u011b<\/strong>, i kdy\u017e ze dvou rozd\u00edln\u00fdch d\u016fvod\u016f. Islamist\u00e9 kv\u016fli tomu, \u017ee Rusov\u00e9 jsou bezv\u011brci \u010di k\u0159es\u0165an\u00e9, a Ukrajinci kv\u016fli tomu, \u017ee nen\u00e1vid\u00ed Rusy, bez ohledu na jejich v\u00edru. Proto migrace islamist\u016f a Ukrajinc\u016f je napl\u00e1nov\u00e1na a realizov\u00e1na soub\u011b\u017en\u011b.<\/p>\n<h2>Migrace jako hlavn\u00ed pape\u017eova agenda a\u017e do posledn\u00edch minut jeho \u017eivota<\/h2>\n<p>Pokud jde o smrt pape\u017ee, nen\u00ed toho moc co \u0159\u00edct. M\u00e9dia uvedla, \u017ee ve v\u011bku 88 let zem\u0159ela hlava katolick\u00e9 c\u00edrkve, pape\u017e Franti\u0161ek. Ten nastoupil na pape\u017esk\u00fd stolec v b\u0159eznu 2013 a byl prvn\u00edm pontifikem z Latinsk\u00e9 Ameriky. \u201c<em>Dnes r\u00e1no v 7:35 se \u0159\u00edmsk\u00fd biskup Franti\u0161ek vr\u00e1til do domu Otce. Cel\u00fd sv\u016fj \u017eivot zasv\u011btil slu\u017eb\u011b P\u00e1nu a sv\u00e9 c\u00edrkvi<\/em>,\u2033 uvedl v pond\u011bl\u00ed r\u00e1no v prohl\u00e1\u0161en\u00ed vatik\u00e1nsk\u00fd camerlengo kardin\u00e1l Kevin Farrell.<\/p>\n<p>Pape\u017e Franti\u0161ek \u201c<em>n\u00e1s u\u010dil \u017e\u00edt hodnoty evangelia s v\u011brnost\u00ed, odvahou a univerz\u00e1ln\u00ed l\u00e1skou, zejm\u00e9na k t\u011bm nejchud\u0161\u00edm a nejv\u00edce marginalizovan\u00fdm<\/em>,\u201d napsal Farrell. \u201c<em>S nesm\u00edrnou vd\u011b\u010dnost\u00ed za jeho p\u0159\u00edklad opravdov\u00e9ho u\u010dedn\u00edka P\u00e1na Je\u017e\u00ed\u0161e sv\u011b\u0159ujeme du\u0161i pape\u017ee Franti\u0161ka nekone\u010dn\u00e9, milosrdn\u00e9 l\u00e1sce Boha, Jedin\u00e9ho a Tribuna<\/em>,\u201d dodal kardin\u00e1l.<\/p>\n<figure id=\"attachment_63346\" class=\"wp-caption aligncenter\" style=\"width: 697px;\"><a href=\"https:\/\/aeronet.news\/wp-content\/uploads\/JDVancePopeFrancisVisit.jpg\"><img decoding=\"async\" loading=\"lazy\" class=\"wp-image-63346 \" src=\"https:\/\/aeronet.news\/wp-content\/uploads\/JDVancePopeFrancisVisit-1024x614.jpg\" sizes=\"(max-width: 700px) 100vw, 700px\" srcset=\"https:\/\/aeronet.news\/wp-content\/uploads\/JDVancePopeFrancisVisit-1024x614.jpg 1024w, https:\/\/aeronet.news\/wp-content\/uploads\/JDVancePopeFrancisVisit-300x180.jpg 300w, https:\/\/aeronet.news\/wp-content\/uploads\/JDVancePopeFrancisVisit-768x461.jpg 768w, https:\/\/aeronet.news\/wp-content\/uploads\/JDVancePopeFrancisVisit-700x420.jpg 700w, https:\/\/aeronet.news\/wp-content\/uploads\/JDVancePopeFrancisVisit-595x357.jpg 595w, https:\/\/aeronet.news\/wp-content\/uploads\/JDVancePopeFrancisVisit-805x483.jpg 805w, https:\/\/aeronet.news\/wp-content\/uploads\/JDVancePopeFrancisVisit.jpg 1280w\" alt=\"\" width=\"697\" height=\"418\" \/><\/a><figcaption class=\"wp-caption-text\">Americk\u00fd viceprezident J. D. Vance nav\u0161t\u00edvil pape\u017ee na Velikono\u010dn\u00ed ned\u011bli, den p\u0159ed jeho smrt\u00ed<\/figcaption><\/figure>\n<p>Pape\u017e Franti\u0161ek byl naposledy vid\u011bn na ve\u0159ejnosti na Velikono\u010dn\u00ed ned\u011bli, kdy se z\u00fa\u010dastnil m\u0161e svat\u00e9 na Svatopetrsk\u00e9m n\u00e1m\u011bst\u00ed ve Vatik\u00e1nu.\u00a0Tradi\u010dn\u00ed velikono\u010dn\u00ed projev p\u0159ednesl kv\u016fli pape\u017eovu \u0161patn\u00e9mu zdravotn\u00edmu stavu jeden z duchovn\u00edch. Pot\u00e9 pape\u017e vystoupil z invalidn\u00edho voz\u00edku a z balkonu baziliky svat\u00e9ho Petra zam\u00e1val j\u00e1saj\u00edc\u00edmu davu: \u201c<em>Draz\u00ed brat\u0159i a sestry, \u0161\u0165astn\u00e9 Velikonoce!<\/em>\u201c<\/p>\n<p><strong>P\u0159edt\u00edm v ned\u011bli hlava katolick\u00e9 c\u00edrkve uspo\u0159\u00e1dala setk\u00e1n\u00ed s americk\u00fdm viceprezidentem J. D. Vancem [<a href=\"https:\/\/href.li\/?https:\/\/www.theguardian.com\/us-news\/2025\/apr\/20\/jd-vance-granted-lightning-audience-with-pope-francis-in-vatican\" target=\"_blank\" rel=\"nofollow noopener\">3<\/a>], b\u011bhem kter\u00e9ho \u00fadajn\u011b pou\u010doval Vance o soucitu k migrant\u016fm v USA a k jejich pot\u0159eb\u00e1m.<\/strong>\u00a0J. D. Vance mu odpov\u011bd\u011bl, \u017ee deportace migrant\u016f z USA se t\u00fdkaj\u00ed p\u0159edev\u0161\u00edm zlo\u010dinc\u016f a dealer\u016f\u00a0<em>fentanylu<\/em>, kter\u00fd do USA proud\u00ed z \u010c\u00edny s c\u00edlem subverze americk\u00e9 spole\u010dnosti.<\/p>\n<h2>Jezuita, kter\u00fd nam\u00edsto Krista prosazoval glob\u00e1ln\u00ed agendu Lond\u00fdnsk\u00fdch kancel\u00e1\u0159\u00ed<\/h2>\n<p>Pape\u017e Franti\u0161ek byl v b\u0159eznu propu\u0161t\u011bn z nemocnice po p\u011bti t\u00fddnech l\u00e9\u010dby infekce, v jej\u00edm\u017e d\u016fsledku dostal dvojit\u00fd z\u00e1pal plic. Pontifik se narodil jako Jorge Mario Bergoglio v argentinsk\u00e9m hlavn\u00edm m\u011bst\u011b Buenos Aires v roce 1936. Koncem 60. let byl vysv\u011bcen na katolick\u00e9ho kn\u011bze a v roce 1998 se stal arcibiskupem Buenos Aires.<\/p>\n<p>V roce 2001 ho pape\u017e Jan Pavel II. jmenoval kardin\u00e1lem. B\u011bhem sv\u00e9ho dvan\u00e1ctilet\u00e9ho pontifik\u00e1tu se Franti\u0161ek profiloval navenek jako kritik kapitalismu a obh\u00e1jce chud\u00fdch a znev\u00fdhodn\u011bn\u00fdch. S\u00e1m byl ale kritizov\u00e1n, \u017ee podporuje migraci a dokonce ji omlouv\u00e1, a to i tu, kter\u00e1 prob\u00edh\u00e1 neleg\u00e1ln\u011b, bez dokument\u016f.<\/p>\n<figure id=\"attachment_24191\" class=\"wp-caption aligncenter\" style=\"width: 806px;\"><a href=\"https:\/\/aeronet.news\/wp-content\/uploads\/washing-feet.jpeg\"><img decoding=\"async\" loading=\"lazy\" class=\"wp-image-24191 \" src=\"https:\/\/aeronet.news\/wp-content\/uploads\/washing-feet.jpeg\" sizes=\"(max-width: 968px) 100vw, 968px\" srcset=\"https:\/\/aeronet.news\/wp-content\/uploads\/washing-feet.jpeg 968w, https:\/\/aeronet.news\/wp-content\/uploads\/washing-feet-300x218.jpeg 300w, https:\/\/aeronet.news\/wp-content\/uploads\/washing-feet-768x559.jpeg 768w, https:\/\/aeronet.news\/wp-content\/uploads\/washing-feet-700x510.jpeg 700w, https:\/\/aeronet.news\/wp-content\/uploads\/washing-feet-490x357.jpeg 490w, https:\/\/aeronet.news\/wp-content\/uploads\/washing-feet-663x483.jpeg 663w, https:\/\/aeronet.news\/wp-content\/uploads\/washing-feet-198x143.jpeg 198w\" alt=\"\" width=\"806\" height=\"587\" \/><\/a><figcaption class=\"wp-caption-text\">Symbolick\u00e9 myt\u00ed nohou migrant\u016fm<\/figcaption><\/figure>\n<p>Kritizoval rozma\u0159ilost a privilegia ve Vatik\u00e1nu a vyz\u00fdval kardin\u00e1ly a kn\u011bze k poko\u0159e. Pape\u017e tak\u00e9 opakovan\u011b vyzval mezin\u00e1rodn\u00ed spole\u010denstv\u00ed k proveden\u00ed reforem k \u0159e\u0161en\u00ed klimatick\u00fdch zm\u011bn a ozna\u010dil dr\u017een\u00ed jadern\u00fdch zbran\u00ed za \u201c<em>nemor\u00e1ln\u00ed<\/em>\u201c. Byl rovn\u011b\u017e zast\u00e1ncem Green Dealu a s n\u00edm spojen\u00fdch emisn\u00edch povolenek na likvidaci evropsk\u00e9ho pr\u016fmyslu.<\/p>\n<p>Jeho pokusy o v\u011bt\u0161\u00ed inkluzivitu a propagaci DEI a LGBT uvnit\u0159 katolick\u00e9 c\u00edrkve vyvolaly kontroverze a siln\u00e9 protesty \u2013 v roce 2023 v\u0161echno p\u0159ebil neuv\u011b\u0159iteln\u00fdm v\u00fdrokem, kdy\u017e jako pape\u017e prohl\u00e1sil, \u017ee \u201c<em>b\u00fdt homosexu\u00e1lem nen\u00ed zlo\u010din proti c\u00edrkvi<\/em>.\u201d T\u00edm de facto vyjmul sodomii z klatby. A to nebylo v\u0161echno.<\/p>\n<h2>Vatik\u00e1n se st\u00e1l n\u00e1strojem prosazov\u00e1n\u00ed agendy Lond\u00fdna skrze p\u0159ekroucenou v\u00edru podporuj\u00edc\u00ed sebezni\u010duj\u00edc\u00ed migraci do Evropy<\/h2>\n<p><strong>Za\u010d\u00e1tkem leto\u0161n\u00edho roku Franti\u0161ek povolil homosexu\u00e1l\u016fm st\u00e1t se v It\u00e1lii kn\u011b\u017e\u00edmi.<\/strong>\u00a0Podn\u00edtil tak\u00e9 \u017eeny k d\u016fle\u017eit\u011bj\u0161\u00edm, rozhodovac\u00edm rol\u00edm v c\u00edrkvi. Pape\u017e Franti\u0161ek se podle tisku pr\u00fd tak\u00e9 pokusil \u0159e\u0161it probl\u00e9m sexu\u00e1ln\u00edho zneu\u017e\u00edv\u00e1n\u00ed d\u011bt\u00ed katolick\u00fdmi duchovn\u00edmi, a\u010dkoli existuj\u00ed rozporupln\u00e9 n\u00e1zory na to, nakolik bylo jeho \u00fasil\u00ed \u00fasp\u011b\u0161n\u00e9. Usiloval o zlep\u0161en\u00ed vztah\u016f mezi katolickou c\u00edrkv\u00ed a ostatn\u00edmi n\u00e1bo\u017eensk\u00fdmi vyzn\u00e1n\u00edmi, nav\u0161t\u00edvil Arabsk\u00fd poloostrov a Ir\u00e1k a v roce 2016 se setkal s rusk\u00fdm pravoslavn\u00fdm patriarchou Kirillem, co\u017e byla prvn\u00ed akce tohoto druhu.<\/p>\n<figure id=\"attachment_24189\" class=\"wp-caption aligncenter\" style=\"width: 696px;\"><a href=\"https:\/\/aeronet.news\/wp-content\/uploads\/Vatican-Migrants_Inte.jpg\"><img decoding=\"async\" loading=\"lazy\" class=\"wp-image-24189 \" src=\"https:\/\/aeronet.news\/wp-content\/uploads\/Vatican-Migrants_Inte-1024x683.jpg\" sizes=\"(max-width: 700px) 100vw, 700px\" srcset=\"https:\/\/aeronet.news\/wp-content\/uploads\/Vatican-Migrants_Inte-1024x683.jpg 1024w, https:\/\/aeronet.news\/wp-content\/uploads\/Vatican-Migrants_Inte-300x200.jpg 300w, https:\/\/aeronet.news\/wp-content\/uploads\/Vatican-Migrants_Inte-768x512.jpg 768w, https:\/\/aeronet.news\/wp-content\/uploads\/Vatican-Migrants_Inte-700x467.jpg 700w, https:\/\/aeronet.news\/wp-content\/uploads\/Vatican-Migrants_Inte-535x357.jpg 535w, https:\/\/aeronet.news\/wp-content\/uploads\/Vatican-Migrants_Inte-724x483.jpg 724w\" alt=\"\" width=\"696\" height=\"464\" \/><\/a><figcaption class=\"wp-caption-text\">Pape\u017e Franti\u0161ek s migranty z Afriky<\/figcaption><\/figure>\n<p>Proslul n\u011bkter\u00fdmi kroky jako t\u0159eba myt\u00ed nohou migrant\u016fm nebo uspo\u0159\u00e1d\u00e1n\u00ed podivn\u00e9 satansk\u00e9 v\u00fdstavy ve Vatik\u00e1nu se sochou Molocha a s pohansk\u00fdmi artefakty z Latinsk\u00e9 Ameriky nebo modlitba k pohansk\u00e9 bohyni z Amazonie\u00a0<strong>[<a href=\"https:\/\/aeronet.news\/papez-ve-vanocnim-poselstvi-ve-vatikanu-prohlasil-ze-krestanstvi-se-stava-nepodstatnym-a-je-potreba-jej-zmenit-a-reformovat-aby-uznavalo-trendy-moderni-doby-a-vatikan-si-tak-mohl-udrzet-moc\/\">4<\/a>]<\/strong>. Prost\u011b Vatik\u00e1n nep\u0159i\u0161el ani tak o pape\u017ee, ale o globalistick\u00e9ho m\u00edstodr\u017eitele ve Vatik\u00e1nu.<\/p>\n<p>C\u00edrkve jsou prost\u011b prost\u0159edky davo-elit\u00e1\u0159sk\u00e9ho \u0159\u00edzen\u00ed a ka\u017ed\u00e9 takov\u00e9 \u0159\u00edzen\u00ed m\u00e1 svoji agendu. A pokud jde o Franti\u0161kovu agendu, tou byla globalizace podle modelu sv\u011btov\u00e9ho sionismu. Stejn\u011b jako agenda Klause Schwaba. A proto oba skon\u010dili ve stejn\u00fd den. Na Velikono\u010dn\u00ed pond\u011bl\u00ed, tedy den oslav Vzk\u0159\u00ed\u0161en\u00ed Krista. Je to p\u0159\u00edzna\u010dn\u00e9 a je to symbolick\u00e9.<\/p>\n<p><a href=\"https:\/\/aeronet.news\/jezuitsky-papez-a-globalisticky-emisar-odesli-spolecne-na-velikonocni-pondeli-papez-frantisek-zemrel-a-klaus-schwab-rezignoval-chram-svetoveho-sionismu-se-otrasl-v-zakladech\/\">-VK-<\/a><\/p>\n<p>&nbsp;<\/p>\n","protected":false},"excerpt":{"rendered":"<p>Jezuitsk\u00fd pape\u017e a globalistick\u00fd emisar ode\u0161li spole\u010dn\u011b na Velikono\u010dn\u00ed pond\u011bl\u00ed! Pape\u017e Franti\u0161ek zem\u0159el a Klaus&#8230;<\/p>\n","protected":false},"author":2,"featured_media":77000,"comment_status":"closed","ping_status":"closed","sticky":false,"template":"","format":"standard","meta":[],"categories":[6],"tags":[1042,279,291,254],"_links":{"self":[{"href":"https:\/\/www.infokuryr.cz\/n\/wp-json\/wp\/v2\/posts\/76999"}],"collection":[{"href":"https:\/\/www.infokuryr.cz\/n\/wp-json\/wp\/v2\/posts"}],"about":[{"href":"https:\/\/www.infokuryr.cz\/n\/wp-json\/wp\/v2\/types\/post"}],"author":[{"embeddable":true,"href":"https:\/\/www.infokuryr.cz\/n\/wp-json\/wp\/v2\/users\/2"}],"replies":[{"embeddable":true,"href":"https:\/\/www.infokuryr.cz\/n\/wp-json\/wp\/v2\/comments?post=76999"}],"version-history":[{"count":0,"href":"https:\/\/www.infokuryr.cz\/n\/wp-json\/wp\/v2\/posts\/76999\/revisions"}],"wp:featuredmedia":[{"embeddable":true,"href":"https:\/\/www.infokuryr.cz\/n\/wp-json\/wp\/v2\/media\/77000"}],"wp:attachment":[{"href":"https:\/\/www.infokuryr.cz\/n\/wp-json\/wp\/v2\/media?parent=76999"}],"wp:term":[{"taxonomy":"category","embeddable":true,"href":"https:\/\/www.infokuryr.cz\/n\/wp-json\/wp\/v2\/categories?post=76999"},{"taxonomy":"post_tag","embeddable":true,"href":"https:\/\/www.infokuryr.cz\/n\/wp-json\/wp\/v2\/tags?post=76999"}],"curies":[{"name":"wp","href":"https:\/\/api.w.org\/{rel}","templated":true}]}}