{"id":76991,"date":"2025-04-22T04:41:14","date_gmt":"2025-04-22T02:41:14","guid":{"rendered":"https:\/\/www.infokuryr.cz\/n\/?p=76991"},"modified":"2025-04-22T04:41:14","modified_gmt":"2025-04-22T02:41:14","slug":"jindrich-kulhavy-velikonoce-v-pozadi","status":"publish","type":"post","link":"https:\/\/www.infokuryr.cz\/n\/2025\/04\/22\/jindrich-kulhavy-velikonoce-v-pozadi\/","title":{"rendered":"Jind\u0159ich Kulhav\u00fd: Velikonoce v pozad\u00ed\u2026"},"content":{"rendered":"<div id=\"fb-root\"><\/div>\n<p><strong><span class=\"anotation\">\u2026.jin\u00fdch ud\u00e1lost\u00ed. Vcelku hezk\u00e9 po\u010das\u00ed a pozdn\u00ed velikono\u010dn\u00ed datum letos umo\u017enily pro\u017e\u00edt velikono\u010dn\u00ed sv\u00e1tky tak n\u011bjak jarn\u011b. Koledn\u00edci posb\u00edrali p\u0159edra\u017een\u00e1 vaj\u00ed\u010dka, policist\u00e9 p\u00e1r \u0159idi\u010d\u00e1k\u016f a nebe \u010di peklo se otev\u0159elo, aby p\u0159ijaly dal\u0161\u00ed celebritu.<\/span><\/strong><\/p>\n<div id=\"pagetext\">\n<p>\u00a0 Pape\u017e Franti\u0161ek ukon\u010dil svou \u017eivotn\u00ed a kontroverzn\u00ed pou\u0165 po povrchu zemsk\u00e9m. Podporovatel migrace, liber\u00e1l na c\u00edrkevn\u00edm tr\u016fnu a covidov\u00fd spolupachatel, tak ho vn\u00edmala \u0159ada lid\u00ed. Jin\u00ed v\u00a0n\u011bm vid\u011bli pokorn\u00e9ho a o chudobou posti\u017een\u00e9 se staraj\u00edc\u00edho Je\u017e\u00ed\u0161ova pozemsk\u00e9ho z\u00e1stupce. Kontroverz\u00ed kolem pape\u017ee Franti\u0161ka bylo mnoho, v\u011b\u0159\u00edc\u00ed ho samoz\u0159ejm\u011b budou vid\u011bt v\u00a0jin\u00e9m sv\u011btle ne\u017e re\u00e1ln\u011b uva\u017euj\u00edc\u00ed ateist\u00e9. Jist\u00e9 je, \u017ee ze sv\u00e9 pozice mohl ovlivnit mnoh\u00e9 ze sou\u010dasn\u00e9ho d\u011bn\u00ed. Zd\u00e1 se, \u017ee sp\u00ed\u0161e slou\u017eil Deep State ne\u017e bo\u017e\u00edm ove\u010dk\u00e1m. O mrtv\u00fdch v\u0161e dobr\u00e9, nebudeme tedy do jeho \u017eivota i smrti v\u00edce \u0161\u0165ourat. Nov\u00fd pape\u017e bude zvolen na konkl\u00e1ve, kter\u00e1 by se m\u011bla konat cca do t\u0159\u00ed t\u00fddn\u016f od \u00famrt\u00ed dosavadn\u00edho vrchn\u00edho past\u00fd\u0159e. Nad\u011bje se d\u00e1vaj\u00ed i \u010derno\u0161sk\u00fdm kardin\u00e1l\u016fm. Nev\u011b\u0159\u00edc\u00edm by to mohlo b\u00fdt v\u00a0podstat\u011b jedno, nicm\u00e9n\u011b Afri\u010dan k\u00e1zaj\u00edc\u00ed dobro z\u00a0Vatik\u00e1nu m\u016f\u017ee vypadat dost hardcore.<\/p>\n<p>Paradoxn\u011b nejv\u00edce se m\u00e9dia a soci\u00e1ln\u00ed s\u00edt\u011b o Velikonoc\u00edch zab\u00fdvaly \u0159\u00edzen\u00edm Filipe Turka. Europoslanec, b\u00fdval\u00fd z\u00e1vodn\u00edk a nad\u0161enec do aut uve\u0159ejnil p\u00e1r z\u00e1b\u011br\u016f sv\u00e9 rychl\u00e9 j\u00edzdy. Ne, nepat\u0159\u00edm mezi ty, pro kter\u00e9 je n\u011bjak\u00e9 na\u0159\u00edzen\u00ed vydan\u00e9 lidmi, kter\u00fdch si nev\u00e1\u017e\u00edm a nerespektuji je, n\u011bjak z\u00e1sadn\u00ed. Samoz\u0159ejm\u011b vn\u00edm\u00e1m pot\u0159ebu ur\u010dit\u00fdch mantinel\u016f dan\u00fdch z\u00e1kony, ale je t\u0159eba re\u00e1ln\u011b rozli\u0161ovat, co je pro lidi dobr\u00e9 a co je v podstat\u011b p\u0159edev\u0161\u00edm buzerac\u00ed \u010di snahou odk\u00e1zat plebs tam, kde je pro n\u011bj ur\u010deno m\u00edsto. Dlouhodob\u011b tvrd\u00edm, \u017ee omezov\u00e1n\u00ed rychlost\u00ed v\u0161ude je kontraproduktivn\u00ed a vytv\u00e1\u0159\u00ed prostor pro v\u00fdb\u011br pen\u011bz, odeb\u00edr\u00e1n\u00ed lidsk\u00e9 d\u016fstojnosti a jedn\u00e1 se o \u0161ikanu. Oponenti za\u010dnou okam\u017eit\u011b argumentovat nehodami, \u00famrt\u00edmi za volantem. Ve skute\u010dnosti je spojuje \u010dasto nikoliv vymy\u0161len\u00e1 nep\u0159im\u011b\u0159en\u00e1 rychlost, ale sp\u00ed\u0161e nepozornost a neum\u011bn\u00ed \u0159\u00eddit. To, co vych\u00e1z\u00ed z auto\u0161kol, je prost\u011b stra\u0161ideln\u00e9. A p\u0159id\u00e1me-li i namistrovanost sou\u010dasn\u00e9 ml\u00e1de\u017ee, nulov\u00fd respekt a mizej\u00edc\u00ed l\u00e1sku k \u0159\u00edzen\u00ed, jsme tam, kde jsme.<\/p>\n<p>Pokud se pt\u00e1te, koho pova\u017euji za skute\u010dn\u00e9 nebezpe\u010d\u00ed, pak to nejsou senio\u0159i, \u017eeny \u010di \u0159idi\u010di dod\u00e1vek. Nejv\u011bt\u0161\u00edm nebezpe\u010d\u00edm jsou arogantn\u00ed mana\u017ee\u0159i ve \u0161kodovk\u00e1ch, mlad\u00ed lid\u00e9 bez zku\u0161enost\u00ed neochotn\u00ed si zatr\u00e9novat na polygonu \u010di okruhu a nud\u00edc\u00ed se \u0159idi\u010di kami\u00f3n\u016f. P\u0159id\u00e1v\u00e1m cyklisty ohro\u017euj\u00edc\u00ed sami sebe. A mo\u017en\u00e1 dostanu \u201ekart\u00e1\u010d\u201c, ale i jako motork\u00e1\u0159 jezd\u00edc\u00ed 45 let tvrd\u00edm, \u017ee je absolutn\u00edm nesmyslem voln\u011b prod\u00e1vat motorky o v\u00fdkonech nad 120 kon\u00ed. Ne, \u017ee bych ji kdysi s\u00e1m nem\u011bl, ale up\u0159\u00edmn\u011b. Ne ka\u017ed\u00fd ji ovl\u00e1d\u00e1 t\u0159eba jen na 70% a vyu\u017eitelnost mimo okruh je diskutabiln\u00ed. A pomn\u00edk\u016f p\u0159\u00edli\u0161 mnoho. I m\u00fdch kamar\u00e1d\u016f. Ne, nejsem star\u00fd, pouze zku\u0161en\u00fd, v\u00a0t\u011ble m\u00e1m dost zlomenin ze sport\u016f i motorek a za\u017eil jsem dobu, kdy jezdila polovina aut proti tomu, kolik jich je te\u010f. P\u0159edev\u0161\u00edm ve m\u011bstech.<\/p>\n<p>Zp\u011bt k Turkovi. V\u016fbec mi nevad\u00ed, jak jezd\u00ed. M\u00e1 to v ruce, um\u00ed to. Na okruhu, nem\u00e1te-li F1, nikdy nevyu\u017eijete maxim\u00e1ln\u00ed rychlost b\u011b\u017en\u00e9ho v\u00fdkonn\u00e9ho auta. C\u00edlov\u00e1 rovinka na mosteck\u00e9m z\u00e1vodn\u00edm okruhu V\u00e1m umo\u017en\u00ed jet v civiln\u00edm hodn\u011b rychl\u00e9m aut\u011b s SPZ kolem 240km\/hod. V\u00fdjimkou je proslul\u00fd N\u00fcrburgring a maxim\u00e1lka p\u0159es 300, m\u00e1 li na to Va\u0161e auto. Na d\u00e1lnici v tom sam\u00e9m t\u0159eba dok\u00e1\u017eete jet i rychleji, ot\u00e1zkou je, kolikr\u00e1t to zkus\u00edte a za jak\u00fdch okolnost\u00ed. To u\u017e z\u00e1le\u017e\u00ed na okolnostech a na jist\u00e9 inteligenci. V N\u011bmecku to b\u00fdvalo b\u011b\u017en\u00e9, to je\u0161t\u011b N\u011bmci um\u011bli jezdit disciplinovan\u011b v prav\u00fdch pruz\u00edch a sv\u00edtily jen v\u00fdkonn\u00e9 automobily, tak\u017ee byly z d\u00e1lky vid\u011bt. To se posledn\u00ed dobou m\u011bn\u00ed. V Rakousku se pom\u00e1tli \u00fapln\u011b a buzeraci schov\u00e1vaj\u00ed za ekologii.<\/p>\n<p>Ka\u017ed\u00fd m\u00e1me n\u011bjak\u00fd sv\u016fj \u201erekord\u201c, ten m\u016fj je t\u011bsn\u011b pod 350 km\/hod a to jsem m\u011bl auto, kter\u00e9 um\u011blo je\u0161t\u011b o 35 v\u00edce, jen se musela ud\u011blat mal\u00e1 \u00faprava. Rozhodn\u011b jsem p\u0159itom nestihnul fotit a ned\u011bl\u00e1m to nikdy. Kdo jel tak rychle, ten mus\u00ed v\u011bd\u011bt, \u017ee v\u00a0tu chv\u00edli jsou dva pr\u00e1zdn\u00e9 pruhy tak akor\u00e1t. Filip Turek svou prezentac\u00ed ni\u010demu nepomohl. Boj s\u00a0buzerac\u00ed mus\u00ed b\u00fdt diplomatick\u00fd, je dlouhodob\u00fd a za\u010d\u00edt je t\u0159eba jinde ne\u017e u ukazov\u00e1n\u00ed, \u017ee to jde rozjet vysoko nad n\u011bk\u00fdm nastaven\u00e9 limity. To pova\u017euji za chybu. A je\u0161t\u011b n\u011bco. P\u0159edvolebn\u00ed boj neodpou\u0161t\u00ed chyby. Takto se m\u00edsto opakov\u00e1n\u00ed dotaz\u016f na Dozimetr a kampeli\u010dku, rozkr\u00e1d\u00e1n\u00ed pen\u011bz Evropskou komis\u00ed a odes\u00edl\u00e1n\u00ed \u010d\u00e1sti na\u0161eho rozpo\u010dtu na Ukrajinu zab\u00fdv\u00e1 republika t\u00edm, kudy to valil Filip Turek. Hned se toho chytila policie, kter\u00e1 m\u00edsto Raku\u0161ana a Fialy bude v\u011bnovat energii Turkovi. Tak\u00e9 mainstream m\u00e1 potravu na v\u00edce dn\u00ed. A to je \u00fapln\u011b zbyte\u010dn\u00e9.<\/p>\n<p><a href=\"https:\/\/www.inadhled.live\/zajimavosti\/velikonoce-v-pozadi-\/\">Jind\u0159ich Kulhav\u00fd<\/a><\/p>\n<p><img decoding=\"async\" loading=\"lazy\" class=\"alignnone size-full wp-image-48136\" src=\"http:\/\/www.infokuryr.cz\/n\/wp-content\/uploads\/2024\/02\/kulhavy-jindrich.jpg\" alt=\"\" width=\"219\" height=\"221\" srcset=\"https:\/\/www.infokuryr.cz\/n\/wp-content\/uploads\/2024\/02\/kulhavy-jindrich.jpg 219w, https:\/\/www.infokuryr.cz\/n\/wp-content\/uploads\/2024\/02\/kulhavy-jindrich-150x150.jpg 150w\" sizes=\"(max-width: 219px) 100vw, 219px\" \/><\/p>\n<p>&nbsp;<\/p>\n<\/div>\n","protected":false},"excerpt":{"rendered":"<p>\u2026.jin\u00fdch ud\u00e1lost\u00ed. Vcelku hezk\u00e9 po\u010das\u00ed a pozdn\u00ed velikono\u010dn\u00ed datum letos umo\u017enily pro\u017e\u00edt velikono\u010dn\u00ed sv\u00e1tky tak&#8230;<\/p>\n","protected":false},"author":2,"featured_media":76992,"comment_status":"closed","ping_status":"closed","sticky":false,"template":"","format":"standard","meta":[],"categories":[6],"tags":[1503,254,1411,6581],"_links":{"self":[{"href":"https:\/\/www.infokuryr.cz\/n\/wp-json\/wp\/v2\/posts\/76991"}],"collection":[{"href":"https:\/\/www.infokuryr.cz\/n\/wp-json\/wp\/v2\/posts"}],"about":[{"href":"https:\/\/www.infokuryr.cz\/n\/wp-json\/wp\/v2\/types\/post"}],"author":[{"embeddable":true,"href":"https:\/\/www.infokuryr.cz\/n\/wp-json\/wp\/v2\/users\/2"}],"replies":[{"embeddable":true,"href":"https:\/\/www.infokuryr.cz\/n\/wp-json\/wp\/v2\/comments?post=76991"}],"version-history":[{"count":0,"href":"https:\/\/www.infokuryr.cz\/n\/wp-json\/wp\/v2\/posts\/76991\/revisions"}],"wp:featuredmedia":[{"embeddable":true,"href":"https:\/\/www.infokuryr.cz\/n\/wp-json\/wp\/v2\/media\/76992"}],"wp:attachment":[{"href":"https:\/\/www.infokuryr.cz\/n\/wp-json\/wp\/v2\/media?parent=76991"}],"wp:term":[{"taxonomy":"category","embeddable":true,"href":"https:\/\/www.infokuryr.cz\/n\/wp-json\/wp\/v2\/categories?post=76991"},{"taxonomy":"post_tag","embeddable":true,"href":"https:\/\/www.infokuryr.cz\/n\/wp-json\/wp\/v2\/tags?post=76991"}],"curies":[{"name":"wp","href":"https:\/\/api.w.org\/{rel}","templated":true}]}}