{"id":76938,"date":"2025-04-21T12:01:41","date_gmt":"2025-04-21T10:01:41","guid":{"rendered":"https:\/\/www.infokuryr.cz\/n\/?p=76938"},"modified":"2025-04-21T12:11:41","modified_gmt":"2025-04-21T10:11:41","slug":"vatikan-oznamil-umrti-papeze-frantiska","status":"publish","type":"post","link":"https:\/\/www.infokuryr.cz\/n\/2025\/04\/21\/vatikan-oznamil-umrti-papeze-frantiska\/","title":{"rendered":"Vatik\u00e1n ozn\u00e1mil \u00famrt\u00ed pape\u017ee Franti\u0161ka"},"content":{"rendered":"<div id=\"fb-root\"><\/div>\n<h3><strong>Pape\u017e Franti\u0161ek zem\u0159el. Informovala o tom agentura Reuters s odvol\u00e1n\u00edm na Vatik\u00e1n.<\/strong><\/h3>\n<p>R\u00e1no na Velikono\u010dn\u00ed pond\u011bl\u00ed zem\u0159el ve v\u011bku 88\u00a0let pape\u017e Franti\u0161ek, uvedl vatik\u00e1nsk\u00fd camerlengo kardin\u00e1l Kevin Ferrell.<\/p>\n<div class=\"e_a7 speakable\" data-dot=\"mol-paragraph\">\n<p class=\"c_a7\"><span class=\"c_eQ\"><em>\u201eDraz\u00ed brat\u0159i a\u00a0sestry, s\u00a0hlubok\u00fdm smutkem mus\u00edm ozn\u00e1mit smrt na\u0161eho Svat\u00e9ho otce Franti\u0161ka. Dnes r\u00e1no v\u00a07:35\u00a0se \u0159\u00edmsk\u00fd biskup Franti\u0161ek vr\u00e1til dom\u016f k\u00a0Otci. Jeho cel\u00fd \u017eivot byl zasv\u011bcen slu\u017eb\u011b P\u00e1nu a\u00a0jeho c\u00edrkvi,\u201c<\/em> ozn\u00e1mil v\u00a0pond\u011bl\u00ed Ferrell.<\/span><\/p>\n<\/div>\n<div class=\"e_a7 speakable\" data-dot=\"mol-paragraph\">\n<p class=\"c_a7\"><span class=\"c_eQ\"><em>\u201eU\u010dil n\u00e1s \u017e\u00edt podle hodnot evangelia s\u00a0v\u011brnost\u00ed, odvahou a\u00a0univerz\u00e1ln\u00ed l\u00e1skou zejm\u00e9na k\u00a0t\u011bm nejchud\u0161\u00edm a\u00a0p\u0159ehl\u00ed\u017een\u00fdm. S\u00a0nesm\u00edrnou vd\u011b\u010dnost\u00ed za jeho p\u0159\u00edklad opravdov\u00e9ho u\u010dedn\u00edka Je\u017e\u00ed\u0161e P\u00e1na sv\u011b\u0159ujeme du\u0161i pape\u017ee Franti\u0161ka nekone\u010dn\u00e9, milosrdn\u00e9 l\u00e1sce P\u00e1na a\u00a0Boha trojjedin\u00e9ho,\u201c<\/em> dodal Ferrell.<\/span><\/p>\n<\/div>\n<p>P\u0159ipome\u0148me, \u017ee 14. \u00fanora byl 88let\u00fd otec hospitalizov\u00e1n s bronchitidou a \u201em\u00edrnou hore\u010dkou\u201c. Byla mu diagnostikov\u00e1na polymikrobi\u00e1ln\u00ed infekce d\u00fdchac\u00edch cest. Pot\u00e9 se pontifik\u016fv stav n\u011bkolikr\u00e1t zhor\u0161il, ale koncem b\u0159ezna byl z nemocnice propu\u0161t\u011bn. 6. dubna poprv\u00e9 po m\u011bs\u00edc\u00edch vystoupil na ve\u0159ejnosti, jel na invalidn\u00edm voz\u00edku po m\u0161i v\u011bnovan\u00e9 trp\u00edc\u00edm a nemocn\u00fdm na Svatopetrsk\u00e9m n\u00e1m\u011bst\u00ed ve Vatik\u00e1nu. Naposledy ho v\u011b\u0159\u00edc\u00ed vid\u011bli p\u0159i oslav\u011b Velikonoc.<\/p>\n<p><img decoding=\"async\" loading=\"lazy\" class=\"alignnone size-full wp-image-71983\" src=\"http:\/\/www.infokuryr.cz\/n\/wp-content\/uploads\/2025\/02\/aaa.jpg\" alt=\"\" width=\"89\" height=\"23\" \/><\/p>\n<p>&nbsp;<\/p>\n<p>&nbsp;<\/p>\n","protected":false},"excerpt":{"rendered":"<p>Pape\u017e Franti\u0161ek zem\u0159el. Informovala o tom agentura Reuters s odvol\u00e1n\u00edm na Vatik\u00e1n. R\u00e1no na Velikono\u010dn\u00ed&#8230;<\/p>\n","protected":false},"author":2,"featured_media":50368,"comment_status":"closed","ping_status":"closed","sticky":false,"template":"","format":"standard","meta":[],"categories":[7],"tags":[752,254,523,329],"_links":{"self":[{"href":"https:\/\/www.infokuryr.cz\/n\/wp-json\/wp\/v2\/posts\/76938"}],"collection":[{"href":"https:\/\/www.infokuryr.cz\/n\/wp-json\/wp\/v2\/posts"}],"about":[{"href":"https:\/\/www.infokuryr.cz\/n\/wp-json\/wp\/v2\/types\/post"}],"author":[{"embeddable":true,"href":"https:\/\/www.infokuryr.cz\/n\/wp-json\/wp\/v2\/users\/2"}],"replies":[{"embeddable":true,"href":"https:\/\/www.infokuryr.cz\/n\/wp-json\/wp\/v2\/comments?post=76938"}],"version-history":[{"count":1,"href":"https:\/\/www.infokuryr.cz\/n\/wp-json\/wp\/v2\/posts\/76938\/revisions"}],"predecessor-version":[{"id":76939,"href":"https:\/\/www.infokuryr.cz\/n\/wp-json\/wp\/v2\/posts\/76938\/revisions\/76939"}],"wp:featuredmedia":[{"embeddable":true,"href":"https:\/\/www.infokuryr.cz\/n\/wp-json\/wp\/v2\/media\/50368"}],"wp:attachment":[{"href":"https:\/\/www.infokuryr.cz\/n\/wp-json\/wp\/v2\/media?parent=76938"}],"wp:term":[{"taxonomy":"category","embeddable":true,"href":"https:\/\/www.infokuryr.cz\/n\/wp-json\/wp\/v2\/categories?post=76938"},{"taxonomy":"post_tag","embeddable":true,"href":"https:\/\/www.infokuryr.cz\/n\/wp-json\/wp\/v2\/tags?post=76938"}],"curies":[{"name":"wp","href":"https:\/\/api.w.org\/{rel}","templated":true}]}}