{"id":76934,"date":"2025-04-21T11:54:52","date_gmt":"2025-04-21T09:54:52","guid":{"rendered":"https:\/\/www.infokuryr.cz\/n\/?p=76934"},"modified":"2025-04-21T11:54:52","modified_gmt":"2025-04-21T09:54:52","slug":"ministerstvo-budoucnosti","status":"publish","type":"post","link":"https:\/\/www.infokuryr.cz\/n\/2025\/04\/21\/ministerstvo-budoucnosti\/","title":{"rendered":"Ministerstvo budoucnosti"},"content":{"rendered":"<div id=\"fb-root\"><\/div>\n<div><strong>Nev\u00edm, co se holoto nav\u00e1\u017e\u00edte do Ukrajinc\u016f, tla\u010dte rad\u011bji do t\u011bch PRO, ANO, SPD, STA\u010cILO, MOTORIST\u016e a TRIKOL\u00d3RY jak hodlaj\u00ed \u0159\u00eddit Ministerstvo budoucnosti !!!<\/strong><\/div>\n<div>________<\/div>\n<div>\n<p>P\u0159ed t\u00fddnem zve\u0159ejnil pan Kulhav\u00fd \u010dl\u00e1nek s n\u00e1zvem \u201e<a href=\"https:\/\/www.infokuryr.cz\/n\/2025\/04\/12\/jindrich-kulhavy-znicme-jeden-mytus-kolem-ukrajincu\/\"><b>Zni\u010dme jeden m\u00fdtus kolem Ukrajinc\u016f<\/b>\u201e<\/a>. Jeho text za\u010d\u00edn\u00e1 slovy<em>\u00a0\u201eDlouh\u00fdch 35 let trvala likvidace u\u010d\u0148ovsk\u00e9ho \u0161kolstv\u00ed u n\u00e1s a tis\u00edce vysoko\u0161kol\u00e1k\u016f a gymnazist\u016f vyprodukovan\u00fdch re\u017eimem neum\u00ed v\u016fbec nic a jsou pro spole\u010dnost nep\u0159\u00ednosn\u00ed. M\u00edsto zvy\u0161ov\u00e1n\u00ed manu\u00e1ln\u00edho umu tak hledaj\u00ed uplatn\u011bn\u00ed \u010dasto kon\u010d\u00edc\u00ed p\u0159emoud\u0159elou kritikou syst\u00e9mu, kter\u00fd neza\u017eili\u2026\u201c.<\/em>\u00a0Text pokra\u010duje popisem aktu\u00e1ln\u00edho stavu na\u0161ich \u0159emesln\u00edk\u016f a \u017ee je nahrazuj\u00ed Ukrajinci, bez kter\u00fdch bychom se ji\u017e neobe\u0161li. Jak ti prve p\u0159\u00edchoz\u00ed poctiv\u011b pracovali, ale ti nov\u00ed ji\u017e tac\u00ed nejsou, kdy nav\u00edc zneu\u017e\u00edvaj\u00ed n\u00e1\u0161 syst\u00e9m. Smysl textu ale vedl k tomu, jak na\u0161\u00ed populaci zatemnilo mozek, jak mus\u00ed m\u00edt ka\u017ed\u00fd \u010cech vysoko\u0161kolsk\u00e9 vzd\u011bl\u00e1n\u00ed, jak je \u0159emeslo fuj a tak jak jsme p\u0159edali cel\u00fd tento obor p\u0159\u00edchoz\u00edm \u201emak\u00e1\u010d\u016fm\u201c z Ukrajiny. Jak jej tito ji\u017e tak\u0159ka obsadili, v d\u016fsledku toho si jich \u0159ada ji\u017e zalo\u017eila vlastn\u00ed firmy, p\u0159itvrdili na cen\u011b a za\u010dali zam\u011bstn\u00e1vat sv\u00e9 krajany, kte\u0159\u00ed k n\u00e1m utekli, aby nemuseli narukovat do svat\u00e9 v\u00e1lky proti zl\u00e9mu Rusku za z\u00e1jmy Zelensk\u00e9ho a skvadry okolo n\u011bj. Jak jsou ale ti nov\u011b p\u0159\u00edchoz\u00ed drz\u00ed a nav\u00edc zneu\u017e\u00edvaj\u00ed n\u00e1\u0161 syst\u00e9m, kde to jen jde.<\/p>\n<p>\u010cl\u00e1nek ale m\u00ed\u0159\u00ed jinam, do na\u0161ich vlastn\u00edch \u0159ad. Pt\u00e1 se, zda-li jsme tak blb\u00fd n\u00e1rod, \u017ee jim u n\u00e1s p\u0159enech\u00e1me cel\u00e9 jedno pr\u016fmyslov\u00e9 odv\u011btv\u00ed, kdy jim nakonec budeme platit, abychom tu mohli \u017e\u00edt. M\u00edsto v\u00fdchovy vlastn\u00edch odborn\u00edk\u016f m\u00e1me nepot\u0159ebn\u00e9 absolventy nesmysln\u00fdch \u0161kol. Jak ale pobav\u00ed, \u017ee pokud zde takov\u00e1 ukrajinsk\u00e1 rodina zako\u0159en\u00ed, po\u0161le sv\u00e9ho potomka do toho na\u0161eho \u0161kolsk\u00e9ho kocourkova, tak z n\u011bj ve fin\u00e1le vypadne stejn\u00fd lempl, jako ji\u017e v nadkritick\u00e9m mno\u017estv\u00ed produkuje n\u00e1\u0161 aktu\u00e1ln\u00ed vzd\u011bl\u00e1vac\u00ed syst\u00e9m d\u011bt\u00ed na\u0161ich vlastn\u00edch.<\/p>\n<\/div>\n<div>Ten \u010dl\u00e1nek pana Kulhav\u00e9ho p\u0159evzalo n\u011bkolik web\u016f. Pod jedn\u00edm takov\u00fdm byla hojn\u00e1 diskuse. A o \u010dem se tam rozho\u0159\u010den\u011b a zasv\u011bcen\u011b diskutovalo? No p\u0159ece o tom jac\u00ed jsou ti Ukrou\u0161i hajzlov\u00e9, lemplov\u00e9, zlod\u011bji. Ti nov\u00ed nav\u00edc net\u00e1hla, drzouni a krimin\u00e1ln\u00edci. Jak by jsme je m\u011bli vz\u00edt za prdel a alou je poslat Zelensk\u00fdmu zp\u00e1tky na Ukrajinu, do toho masoml\u00fdnku, co tam pr\u00e1v\u011b provozuje. <b>Ani slovo k podstat\u011b probl\u00e9mu. Tedy aby k n\u00e1m ti Ukrajinci v\u016fbec nem\u011bli jakkoli motiv za prac\u00ed jezdit<\/b>, nebo\u0165 ji zde zastanou odborn\u00edci \u2013 fachmani z vlastn\u00edch \u0159ad a \u017e\u00e1dn\u00e9 \u201ehokry\u201c ze zahrani\u010d\u00ed, co v tom \u0159emesle rozhodn\u011b tak dob\u0159\u00ed jako my nejsou, tady nepot\u0159ebujeme. (Kdo by snad nev\u011bd\u011bl co \u2013 kdo je to \u201ehokr\u201c, tak to znamen\u00e1 hovado k ruce \u2013 tedy pomocn\u00fd d\u011bln\u00edk \u2013 podava\u010d \u201emistra\u201c).<\/div>\n<div>\n<p>Tak j\u00e1 V\u00e1m v\u0161em, co jste \u010dl\u00e1nek pana Kulhav\u00e9ho \u010detli a jaksi V\u00e1m nedocvaklo o \u010dem vlastn\u011b byl, vzkazuji:<\/p>\n<p>J\u00e1 nev\u00edm, co se v diskus\u00edch nas\u00edr\u00e1te do Ukrajinc\u016f. Ano jsou vychcan\u00ed, ano um\u00ed \u0159emeslo a vyu\u017e\u00edvaj\u00ed situace. No a co m\u00e1 b\u00fdt, kdy\u017e tady u n\u00e1s na\u0161li takovou obrovskou \u010fouru na trhu. Podstatn\u00e1 my\u0161lenka ale v \u010dl\u00e1nku byla snad zcela jin\u00e1 a ta zn\u011bla!!!<\/p>\n<p><b>\u201cKter\u00e1 politick\u00e1 strana se u\u017e kone\u010dn\u011b za\u010dne s prioritou \u010d\u00edslo jedna zab\u00fdvat t\u00edm absolutn\u011b nejd\u016fle\u017eit\u011bj\u0161\u00edm ministerstvem ze v\u0161ech ???\u201c<\/b><\/p>\n<p>Jo netu\u0161\u00edte kter\u00e9 to je? Tak to je vy holoto Ministerstvo budoucnosti!!! A to se ofici\u00e1ln\u011b u n\u00e1s jmenuje Ministerstvo \u0161kolstv\u00ed, ml\u00e1de\u017ee a t\u011blov\u00fdchovy.<\/p>\n<p>A co \u017ee m\u00e1 to ministerstvo spravovat a duchapln\u011b dohl\u00ed\u017eet nad kter\u00fdmi konkr\u00e9tn\u00edmi oblastmi (kdy\u017e to m\u00e1 nakonec i v tom n\u00e1zvu)???<\/p>\n<ul>\n<li>Jak se p\u0159ipravuj\u00ed a s \u010d\u00edm si hraj\u00ed d\u011bti v mate\u0159sk\u00fdch \u0161kolk\u00e1ch.<\/li>\n<li>Co se u\u010d\u00ed d\u011bti a k \u010demu jsou nep\u0159\u00edmo vedeny, tedy vychov\u00e1v\u00e1ny na prvn\u00edm stupni z\u00e1kladn\u00edch \u0161kol.<\/li>\n<li>To sam\u00e9 na \u0161kol\u00e1ch druh\u00e9ho stupn\u011b z\u00e1kladn\u00edch \u0161kol a t\u00e9\u017e jak\u00e9 je osazenstvo t\u0159\u00edd toho druh\u00e9ho stupn\u011b Z\u0160! Tedy aby tam po kanibalizaci ze strany osmilet\u00fdch gymn\u00e1zi\u00ed nezbyli jen ti pr\u016fm\u011brn\u00ed a hloup\u00ed, nav\u00edc aby tam nestra\u0161ili ti, co tam nemaj\u00ed co pohled\u00e1vat, ale maj\u00ed b\u00fdt p\u011bkn\u011b tam kam pat\u0159\u00ed, na \u0161kol\u00e1ch speci\u00e1ln\u00edch, tedy spr\u00e1vn\u011b \u010desky \u0159e\u010deno na \u0161kol\u00e1ch zvl\u00e1\u0161tn\u00edch.<\/li>\n<li>Aby zajistili otev\u0159en\u00ed takov\u00e9ho po\u010dtu u\u010d\u0148\u00e1k\u016f a takov\u00e9ho po\u010dtu gymn\u00e1zi\u00ed a pr\u016fmyslovek, kter\u00e9 pokryj\u00ed pot\u0159eby na\u0161eho pr\u016fmyslu, zem\u011bd\u011blstv\u00ed, zdravotnictv\u00ed, \u00fa\u0159ednictva, v\u00fdzkumu, v\u00fdchovn\u00fdch pracovn\u00edk\u016f, pr\u00e1vn\u00edk\u016f, policist\u016f, hasi\u010d\u016f a vojska, v\u010detn\u011b ur\u010dit\u00e9ho pro rozvoj \u010cech, Moravy a Slezska nutn\u00e9ho po\u010dtu filosof\u016f, redaktor\u016f, herc\u016f, hudebn\u00edk\u016f a soci\u00e1ln\u00edch pracovn\u00edk\u016f, atd.<\/li>\n<li>To sam\u00e9 plat\u00ed o \u0161kol\u00e1ch vysok\u00fdch, zde zejm\u00e9na, aby se studovaly obory v pot\u0159ebn\u00e9m po\u010dtu student\u016f pro n\u00e1\u0161 st\u00e1t u\u017eite\u010dn\u00fdch a pot\u0159ebn\u00fdch a ne kraviny typu genderov\u00fd v\u00fdzkum \u00fachyl\u016f.<\/li>\n<li>V oblasti t\u00e9 \u201cml\u00e1de\u017ee\u201d o podporu \u0161irok\u00e9ho portfolia r\u016fzn\u00fdch krou\u017ek\u016f (model\u00e1\u0159i, zdravotn\u00edci, hasi\u010di, p\u011bstitel\u00e9, ryb\u00e1\u0159i, atd\u2026), kde z\u00edskaj\u00ed d\u011bti pot\u0159ebn\u00fd vztah k obor\u016fm, kter\u00e9 n\u00e1\u0161 st\u00e1t pot\u0159ebuje, kdy potom s nejv\u011bt\u0161\u00edm zan\u00edcen\u00edm budou absolventi takov\u00e9 mimo\u0161koln\u00ed v\u00fdchovy dychtit po tom, aby se v dosp\u011blosti stali, tu stavebn\u00edky, tu stroja\u0159i, tu zdravotn\u00edky, tu zem\u011bd\u011blci, tu prodava\u010di, tu policisty, tu pr\u00e1vn\u00edky, ale i t\u011bmi herci, tane\u010dn\u00edky, kade\u0159n\u00edky a podobn\u011b, to v mno\u017estv\u00ed pro pot\u0159eby st\u00e1tu optim\u00e1ln\u00edm.<\/li>\n<li>A v oblasti t\u00e9 \u201ct\u011blov\u00fdchovy\u201d podporou \u0161irok\u00e9ho portfolia sportovn\u00edch klub\u016f zab\u00fdvaj\u00edc\u00ed se sout\u011b\u017en\u00ed \u010dinnost\u00ed, kde takto bude doch\u00e1zet k v\u00fdchov\u011b k v\u0161eobecn\u00e9 sout\u011b\u017eivosti, poctivosti a c\u00edlev\u011bdomosti. Jinak \u0159e\u010deno k tomu, aby m\u011bly nastupuj\u00edc\u00ed generace na element\u00e1rn\u00ed \u00farovni v\u0161t\u00edpen \u201ctah na branku\u201d a na stejn\u00e9 element\u00e1rn\u00ed \u00farovni m\u011bli v\u0161t\u00edpeno, \u017ee jedin\u011b usilovnou p\u0159\u00edpravou, lze dos\u00e1hnout \u00fasp\u011bchu a to jedin\u011b p\u0159i poctiv\u00e9m dodr\u017eov\u00e1n\u00ed pravidel.<\/li>\n<\/ul>\n<p>Pak se u n\u00e1s \u017e\u00e1dn\u00fd cizinec neuplatn\u00ed, neb toho na\u0161e d\u011bti, co budou vych\u00e1zet z na\u0161ich \u0161kol budou um\u011bt v\u0161e o t\u0159\u00eddu v\u00fd\u0161e a nav\u00edc tu pr\u00e1ci budou milovat, neb to d\u011blali jako z\u00e1bavu, kdy\u017e to m\u011bli v t\u011bch z\u00e1jmov\u00fdch krou\u017ec\u00edch a nav\u00edc budou m\u00edt ten tah na branku, \u017ee se budou cht\u00edt nad\u00e1le ve sv\u00e9 \u010dinnosti zdokonalovat a b\u00fdt nejlep\u0161\u00edmi ze v\u0161ech.<\/p>\n<p><b>Tak\u017ee tady v\u00e1\u017een\u00ed nebre\u010dte nad Ukrajinci, ale tla\u010dte do t\u011bch PRO, ANO, SPD, STA\u010cILO, MOTORIST\u016e a TRIKOL\u00d3RY, jak hodlaj\u00ed \u0159e\u0161it n\u00e1\u0161 v\u00fdchovn\u011b vzd\u011bl\u00e1vac\u00ed syst\u00e9m, kdy\u017e jim to ve volb\u00e1ch hodl\u00e1te hodit,<\/b>\u00a0aby jsme sem nemuseli dov\u00e1\u017eet cizince, neb pr\u016fm\u011brn\u00fd \u010cech, co vylez ze sou\u010dasn\u00e9 \u0161koly je lempl, co nic neum\u00ed a ani nev\u00ed. Zejm\u00e9na \u010d\u00edm by se tak m\u011bl vlastn\u011b \u017eivit a pro co by m\u011bl \u017e\u00edt \u2013 chyb\u00ed mu smysl \u017eivota !!!<\/p>\n<p><i class=\"genericon genericon-user\"><\/i><em>Ibrahim<\/em><\/p>\n<p><a href=\"https:\/\/dfens-cz.com\/ministerstvo-budoucnosti\/\">D-FENS<\/a><\/p>\n<p>&nbsp;<\/p>\n<\/div>\n","protected":false},"excerpt":{"rendered":"<p>Nev\u00edm, co se holoto nav\u00e1\u017e\u00edte do Ukrajinc\u016f, tla\u010dte rad\u011bji do t\u011bch PRO, ANO, SPD, STA\u010cILO,&#8230;<\/p>\n","protected":false},"author":2,"featured_media":706,"comment_status":"closed","ping_status":"closed","sticky":false,"template":"","format":"standard","meta":[],"categories":[6],"tags":[1503,1454,121],"_links":{"self":[{"href":"https:\/\/www.infokuryr.cz\/n\/wp-json\/wp\/v2\/posts\/76934"}],"collection":[{"href":"https:\/\/www.infokuryr.cz\/n\/wp-json\/wp\/v2\/posts"}],"about":[{"href":"https:\/\/www.infokuryr.cz\/n\/wp-json\/wp\/v2\/types\/post"}],"author":[{"embeddable":true,"href":"https:\/\/www.infokuryr.cz\/n\/wp-json\/wp\/v2\/users\/2"}],"replies":[{"embeddable":true,"href":"https:\/\/www.infokuryr.cz\/n\/wp-json\/wp\/v2\/comments?post=76934"}],"version-history":[{"count":1,"href":"https:\/\/www.infokuryr.cz\/n\/wp-json\/wp\/v2\/posts\/76934\/revisions"}],"predecessor-version":[{"id":76935,"href":"https:\/\/www.infokuryr.cz\/n\/wp-json\/wp\/v2\/posts\/76934\/revisions\/76935"}],"wp:featuredmedia":[{"embeddable":true,"href":"https:\/\/www.infokuryr.cz\/n\/wp-json\/wp\/v2\/media\/706"}],"wp:attachment":[{"href":"https:\/\/www.infokuryr.cz\/n\/wp-json\/wp\/v2\/media?parent=76934"}],"wp:term":[{"taxonomy":"category","embeddable":true,"href":"https:\/\/www.infokuryr.cz\/n\/wp-json\/wp\/v2\/categories?post=76934"},{"taxonomy":"post_tag","embeddable":true,"href":"https:\/\/www.infokuryr.cz\/n\/wp-json\/wp\/v2\/tags?post=76934"}],"curies":[{"name":"wp","href":"https:\/\/api.w.org\/{rel}","templated":true}]}}