{"id":76927,"date":"2025-04-21T06:18:43","date_gmt":"2025-04-21T04:18:43","guid":{"rendered":"https:\/\/www.infokuryr.cz\/n\/?p=76927"},"modified":"2025-04-21T06:18:43","modified_gmt":"2025-04-21T04:18:43","slug":"nemci-uz-nemate-nic-tak-proc-bychom-meli-dobyvat-vasi-zemi-skoda-nafty","status":"publish","type":"post","link":"https:\/\/www.infokuryr.cz\/n\/2025\/04\/21\/nemci-uz-nemate-nic-tak-proc-bychom-meli-dobyvat-vasi-zemi-skoda-nafty\/","title":{"rendered":"N\u011bmci, u\u017e nem\u00e1te nic. Tak pro\u010d bychom m\u011bli dob\u00fdvat va\u0161i zemi? \u0160koda nafty&#8230;"},"content":{"rendered":"<div id=\"fb-root\"><\/div>\n<p>Zde je citace, jak d\u00e1t \u00fader z milosti, beze zbran\u011b, slovn\u011b\u2026<\/p>\n<p>Putin\u016fv vzkaz n\u011bmeck\u00e9 vl\u00e1d\u011b a n\u011bmeck\u00e9mu lidu:<\/p>\n<h3>\u201eNechceme na v\u00e1s za\u00fato\u010dit!\u201d<\/h3>\n<p>Pro\u010d bychom m\u011bli?<\/p>\n<p>Ty dny jsou d\u00e1vno pry\u010d!<\/p>\n<p>Toto m\u016f\u017ee pochopit ka\u017ed\u00fd, kdo je st\u00e1le p\u0159i smyslech a um\u00ed myslet st\u0159\u00edzliv\u011b.<\/p>\n<p>Zaprv\u00e9: U\u017e m\u00e1te st\u00e1tn\u00ed dluh ve v\u00fd\u0161i 2,500 miliard eur a ani jeden seri\u00f3zn\u00ed ekonom netu\u0161\u00ed, jak byste to mohli kdy splatit.<\/p>\n<p>A te\u010f chcete utratit dal\u0161\u00edch 1000 miliard, aby v\u00e1s vyzbrojili.<\/p>\n<p>Chcete, aby rusk\u00fd lid zaplatil tento dluh?<\/p>\n<p>Nikdy!<\/p>\n<p>Podruh\u00e9: &#8211; Va\u0161e zem\u011b je pln\u00e1 milion\u016f migrant\u016f s ro\u010dn\u00edm v\u00fddaji 50 miliard.<\/p>\n<p>M\u011bl by za to n\u00e9st zodpov\u011bdnost rusk\u00fd lid?<\/p>\n<p>Pot\u0159et\u00ed: &#8211; V\u00fdznamn\u00e1 \u010d\u00e1st va\u0161\u00ed populace je natolik bl\u00e1zniv\u00e1, \u017ee si mysl\u00ed, \u017ee m\u016f\u017ee ovlivnit klima cyklistikou a konzumac\u00ed h&#8230;<\/p>\n<p>Mo\u017en\u00e1 by se toto masivn\u00ed po\u0161kozen\u00ed mozku dalo napravit, ale st\u00e1lo by n\u00e1s to p\u0159\u00edli\u0161 mnoho.<\/p>\n<p>Po \u010dtvrt\u00e9: &#8211; Vzd\u011bl\u00e1vac\u00ed syst\u00e9my b\u00fdvaly p\u0159\u00edkladn\u00e9. V mnoha t\u0159\u00edd\u00e1ch se dnes prakticky nevyu\u010duje, proto\u017ee n\u011bmecky nemluv\u00ed t\u00e9m\u011b\u0159 nikdo.<\/p>\n<p>Po p\u00e1t\u00e9: &#8211; Va\u0161e infrastruktura se hrout\u00ed a vy nem\u016f\u017eete pokro\u010dit s opravami. (nebo p\u0159ikro\u010dit k oprav\u00e1m)<\/p>\n<p>Po\u0161est\u00e9: &#8211; Va\u0161e \u017eeleznice kdysi obdivoval sv\u011bt. Nyn\u00ed va\u0161e vlaky jezd\u00ed zhruba ve stejnou dobu jako v Indii a je tam podobn\u011b bezpe\u010dno.<\/p>\n<p>Po sedm\u00e9: &#8211; Nepot\u0159ebujeme ani va\u0161e oslavovan\u00e9 in\u017een\u00fdry.<\/p>\n<p>D\u00edky sankc\u00edm, jsme se nau\u010dili \u017e\u00edt bez nich, ale pokud je pot\u0159ebujeme, obrac\u00edme se m\u00edsto toho na \u010c\u00ednu.<\/p>\n<p>Te\u010f jsou nejen levn\u011bj\u0161\u00ed, ale i lep\u0161\u00ed.<\/p>\n<p>U\u017e po osm\u00e9: &#8211; Nem\u00e1te ani suroviny ani nosi\u010de energie;<\/p>\n<p>Tak pro\u010d bychom m\u011bli dob\u00fdvat va\u0161i zemi?<\/p>\n<p>\u0158e\u0161it probl\u00e9my, kter\u00e9 bychom jinak nem\u011bli?<\/p>\n<p>Kdybyste n\u00e1s volali, kapitulovali, m\u00e1vali b\u00edl\u00fdmi vlajkami v oknech &#8212; stejn\u011b bychom nep\u0159i\u0161li.<\/p>\n<p>\u0160koda nafty.<\/p>\n<p><em><a href=\"https:\/\/www.facebook.com\/ivan.vladimir.1023\/posts\/1412488426768031\">Ivan Vladim\u00edr<\/a><\/em><\/p>\n<p>&nbsp;<\/p>\n","protected":false},"excerpt":{"rendered":"<p>Zde je citace, jak d\u00e1t \u00fader z milosti, beze zbran\u011b, slovn\u011b\u2026 Putin\u016fv vzkaz n\u011bmeck\u00e9 vl\u00e1d\u011b&#8230;<\/p>\n","protected":false},"author":2,"featured_media":76928,"comment_status":"closed","ping_status":"closed","sticky":false,"template":"","format":"standard","meta":[],"categories":[6],"tags":[59,1203,1503,429,805],"_links":{"self":[{"href":"https:\/\/www.infokuryr.cz\/n\/wp-json\/wp\/v2\/posts\/76927"}],"collection":[{"href":"https:\/\/www.infokuryr.cz\/n\/wp-json\/wp\/v2\/posts"}],"about":[{"href":"https:\/\/www.infokuryr.cz\/n\/wp-json\/wp\/v2\/types\/post"}],"author":[{"embeddable":true,"href":"https:\/\/www.infokuryr.cz\/n\/wp-json\/wp\/v2\/users\/2"}],"replies":[{"embeddable":true,"href":"https:\/\/www.infokuryr.cz\/n\/wp-json\/wp\/v2\/comments?post=76927"}],"version-history":[{"count":0,"href":"https:\/\/www.infokuryr.cz\/n\/wp-json\/wp\/v2\/posts\/76927\/revisions"}],"wp:featuredmedia":[{"embeddable":true,"href":"https:\/\/www.infokuryr.cz\/n\/wp-json\/wp\/v2\/media\/76928"}],"wp:attachment":[{"href":"https:\/\/www.infokuryr.cz\/n\/wp-json\/wp\/v2\/media?parent=76927"}],"wp:term":[{"taxonomy":"category","embeddable":true,"href":"https:\/\/www.infokuryr.cz\/n\/wp-json\/wp\/v2\/categories?post=76927"},{"taxonomy":"post_tag","embeddable":true,"href":"https:\/\/www.infokuryr.cz\/n\/wp-json\/wp\/v2\/tags?post=76927"}],"curies":[{"name":"wp","href":"https:\/\/api.w.org\/{rel}","templated":true}]}}