{"id":76920,"date":"2025-04-21T05:37:43","date_gmt":"2025-04-21T03:37:43","guid":{"rendered":"https:\/\/www.infokuryr.cz\/n\/?p=76920"},"modified":"2025-04-21T05:37:43","modified_gmt":"2025-04-21T03:37:43","slug":"jindrich-kulhavy-sobota-nedele","status":"publish","type":"post","link":"https:\/\/www.infokuryr.cz\/n\/2025\/04\/21\/jindrich-kulhavy-sobota-nedele\/","title":{"rendered":"Jind\u0159ich Kulhav\u00fd: Sobota, ned\u011ble"},"content":{"rendered":"<div id=\"fb-root\"><\/div>\n<p><strong><span class=\"anotation\">Ob\u010das p\u0159in\u00e1\u0161\u00edme p\u0159ed v\u00edkendem tip na to, jak ho pro\u017e\u00edt. Tentokr\u00e1t to d\u011bl\u00e1me trochu jinak a zhodnot\u00edme to, jak ten velikono\u010dn\u00ed prob\u00edhal. Doba, ve kter\u00e9 \u017eijeme, moc radosti nep\u0159in\u00e1\u0161\u00ed, tedy mimo t\u011bch, kte\u0159\u00ed ji tvo\u0159\u00ed dle obrazu sv\u00e9ho a bez ohledu na dopad a n\u00e1sledky t\u00fdkaj\u00edc\u00ed se v\u011bt\u0161iny z\u00a0n\u00e1s.<\/span><\/strong><\/p>\n<div id=\"pagetext\">\n<p>\u00a0 Prvn\u00ed zm\u00ednka se t\u00fdk\u00e1, jak jinak, Ukrajiny. Vladim\u00edr Putin vyhl\u00e1sil t\u0159icetihodinov\u00e9 p\u0159\u00edm\u011b\u0159\u00ed, Zelenskyj ho x kr\u00e1t poru\u0161il a do sv\u011bta i p\u0159es na\u0161e m\u00e9dia \u0159ve cosi o tom, \u017ee to d\u011blaj\u00ed Rusov\u00e9. Tuto strategii pou\u017e\u00edv\u00e1 u\u017e 3 roky, proto\u017ee n\u00e1sledn\u00fd pl\u00e1\u010d v\u0161ude mo\u017en\u011b p\u0159etavuje v\u00a0solidn\u00ed p\u0159\u00edjmy. Jde o systematickou pr\u00e1ci, kterou nejv\u011bt\u0161\u00ed sv\u011btov\u00fd \u017eebr\u00e1k p\u0159em\u011b\u0148uje ukrajinsk\u00e9 \u017eivoty v\u00a0miliardy p\u0159ich\u00e1zej\u00edc\u00ed ze zahrani\u010d\u00ed. Z\u00a0nich velk\u00e1 \u010d\u00e1st okam\u017eit\u011b a nen\u00e1vratn\u011b miz\u00ed v\u00a0soukrom\u00e9m sektoru v\u010detn\u011b financov\u00e1n\u00ed luxusn\u00edho \u017eivota ukrajinsk\u00e9ho dikt\u00e1tora. Mo\u017en\u00e1 tyto skute\u010dnosti budou naz\u00fdvat jako dezinformace, ale ani to n\u00e1s nesm\u00ed p\u0159ekvapit. Pod\u00edvejme se na to, kdo pumpuje pen\u00edze do politick\u00fdch neziskovek a liber\u00e1ln\u00edch m\u00e9di\u00ed. Jen Evropsk\u00e1 komise v\u00a0r\u00e1mci sv\u00e9ho hospoda\u0159en\u00ed utr\u00e1c\u00ed z\u00a0na\u0161eho spole\u010dn\u00e9ho mnoho miliard eur za \u201esponzorstv\u00ed\u201c r\u016fzn\u00fdch subjekt\u016f sna\u017e\u00edc\u00edch se prosazovat my\u0161lenky j\u00ed prosazovan\u00e9.<\/p>\n<p>T\u00edm ukon\u010dujeme politiku, p\u0159eci jenom se d\u011bly i jin\u00e9 v\u011bci. Pro n\u00e1s ty zaj\u00edmav\u00e9 na Mosteck\u00e9m okruhu. V\u00a0sobotu to byl sraz majitel\u016f voz\u016f zna\u010dky Porsche. Mo\u017en\u00e1 jste zaznamenali jist\u00e9 pot\u00ed\u017ee t\u00e9to slavn\u00e9 zna\u010dky zp\u016fsoben\u00e9 n\u00e1sledky poslu\u0161nosti v\u016f\u010di Evropskou uni\u00ed prosazovan\u00e9ho Green Dealu. Na z\u00e1vodi\u0161ti se se\u0161lo skute\u010dn\u011b mnoho majitel\u016f i fanou\u0161k\u016f sportovn\u00ed klasiky. R\u016fzn\u00e9 modely, ro\u010dn\u00edky, ov\u0161em v\u0161echny osazen\u00e9 spalovac\u00edmi motory. Abychom byli spravedliv\u00ed, objevil se i elektrick\u00fd Taycan, ale nikoho nezaj\u00edmal. M\u00edsto n\u011bj lid\u00e9 obdivovali n\u00e1dhern\u00e9 GT3RS, jejich\u017e vzhled je d\u00edky zadn\u00edmu k\u0159\u00eddlu trochu kosmick\u00fd. Nechyb\u011bly ani popul\u00e1rn\u00ed GT4RS, kter\u00e9 se daj\u00ed je\u0161t\u011b koupit a rozhodn\u011b stoj\u00ed za pozornost. K\u00a0vid\u011bn\u00ed v\u0161ak bylo mnoho dal\u0161\u00edch model\u016f r\u016fzn\u00fdch v\u00fdkon\u016f a st\u00e1\u0159\u00ed. N\u011bkte\u0159\u00ed z\u00e1jemci se mohli sv\u00e9zt na okruhu, nav\u00edc agentura Legendy u V\u00e1s poskytovala mo\u017enost \u0159\u00eddit vybran\u00e9 z\u00a0jej\u00edch 5 porsche p\u0159\u00edmo v\u00a0re\u00e1lu na okruhu. Ve 13.00 za\u010dala spanil\u00e1 j\u00edzda, kdy se p\u0159\u00edtomn\u00ed majitel\u00e9 shrom\u00e1\u017edili pr\u00e1v\u011b na trati. Ta v\u00a0tu chv\u00edli p\u0159ipom\u00ednala podstatnou \u010d\u00e1st \u010desk\u00e9ho n\u00e1rodn\u00edho rozpo\u010dtu.<\/p>\n<p>Ned\u011ble tr\u00e1ven\u00e1 na stejn\u00e9m m\u00edst\u011b, tentokr\u00e1t u\u017e za volantem BMW M4 Competition, byla ve znaku rychl\u00e9 j\u00edzdy. I tentokr\u00e1t to bylo za \u00fa\u010dasti z\u00e1\u017eitkov\u00e9 agentury Legendy u V\u00e1s. Jej\u00ed track day \u00a0umo\u017enil po zim\u011b otestovat schopnosti \u0159idi\u010d\u016f i vozidel. Tentokr\u00e1t bez div\u00e1ck\u00e9 kulisy, ale v\u00a0o to v\u011bt\u0161\u00edm tempu. A nebylo to \u0161patn\u00e9. Polopr\u00e1zdn\u00e1 tra\u0165, sucho, teplo tak akor\u00e1t, vzorn\u00e1 p\u00e9\u010de. A op\u011bt mnoho spokojen\u00fdch klient\u016f, kter\u00fdm byly k\u00a0dispozici mimo model\u016f Porsche tentokr\u00e1t nap\u0159\u00edklad i Lamborghini Huracan STO, BMW M4CS, Toyota Yaris GR. Up\u0159\u00edmn\u011b \u0159e\u010deno, je kr\u00e1sn\u00e9 vn\u00edmat, kolik lid\u00ed auta miluje a je ochotno i v\u00a0t\u00e9to turbulentn\u00ed dob\u011b investovat do z\u00e1\u017eitk\u016f. Nemus\u00edte riskovat odebr\u00e1n\u00ed \u0159idi\u010dsk\u00e9ho pr\u016fkazu (souhlas\u00edme s\u00a0Filipem Turkem, \u017ee omezov\u00e1n\u00ed rychlosti na sou\u010dasnou \u00farove\u0148 je prost\u00fdm nepochopen\u00edm re\u00e1ln\u00fdch mo\u017enost\u00ed \u010dlov\u011bka), p\u0159esto m\u016f\u017eete dosahovat solidn\u00edch v\u00fdkon\u016f a ru\u010di\u010dka tachometru se dostane tam, kam u sportovn\u00edch aut pat\u0159\u00ed.<\/p>\n<p>Mosteck\u00fd okruh je v\u00a0ohro\u017een\u00ed kv\u016fli sporu to\u010d\u00edc\u00edho se kolem jeho hlu\u010dnosti. Na b\u011b\u017en\u00fdch silnic\u00edch hl\u00eddkuj\u00ed policist\u00e9 pln\u00edc\u00ed rozkaz: \u201e\u0158idi\u010d s t\u011b\u017e\u0161\u00ed nohou nesm\u00ed projet\u201c. M\u00edst, kde se d\u00e1 svi\u017en\u011b sv\u00e9zt, ub\u00fdv\u00e1. A kdy\u017e to nav\u00edc chcete je\u0161t\u011b zdokumentovat, \u010d\u00edm\u017e ze sebe ud\u011bl\u00e1te ter\u010d, budete popotahov\u00e1ni. Ji\u017e zmi\u0148ovan\u00fd Filip Turek to u\u010dinil a u\u017e po n\u011bm jdou. U policist\u016f je to polick\u00e1 objedn\u00e1vka, najde se ale i plno \u201eov\u010dan\u016f\u201c d\u0161t\u00edc\u00edch s\u00edru a projevuj\u00edc\u00edch pohor\u0161en\u00ed nad \u201esobectv\u00edm\u201c europoslance. Ostatn\u011b tak to nazvala holubi\u010dka Nerudov\u00e1. Samoz\u0159ejm\u011b za potlesku dal\u0161\u00edch rozumov\u011b omezen\u00fdch spoluob\u010dan\u016f, pro kter\u00e9 je jak\u00fdkoliv z\u00e1kon \u010di na\u0159\u00edzen\u00ed d\u016fle\u017eit\u011bj\u0161\u00ed ne\u017e vlastn\u00ed n\u00e1zor \u010di schopnosti.<\/p>\n<p>M\u016f\u017eete si o Turkovi myslet cokoliv, ale je to mu\u017e miluj\u00edc\u00ed auta, motory a mo\u017enost vyu\u017e\u00edvat jejich dovednosti. Rychlej\u0161\u00ed p\u0159esun po d\u00e1lnici nen\u00ed rozhodn\u011b n\u011b\u010d\u00edm, co po\u0161kozuje planetu a takt\u00e9\u017e zd\u016fvod\u0148ovat ka\u017edou druhou nehodu jako nep\u0159izp\u016fsoben\u00ed rychlosti je \u00fapln\u011b scestn\u00e9. A v\u00a0podstat\u011b vylhan\u00e9. Ve \u010dtvrtek jsem byl u dopravn\u00ed nehody, p\u0159i kter\u00e9 mlad\u00e1 \u017eena srazila jeden\u00e1ctilet\u00e9ho kluka p\u0159eb\u00edhaj\u00edc\u00edho silnici mezi auty. Jela cca 40km\/hod, nemohla d\u011blat v\u016fbec nic. Nebyl to hezk\u00fd z\u00e1\u017eitek, d\u00edt\u011b dopadnulo 2 metry od m\u00e9ho auta, na\u0161t\u011bst\u00ed \u017eiv\u00e9. Neexistuje rychlost, p\u0159i kter\u00e9ho se nem\u016f\u017ee nic st\u00e1t, jej\u00ed omezov\u00e1n\u00ed planetu nechr\u00e1n\u00ed, naopak podporuje nepozornost a sni\u017eov\u00e1n\u00ed dovednosti \u0159idi\u010d\u016f. Z\u00a0vlastn\u00edch zku\u0161enost\u00ed zn\u00e1m, \u017ee p\u0159i 30km\/hod us\u00edn\u00e1m, nesoust\u0159ed\u00edm se. S\u00a0ru\u010di\u010dkou v\u00fd\u0161e a v\u00fd\u0161e na stupnici ost\u0159\u00edm smysly, soust\u0159ed\u00edm se. Na d\u00e1lnici plat\u00ed to sam\u00e9, okresky tak\u00e9 nevyj\u00edmaje. A ano, svezen\u00ed na okruhu je n\u011bco podobn\u00e9ho, jako pro studenta vysok\u00e1 \u0161kola. I proto jsem r\u00e1d, \u017ee agentura Legendy u V\u00e1s, ale t\u0159eba i Klub sportovn\u00edch aut, jeho\u017e jsem b\u00fdval \u010dlenem, existuj\u00ed. A ten v\u00edkend byl fajn.<\/p>\n<p><a href=\"https:\/\/www.inadhled.live\/uvaha-dne\/sobota-nedele\/\">Jind\u0159ich Kulhav\u00fd<\/a><\/p>\n<p><img decoding=\"async\" loading=\"lazy\" class=\"alignnone size-full wp-image-48136\" src=\"http:\/\/www.infokuryr.cz\/n\/wp-content\/uploads\/2024\/02\/kulhavy-jindrich.jpg\" alt=\"\" width=\"219\" height=\"221\" srcset=\"https:\/\/www.infokuryr.cz\/n\/wp-content\/uploads\/2024\/02\/kulhavy-jindrich.jpg 219w, https:\/\/www.infokuryr.cz\/n\/wp-content\/uploads\/2024\/02\/kulhavy-jindrich-150x150.jpg 150w\" sizes=\"(max-width: 219px) 100vw, 219px\" \/><\/p>\n<p>&nbsp;<\/p>\n<\/div>\n","protected":false},"excerpt":{"rendered":"<p>Ob\u010das p\u0159in\u00e1\u0161\u00edme p\u0159ed v\u00edkendem tip na to, jak ho pro\u017e\u00edt. Tentokr\u00e1t to d\u011bl\u00e1me trochu jinak&#8230;<\/p>\n","protected":false},"author":2,"featured_media":76921,"comment_status":"closed","ping_status":"closed","sticky":false,"template":"","format":"standard","meta":[],"categories":[6],"tags":[7147,1503,122],"_links":{"self":[{"href":"https:\/\/www.infokuryr.cz\/n\/wp-json\/wp\/v2\/posts\/76920"}],"collection":[{"href":"https:\/\/www.infokuryr.cz\/n\/wp-json\/wp\/v2\/posts"}],"about":[{"href":"https:\/\/www.infokuryr.cz\/n\/wp-json\/wp\/v2\/types\/post"}],"author":[{"embeddable":true,"href":"https:\/\/www.infokuryr.cz\/n\/wp-json\/wp\/v2\/users\/2"}],"replies":[{"embeddable":true,"href":"https:\/\/www.infokuryr.cz\/n\/wp-json\/wp\/v2\/comments?post=76920"}],"version-history":[{"count":0,"href":"https:\/\/www.infokuryr.cz\/n\/wp-json\/wp\/v2\/posts\/76920\/revisions"}],"wp:featuredmedia":[{"embeddable":true,"href":"https:\/\/www.infokuryr.cz\/n\/wp-json\/wp\/v2\/media\/76921"}],"wp:attachment":[{"href":"https:\/\/www.infokuryr.cz\/n\/wp-json\/wp\/v2\/media?parent=76920"}],"wp:term":[{"taxonomy":"category","embeddable":true,"href":"https:\/\/www.infokuryr.cz\/n\/wp-json\/wp\/v2\/categories?post=76920"},{"taxonomy":"post_tag","embeddable":true,"href":"https:\/\/www.infokuryr.cz\/n\/wp-json\/wp\/v2\/tags?post=76920"}],"curies":[{"name":"wp","href":"https:\/\/api.w.org\/{rel}","templated":true}]}}