{"id":76912,"date":"2025-04-21T00:22:21","date_gmt":"2025-04-20T22:22:21","guid":{"rendered":"https:\/\/www.infokuryr.cz\/n\/?p=76912"},"modified":"2025-04-20T15:25:25","modified_gmt":"2025-04-20T13:25:25","slug":"miroslav-petr-zahada","status":"publish","type":"post","link":"https:\/\/www.infokuryr.cz\/n\/2025\/04\/21\/miroslav-petr-zahada\/","title":{"rendered":"Miroslav Petr: Z\u00e1hada"},"content":{"rendered":"<div id=\"fb-root\"><\/div>\n<p><strong>Na soci\u00e1ln\u00ed s\u00edti se objevil tento n\u00e1zor, kter\u00fd vede k zamy\u0161len\u00ed, jak &#8222;krut\u00fd&#8220; byl minul\u00fd re\u017eim. Tolik jsme tou\u017eili po ban\u00e1nech, a\u017e jsme se kone\u010dn\u011b do\u010dkali a jsme ban\u00e1novou republikou.\u00a0<\/strong><\/p>\n<p><strong>&#8222;Po\u0159\u00e1d mi vrt\u00e1 hlavou, jak to d\u011blali ti hloup\u00ed, zl\u00ed komunist\u00e9, kte\u0159\u00ed ni\u010demu nerozum\u011bli, kdy\u017e na ka\u017ed\u00e9 vesnici bylo zdravotn\u00ed st\u0159edisko, kde mi napsal l\u00e9ka\u0159 recept, za kter\u00fd jsem zaplatil jednu korunu. Bez ohledu na to, jak\u00e9 l\u00e9ky mi na n\u011bj v l\u00e9k\u00e1rn\u011b vydali. Zuba\u0159 za n\u00e1mi d\u011btmi chodil 2x za \u0161koln\u00ed rok do \u0161koly. Na ka\u017ed\u00e9 vesnici byla po\u0161ta, pohled st\u00e1l korunu za zn\u00e1mku, korespon\u010f\u00e1k za pades\u00e1t hal\u00e9\u0159\u016f, dopis t\u0159i koruny za zn\u00e1mku.<\/strong><\/p>\n<p>Po m\u011bst\u011b jsme jako d\u011bti jezdili m\u011bstskou hromadnou dopravou za 50 hal\u00e9\u0159\u016f, od 15 let za korunu. Rohl\u00edk st\u00e1l 40 hal\u00e9\u0159\u016f, pleten\u00e1 houska 60 hal\u00e9\u0159\u016f. bochn\u00edk chleba l kg za 5,20 korun, litr ml\u00e9ka za 2,20 K\u010d, \u010dtvrtka m\u00e1sla za 8 K\u010d, a p\u0159es to v\u0161echno nebyla na\u0161e republika zadlu\u017een\u00e1&#8230;Nev\u00edm, jestli ti komunist\u00e9 byli kouzeln\u00edci, nebo t\u0159eba jen v\u011bd\u011bli, \u017ee \u0159\u00e1dn\u00fd hospod\u00e1\u0159 nem\u016f\u017ee utratit v\u00edc ne\u017e vyd\u011bl\u00e1. Ka\u017edop\u00e1dn\u011b kouzeln\u00e9 bylo m\u00e9 d\u011btstv\u00ed a ml\u00e1d\u00ed.&#8220;<\/p>\n<p>Rozd\u00edl od dne\u0161n\u00edho re\u017eimu je takov\u00fd, \u017ee dnes \u017eiv\u00edme nejm\u00e9n\u011b milion \u010di je\u0161t\u011b v\u00edce zcela zbyte\u010dn\u00fdch darmo\u0161lap\u016f ze Ziskovek, \u00fa\u0159ad\u016f a mnoha r\u016fzn\u00fdch instituc\u00ed, nep\u0159izp\u016fsobiv\u00fdch spoluob\u010dan\u016f, mnoha nepracuj\u00edc\u00edch Ukrajinc\u016f, student\u016f ze \u0161kol jako jsou filozofick\u00e9 a mnoho jin\u00fdch \u0161kol, kter\u00e9 jsou pro norm\u00e1ln\u00ed \u017eivot zcela nepou\u017eiteln\u00e9. Jsme tak bohat\u00fd st\u00e1t, \u017ee m\u016f\u017eeme m\u00edt platy mnohon\u00e1sobn\u011b vy\u0161\u0161\u00ed ne\u017e jsou v N\u011bmecku. Ale to by museli voli\u010di volit zdrav\u00fdm &#8222;selsk\u00fdm&#8220; rozumem. Podle volebn\u00edch pr\u016fzkum\u016f a dlouhodob\u00fdch volebn\u00edch v\u00fdsledk\u016f p\u0159es 80% voli\u010d\u016f odm\u00edt\u00e1 hmotnou odpov\u011bdnost politik\u016f a soudc\u016f. A to si netrouf\u00e1m napsat \u010d\u00edslo, kolik voli\u010d\u016f tou\u017e\u00ed po v\u00e1lce, po n\u00e1vratu do patn\u00e1ct\u00e9ho stolet\u00ed bez elekt\u0159iny a plynu d\u00edky Green Dealu, kolik lid\u00ed chce \u017e\u00edt v dystopii Jirky Orwela&#8230;<\/p>\n<p>Cel\u00fd sv\u011bt demonstruje na podporu Palestiny. \u010ce\u0161t\u00ed prostituti, pardon, presstituti ml\u010d\u00ed&#8230;.<\/p>\n<p>Ukrajinci, \u017eij\u00edc\u00ed na Ukrajin\u011b v\u00e1lku u\u017e necht\u011bj\u00ed, ale Ukrajinci, kte\u0159\u00ed tam ne\u017eij\u00ed, ji st\u00e1le cht\u011bj\u00ed. To jsou ale paradoxy, pane Van\u011bk&#8230;<\/p>\n<p>Bl\u00ed\u017e\u00ed se schv\u00e1len\u00ed nov\u00e9 verze pandemick\u00e9 smlouvy WHO. N\u011bkter\u00e9 zem\u011b z t\u00e9to organizace u\u017e odch\u00e1zej\u00ed. Ka\u017ed\u00fd rok bude povinn\u00e9 o\u010dkov\u00e1n\u00ed pro ka\u017ed\u00e9ho krom\u011b \u010dern\u00e9ho hmyzu. Kalergiho pl\u00e1n se mus\u00ed splnit za ka\u017edou cenu&#8230;\u010cernoprdeln\u00edkovi soudruhovi V\u00fdborn\u00e9mu vad\u00ed tak jako Zdechlin\u011b slu\u010dov\u00e1n\u00ed SPD, Svobodn\u00fdch Trikolory a PRO. Nevad\u00ed mu slou\u010den\u00ed sou\u010dasn\u00e9 vl\u00e1dy, Som z toho volaako zmet\u011bn\u00fd.<\/p>\n<p>Po projevu M. Uhr\u00edka v EP byli vyhozeni \u010de\u0161t\u00ed ob\u010dan\u00e9, proto\u017ee si dovolili poru\u0161it z\u00e1kaz tlesk\u00e1n\u00ed \/?!?\/ nekorektn\u00edmu projevu. Pro\u010d jsem si vzpomn\u011bl na film Py\u0161n\u00e1 princezna, kde musel \u0161vec p\u0159ej\u00edt hranice, aby si mohl zazp\u00edvat? Z Brusele se st\u00e1v\u00e1 totalitn\u00ed protektor\u00e1t a v\u00e1le\u010dn\u00e1 organizace. Rozpad staronov\u00e9 \u0158\u00ed\u0161e Velkon\u011bmeck\u00e9 se nezadr\u017eiteln\u011b bl\u00ed\u017e\u00ed&#8230;<\/p>\n<p>Hloup\u00e1 u\u010ditelka Danu\u0161e z Ku\u0159imi si nem\u016f\u017ee vynachv\u00e1lit EU, kter\u00e1 nebyla schopna vy\u0159e\u0161it finan\u010dn\u00ed krizi, invazi \u010dern\u00e9ho hmyzu,\u00a0 probl\u00e9my s energiemi a probl\u00e9my s ukon\u010den\u00edm v\u00e1lky na Ukrajin\u011b. Zem\u011b EU v\u010detn\u011b \u010cR si nap\u0159ed d\u00edky p\u0159edra\u017een\u00e9 energii zni\u010dily ocel\u00e1rny a ted cht\u011bj\u00ed zbrojit&#8230;Dle t\u00e9to N\u00e1ny je EU velmi siln\u00e1&#8230;.<\/p>\n<p>Polovina st\u00e1t\u016f USA zak\u00e1zala chemtrails na sv\u00e9m \u00fazem\u00ed. Kdy se p\u0159idaj\u00ed evropsk\u00e9 st\u00e1ty?<\/p>\n<p>Bleskurychl\u00e1 loupe\u017e \u0161perk\u016f byla provedena s ukrajinsk\u00fdm autem. Pro\u010d je najednou takov\u00e9 ticho?<\/p>\n<p><a href=\"https:\/\/www.czechfreepress.cz\/dalsi-blogy\/zahada.html\">Miroslav Petr<\/a><\/p>\n<p>&nbsp;<\/p>\n","protected":false},"excerpt":{"rendered":"<p>Na soci\u00e1ln\u00ed s\u00edti se objevil tento n\u00e1zor, kter\u00fd vede k zamy\u0161len\u00ed, jak &#8222;krut\u00fd&#8220; byl minul\u00fd&#8230;<\/p>\n","protected":false},"author":2,"featured_media":23534,"comment_status":"closed","ping_status":"closed","sticky":false,"template":"","format":"standard","meta":[],"categories":[6],"tags":[506,41,1503,122],"_links":{"self":[{"href":"https:\/\/www.infokuryr.cz\/n\/wp-json\/wp\/v2\/posts\/76912"}],"collection":[{"href":"https:\/\/www.infokuryr.cz\/n\/wp-json\/wp\/v2\/posts"}],"about":[{"href":"https:\/\/www.infokuryr.cz\/n\/wp-json\/wp\/v2\/types\/post"}],"author":[{"embeddable":true,"href":"https:\/\/www.infokuryr.cz\/n\/wp-json\/wp\/v2\/users\/2"}],"replies":[{"embeddable":true,"href":"https:\/\/www.infokuryr.cz\/n\/wp-json\/wp\/v2\/comments?post=76912"}],"version-history":[{"count":0,"href":"https:\/\/www.infokuryr.cz\/n\/wp-json\/wp\/v2\/posts\/76912\/revisions"}],"wp:featuredmedia":[{"embeddable":true,"href":"https:\/\/www.infokuryr.cz\/n\/wp-json\/wp\/v2\/media\/23534"}],"wp:attachment":[{"href":"https:\/\/www.infokuryr.cz\/n\/wp-json\/wp\/v2\/media?parent=76912"}],"wp:term":[{"taxonomy":"category","embeddable":true,"href":"https:\/\/www.infokuryr.cz\/n\/wp-json\/wp\/v2\/categories?post=76912"},{"taxonomy":"post_tag","embeddable":true,"href":"https:\/\/www.infokuryr.cz\/n\/wp-json\/wp\/v2\/tags?post=76912"}],"curies":[{"name":"wp","href":"https:\/\/api.w.org\/{rel}","templated":true}]}}