{"id":76909,"date":"2025-04-21T00:19:15","date_gmt":"2025-04-20T22:19:15","guid":{"rendered":"https:\/\/www.infokuryr.cz\/n\/?p=76909"},"modified":"2025-04-20T15:20:01","modified_gmt":"2025-04-20T13:20:01","slug":"vlada-spolu-a-stan-lze-o-ilegalni-migraci-a-planuje-v-cesku-znicit-uplne-vsechno","status":"publish","type":"post","link":"https:\/\/www.infokuryr.cz\/n\/2025\/04\/21\/vlada-spolu-a-stan-lze-o-ilegalni-migraci-a-planuje-v-cesku-znicit-uplne-vsechno\/","title":{"rendered":"Vl\u00e1da SPOLU a STAN l\u017ee o ileg\u00e1ln\u00ed migraci a pl\u00e1nuje v \u010cesku zni\u010dit \u00fapln\u011b v\u0161echno"},"content":{"rendered":"<div id=\"fb-root\"><\/div>\n<div>Tak\u017ee ta parta k\u0159iv\u00fdch lh\u00e1\u0159\u016f, co si \u0159\u00edk\u00e1 \u010desk\u00e1 vl\u00e1da, by cht\u011bla v\u0161echny migra\u010dn\u00ed pravomoci nechat na Unii a rozvolnit\u00a0 st\u00e1vaj\u00edc\u00ed pravidla do sou\u010dasn\u00e9ho z\u00e1padoevropsk\u00e9ho bordelu. Vypust\u00edme odm\u00edt\u00e1n\u00ed krimin\u00e1ln\u00edk\u016f, p\u0159id\u00e1me slu\u010dov\u00e1n\u00ed rodin. Navenek kecy o zost\u0159en\u00ed, ve skute\u010dnosti lezou Bruselu do kone\u010dn\u00edku p\u0159esn\u011b tak, jak to ud\u011blali s Fit for 55. Tady kon\u010d\u00ed posledn\u00ed ohledy. Pokud je nepo\u017eeneme seinsk\u00fdm krokem, tak v \u010cesku zni\u010d\u00ed \u00fapln\u011b v\u0161echno.<\/div>\n<div><\/div>\n<h3><strong>P\u0159e\u010dt\u011bte si, co maskuje vl\u00e1da SPOLU a STAN za kecy, \u017ee \u00fadajn\u011b chce zp\u0159\u00edsnit boj proti ileg\u00e1ln\u00ed migraci:<\/strong><\/h3>\n<div><img decoding=\"async\" loading=\"lazy\" class=\"aligncenter\" src=\"https:\/\/www.islamizace.cz\/UserFiles\/image\/migracnipakt1.jpg\" width=\"471\" height=\"669\" \/><\/div>\n<div><img decoding=\"async\" loading=\"lazy\" class=\"aligncenter\" src=\"https:\/\/www.islamizace.cz\/UserFiles\/image\/migracnipakt2.jpg\" width=\"495\" height=\"774\" \/><\/div>\n<div><img decoding=\"async\" loading=\"lazy\" class=\"wp-image-76910 aligncenter\" src=\"http:\/\/www.infokuryr.cz\/n\/wp-content\/uploads\/2025\/04\/27-300x217.jpg\" alt=\"\" width=\"536\" height=\"388\" srcset=\"https:\/\/www.infokuryr.cz\/n\/wp-content\/uploads\/2025\/04\/27-300x217.jpg 300w, https:\/\/www.infokuryr.cz\/n\/wp-content\/uploads\/2025\/04\/27.jpg 678w\" sizes=\"(max-width: 536px) 100vw, 536px\" \/><\/div>\n<div><a href=\"https:\/\/www.islamizace.cz\/Articles\/14225-vlada-spolu-a-stan-lze-o-ilegalni-migraci-a-planuje-v-cesku-znici-uplne-vsechno.aspx\">Martin Gust<\/a><\/div>\n<div><\/div>\n","protected":false},"excerpt":{"rendered":"<p>Tak\u017ee ta parta k\u0159iv\u00fdch lh\u00e1\u0159\u016f, co si \u0159\u00edk\u00e1 \u010desk\u00e1 vl\u00e1da, by cht\u011bla v\u0161echny migra\u010dn\u00ed pravomoci&#8230;<\/p>\n","protected":false},"author":2,"featured_media":37873,"comment_status":"closed","ping_status":"closed","sticky":false,"template":"","format":"standard","meta":[],"categories":[6],"tags":[119,1503,851,1085,424,99],"_links":{"self":[{"href":"https:\/\/www.infokuryr.cz\/n\/wp-json\/wp\/v2\/posts\/76909"}],"collection":[{"href":"https:\/\/www.infokuryr.cz\/n\/wp-json\/wp\/v2\/posts"}],"about":[{"href":"https:\/\/www.infokuryr.cz\/n\/wp-json\/wp\/v2\/types\/post"}],"author":[{"embeddable":true,"href":"https:\/\/www.infokuryr.cz\/n\/wp-json\/wp\/v2\/users\/2"}],"replies":[{"embeddable":true,"href":"https:\/\/www.infokuryr.cz\/n\/wp-json\/wp\/v2\/comments?post=76909"}],"version-history":[{"count":1,"href":"https:\/\/www.infokuryr.cz\/n\/wp-json\/wp\/v2\/posts\/76909\/revisions"}],"predecessor-version":[{"id":76911,"href":"https:\/\/www.infokuryr.cz\/n\/wp-json\/wp\/v2\/posts\/76909\/revisions\/76911"}],"wp:featuredmedia":[{"embeddable":true,"href":"https:\/\/www.infokuryr.cz\/n\/wp-json\/wp\/v2\/media\/37873"}],"wp:attachment":[{"href":"https:\/\/www.infokuryr.cz\/n\/wp-json\/wp\/v2\/media?parent=76909"}],"wp:term":[{"taxonomy":"category","embeddable":true,"href":"https:\/\/www.infokuryr.cz\/n\/wp-json\/wp\/v2\/categories?post=76909"},{"taxonomy":"post_tag","embeddable":true,"href":"https:\/\/www.infokuryr.cz\/n\/wp-json\/wp\/v2\/tags?post=76909"}],"curies":[{"name":"wp","href":"https:\/\/api.w.org\/{rel}","templated":true}]}}