{"id":76908,"date":"2025-04-21T00:16:17","date_gmt":"2025-04-20T22:16:17","guid":{"rendered":"https:\/\/www.infokuryr.cz\/n\/?p=76908"},"modified":"2025-04-20T15:07:30","modified_gmt":"2025-04-20T13:07:30","slug":"jiri-vyvadil-fica-se-zastal-vyznamny-americky-portal-responsible-statecraft","status":"publish","type":"post","link":"https:\/\/www.infokuryr.cz\/n\/2025\/04\/21\/jiri-vyvadil-fica-se-zastal-vyznamny-americky-portal-responsible-statecraft\/","title":{"rendered":"Ji\u0159\u00ed Vyvadil: Fica se zastal v\u00fdznamn\u00fd americk\u00fd port\u00e1l Responsible Statecraft"},"content":{"rendered":"<div id=\"fb-root\"><\/div>\n<p><strong>\u017de Evropsk\u00e1 unie prosazuje totalitn\u00ed metody je mnoh\u00fdm z n\u00e1s zn\u00e1mo. O state\u010dn\u00e9m postoji Roberta Fica proti v\u00fdhru\u017ek\u00e1m Kaji Kallasov\u00e9 u\u017e mimo jin\u00e9 na na\u0161em port\u00e1lu Va\u0161e v\u011bc u\u017e padla \u0159e\u010d. Doslova chorobn\u00e1 rusof\u00f3bie, kter\u00e1 zachv\u00e1tila vl\u00e1dnouc\u00ed p\u0159edstavitele EU i v\u011bt\u0161inu evropsk\u00fdch politik\u016f jde a\u017e do extr\u00e9mu, kdy se povinn\u011b pop\u00edr\u00e1 z\u00e1kladn\u00ed fakt, \u017ee Rusko m\u011blo z\u00e1kladn\u00ed pod\u00edl na por\u00e1\u017ece nacistick\u00e9ho N\u011bmecka fakticky i na\u0161\u00ed existence. Zbyte\u010dn\u011b se st\u00edr\u00e1 nesm\u00edrn\u00fd v\u00fdznam spojenectv\u00ed z\u00e1padn\u00ed spojenci -Sov\u011btsk\u00fd svaz. Zd\u00e1 se, \u017ee kritick\u00fd pohled si v dne\u0161n\u00ed dob\u011b na rozd\u00edl evropsk\u00e9ho mainstreamu dovedou uchovat alespo\u0148 n\u011bkter\u00e9 americk\u00e9 port\u00e1ly a nejsou prvopl\u00e1nov\u011b protrumpovsk\u00e9.<\/strong><\/p>\n<p style=\"font-weight: 400;\">&#8222;Je rok 2025, ne 1939!&#8220; Hrozby EU ohledn\u011b Dne v\u00edt\u011bzstv\u00ed Ruska vyvol\u00e1vaj\u00ed odpor<\/p>\n<p style=\"font-weight: 400;\">Slovensk\u00fd Fico kritizuje pot\u00e9, co Kaja Kallasov\u00e1 prohl\u00e1sila, \u017ee \u010dlenov\u00e9, kte\u0159\u00ed se \u00fa\u010dastn\u00ed oslav por\u00e1\u017eky nacist\u016f, budou m\u00edt \u201en\u00e1sledky\u201c<\/p>\n<p style=\"font-weight: 400;\">Eldar Mamedov<\/p>\n<p>17.dubna 2025<\/p>\n<p style=\"font-weight: 400;\">Posledn\u00ed varov\u00e1n\u00ed\u00a0vysok\u00e9 p\u0159edstavitelky EU pro zahrani\u010dn\u00ed politiku Kaja Kallasov\u00e9 \u2013 z toho plynouc\u00ed d\u016fsledky pro \u010dlensk\u00e9 a kandid\u00e1tsk\u00e9 st\u00e1ty, pokud se jejich l\u00edd\u0159i z\u00fa\u010dastn\u00ed moskevsk\u00e9ho pr\u016fvodu ke Dni v\u00edt\u011bzstv\u00ed 9. kv\u011btna (v\u011bnovan\u00e9ho por\u00e1\u017ece nacistick\u00e9ho N\u011bmecka ve druh\u00e9 sv\u011btov\u00e9 v\u00e1lce) \u2013 je ostrou p\u0159ipom\u00ednkou toho, jak Unie nebezpe\u010dn\u011b p\u0159ekra\u010duje sv\u00e9 hranice.<\/p>\n<p style=\"font-weight: 400;\">I kdy\u017e Kallasov\u00e1 nepohrozila \u017e\u00e1dn\u00fdmi konkr\u00e9tn\u00edmi tresty, pokud bude jej\u00ed varov\u00e1n\u00ed ignorov\u00e1no, \u0159ekla, \u017ee jak\u00e1koliv \u00fa\u010dast na p\u0159ehl\u00eddce v Moskv\u011b by EU \u201enebrala na lehkou v\u00e1hu\u201c, co\u017e nazna\u010duje diplomatick\u00e9 nebo politick\u00e9 d\u016fsledky v\u016f\u010di zem\u00edm, kter\u00e9 nesouhlas\u00ed.<\/p>\n<p style=\"font-weight: 400;\">N\u011bkte\u0159\u00ed v\u016fdci si jej\u00ed slova vylo\u017eili jako diplomatick\u00e9 vyd\u00edr\u00e1n\u00ed a p\u0159edv\u00eddateln\u011b to vyvolalo odpor. Slovensk\u00fd premi\u00e9r Robert Fico Kallase\u00a0pok\u00e1ral\u00a0a potvrdil sv\u00e9 vlastn\u00ed pl\u00e1ny z\u00fa\u010dastnit se moskevsk\u00fdch oslav na po\u010dest por\u00e1\u017eky nacismu. &#8222;P\u00ed\u0161e se rok 2025, ne 1939,&#8220;\u00a0prohl\u00e1sil\u00a0Fico .<\/p>\n<p style=\"font-weight: 400;\"><strong>Ficov postoj odr\u00e1\u017e\u00ed z\u00e1kladn\u00ed princip Evropsk\u00e9 unie: zahrani\u010dn\u00ed politika z\u016fst\u00e1v\u00e1 podle\u00a0Smlouvy o Evropsk\u00e9 unii\u00a0(\u010dl\u00e1nek 24) v\u00fdsadou \u010dlensk\u00fdch st\u00e1t\u016f, nikoli byrokracie v Bruselu. R\u00e1mec zahrani\u010dn\u00ed politiky EU neposkytuje vysok\u00e9 p\u0159edstavitelce mo\u017enost jednostrann\u011b sankcionovat nebo penalizovat \u010dlensk\u00e9 st\u00e1ty za jejich rozhodnut\u00ed v oblasti zahrani\u010dn\u00ed politiky. V tomto kontextu lze Kallasovo prohl\u00e1\u0161en\u00ed vn\u00edmat jako pokus o z\u00e1sah do pr\u00e1va Slovenska ur\u010dovat vlastn\u00ed zahrani\u010dn\u011bpolitick\u00e9 kroky.<\/strong><\/p>\n<p style=\"font-weight: 400;\">Varov\u00e1n\u00ed Bruselu by mohlo b\u00fdt hroziv\u00e9 zejm\u00e9na pro Srbsko, jeho\u017e prezident Aleksandr Vu\u010di\u010d byl rovn\u011b\u017e pozv\u00e1n do Moskvy. Srbsko na rozd\u00edl od Slovenska nen\u00ed \u010dlenem EU, ale je kandid\u00e1tem. Vzhledem k tomu, \u017ee se EU st\u00e1le v\u00edce chov\u00e1\u00a0jako geopolitick\u00fd blok, o\u010dek\u00e1v\u00e1 bezpodm\u00edne\u010dn\u00e9 slad\u011bn\u00ed zahrani\u010dn\u00ed politiky od t\u011bch, kte\u0159\u00ed tou\u017e\u00ed se k n\u00ed p\u0159ipojit.<\/p>\n<p style=\"font-weight: 400;\">Srbsko dlouhodob\u011b vyva\u017euje sv\u00e9 vazby mezi EU a\u00a0Ruskem\u00a0, co\u017e je vzhledem k jeho historii a geografii pragmatick\u00fd postoj. P\u0159esto Kallasova frakce\u00a0tla\u010d\u00ed na\u00a0balk\u00e1nsk\u00fd n\u00e1rod, aby si vybral stranu \u2013 stranu EU \u2013 nebo v podstat\u011b riskoval \u010dlenstv\u00ed. EU m\u016f\u017ee vyu\u017e\u00edt status B\u011blehradu k tomu, aby jej p\u0159im\u011bla k pod\u0159\u00edzen\u00ed se nebo postavila p\u0159ek\u00e1\u017eky na jeho cest\u011b, ne-li cel\u00fd proces zmrazit.<\/p>\n<p style=\"font-weight: 400;\">Existuje pro to precedens: pozastaven\u00ed statusu kandid\u00e1tsk\u00e9 zem\u011b Gruzie, zd\u00e1nliv\u011b z d\u016fvodu demokratick\u00e9ho ustupov\u00e1n\u00ed, o kter\u00e9m se v\u0161ak\u00a0n\u011bkte\u0159\u00ed\u00a0domn\u00edvaj\u00ed, \u017ee je pouze z\u00e1st\u011brkou skute\u010dn\u00e9ho d\u016fvodu \u2013 odvety za to, \u017ee se Tbilisi pln\u011b nep\u0159ipojilo k sankc\u00edm EU proti Rusku (tento argument je do jist\u00e9 m\u00edry d\u016fv\u011bryhodn\u00fd vzhledem k tomu, jak podl\u00e9zav\u011b\u00a0EU zach\u00e1z\u00ed s \u00c1zerb\u00e1jd\u017e\u00e1nem, skute\u010dn\u00fdm dirigentem, Gruzi\u00ed).<\/p>\n<p style=\"font-weight: 400;\"><strong>Toto nen\u00ed integrace; je to n\u00e1tlak. A pokud jde o Srbsko, je to tak\u00e9 nebezpe\u010dn\u00e1 hra. Kriminalizac\u00ed \u00fa\u010dasti na p\u0159ehl\u00eddce p\u0159ipom\u00ednaj\u00edc\u00ed por\u00e1\u017eku nacistick\u00e9ho N\u011bmecka EU riskuje odcizen\u00ed n\u00e1roda, kter\u00fd ve druh\u00e9 sv\u011btov\u00e9 v\u00e1lce v boji proti nacist\u016fm ztratil p\u0159es milion \u017eivot\u016f. Vyhro\u017eovat jim nyn\u00ed symbolick\u00fdm gestem nen\u00ed jen hluch\u00e9 \u2013 v Srbsku to lze vn\u00edmat jako vynucen\u00ed zrady vlastn\u00ed historie jako cenu za vstup do EU.<\/strong><\/p>\n<p style=\"font-weight: 400;\">Kolektivn\u00edmu bruselsk\u00e9mu p\u0159\u00edstupu krom\u011b Kallasova p\u0159esahu prokazateln\u011b chyb\u00ed i pragmatismus a realismus v jedn\u00e1n\u00ed s Ruskem, a zejm\u00e9na p\u0159ibl\u00ed\u017eit konec v\u00e1lky na Ukrajin\u011b. Ano, rusk\u00fd prezident Vladimir Putin vyu\u017eije oslavy v Moskv\u011b, zejm\u00e9na p\u0159\u00edtomnost zahrani\u010dn\u00edch v\u016fdc\u016f, jako masivn\u00ed fotoop. Pokus\u00ed se p\u0159eklenout v\u00edt\u011bzstv\u00ed Sov\u011btsk\u00e9ho svazu ve druh\u00e9 sv\u011btov\u00e9 v\u00e1lce s v\u00e1lkou na Ukrajin\u011b, kterou soustavn\u011b ozna\u010duje za \u201ev\u00e1lku proti nacist\u016fm\u201c.<\/p>\n<p style=\"font-weight: 400;\">Nicm\u00e9n\u011b snaha uvalit bojkot akce na v\u0161echny \u010dleny a kandid\u00e1ty EU by se rovnala pouze form\u011b signalizace ctnosti \u2013 bez zjevn\u00e9ho zisku pro EU. Pokud se Kallasov\u00e1 a jej\u00ed spojenci skute\u010dn\u011b ob\u00e1vaj\u00ed, \u017ee Putinovi p\u0159edaj\u00ed diplomatick\u00e9 v\u00edt\u011bzstv\u00ed, pak u\u017e mu to dod\u00e1v\u00e1 jejich vlastn\u00ed jest\u0159\u00e1b\u00ed neschopnost. P\u0159i\u017eivuj\u00ed\u00a0nejen v Moskv\u011b, ale i v\u00a0Evrop\u011b\u00a0p\u0159\u00edb\u011bh\u00a0o nevolen\u00fdch bruselsk\u00fdch byrokratech, kte\u0159\u00ed diktuj\u00ed zahrani\u010dn\u00ed politiku suver\u00e9nn\u00edm n\u00e1rod\u016fm, p\u0159i\u010dem\u017e poru\u0161uj\u00ed jejich historickou a politickou citlivost.<\/p>\n<p style=\"font-weight: 400;\">Vyhl\u00eddka na cestu Fica a Vu\u010di\u010de do Moskvy je ozv\u011bnou bruselsk\u00e9ho zhroucen\u00ed nad d\u0159\u00edv\u011bj\u0161\u00edmi pokusy o diplomacii ma\u010farsk\u00e9ho premi\u00e9ra Viktora Orb\u00e1na. Kdy\u017e Orb\u00e1n v roce 2024 nav\u0161t\u00edvil Moskvu a setkal se s Putinem, m\u00edsto toho, aby se dozv\u011bd\u011bla o tom, jak\u00fd je kone\u010dn\u00fd v\u00fdsledek Moskvy na Ukrajin\u011b, EU\u00a0se pokusila\u00a0rotuj\u00edc\u00ed ma\u010farsk\u00e9 p\u0159edsednictv\u00ed v Evropsk\u00e9 rad\u011b.<\/p>\n<p style=\"font-weight: 400;\">Nav\u00edc, kdy\u017e americk\u00fd prezident Donald Trump zah\u00e1jil sv\u00e9 vlastn\u00ed rozhovory s Moskvou, EU z\u016fstala\u00a0v h\u00e1ji\u00a0kdy\u017e mohla vyu\u017e\u00edt Orb\u00e1novu diplomacii, kter\u00e1 byla ji\u017e o n\u011bkolik m\u011bs\u00edc\u016f p\u0159ed Trumpov\u00fdm \u00fasil\u00edm.<\/p>\n<p style=\"font-weight: 400;\">A p\u0159esto EU znovu opakuje stejnou chybu \u2013 \u0161ikanuje sv\u00e9 vlastn\u00ed \u010dleny m\u00edsto toho, aby vyu\u017e\u00edvala jejich dosah alespo\u0148 k prozkoum\u00e1n\u00ed zp\u016fsob\u016f, jak by se EU mohla posunout ke konci v\u00e1lky na Ukrajin\u011b, co\u017e jej\u00ed vlastn\u00ed ob\u010dan\u00e9\u00a0st\u00e1le v\u00edce o\u010dek\u00e1vaj\u00ed a po\u017eaduj\u00ed. Jak \u0159ekl\u00a0v\u00fdznamn\u00fd historik studen\u00e9 v\u00e1lky, profesor London School of Economics Vladislav Zubok\u00a0, odm\u00edtnut\u00edm cesty diplomacie se\u00a0Evropa\u00a0\u0159\u00edzen\u00e1 EU st\u00e1v\u00e1 v mezin\u00e1rodn\u00ed politice m\u00e9n\u011b, nikoli v\u00edce relevantn\u00ed.<\/p>\n<p style=\"font-weight: 400;\">Eldar Mamedov<\/p>\n<p style=\"font-weight: 400;\">Eldar Mamedov je expert na zahrani\u010dn\u00ed politiku s\u00eddl\u00edc\u00ed v Bruselu a nerezident v Quincy Institute.<\/p>\n<p style=\"font-weight: 400;\"><em>J.V. Pom\u011brn\u011b \u010dasto sd\u011bluji na str\u00e1nk\u00e1ch Va\u0161\u00ed v\u011bci sv\u00e9 vlastn\u00ed n\u00e1zory. A \u010dl\u00e1nek Eldara Mamedova pln\u011b m\u00e9 postoje potvrzuje. Uve\u0159ej\u0148uji jej v\u00a0podstat\u011b p\u0159edev\u0161\u00edm proto, \u017ee krom\u011b zaryt\u00fdch p\u0159ibaltsk\u00fdch jest\u0159\u00e1b\u016f, kte\u0159\u00ed dnes ovl\u00e1daj\u00ed zahrani\u010dn\u00ed politiku EU a bohu\u017eel nach\u00e1z\u00ed velkou podporu i v\u00a0\u010cesku, jak se ka\u017ed\u00fd z\u00a0na\u0161ich m\u00e9di\u00ed m\u016f\u017ee p\u0159esv\u011bd\u010dit, jsou to dnes pr\u00e1v\u011b \u010dasto Ameri\u010dan\u00e9, kte\u0159\u00ed si um\u011bj\u00ed zachovat zdrav\u00fd rozum.<\/em><\/p>\n<p style=\"font-weight: 400;\"><em>Bohud\u00edky.<\/em><\/p>\n<p><a href=\"https:\/\/vasevec.info\/blogy\/fica-se-zastal-vyznamny-americky-portal-responsible-statecraft\">Ji\u0159\u00ed Vyvadil<\/a><\/p>\n<p><img decoding=\"async\" loading=\"lazy\" class=\"alignnone size-medium wp-image-16474\" src=\"http:\/\/www.infokuryr.cz\/n\/wp-content\/uploads\/2022\/10\/jiri-vyvadil-300x200.jpg\" alt=\"\" width=\"300\" height=\"200\" srcset=\"https:\/\/www.infokuryr.cz\/n\/wp-content\/uploads\/2022\/10\/jiri-vyvadil-300x200.jpg 300w, https:\/\/www.infokuryr.cz\/n\/wp-content\/uploads\/2022\/10\/jiri-vyvadil-768x512.jpg 768w, https:\/\/www.infokuryr.cz\/n\/wp-content\/uploads\/2022\/10\/jiri-vyvadil.jpg 800w\" sizes=\"(max-width: 300px) 100vw, 300px\" \/><\/p>\n<p>&nbsp;<\/p>\n","protected":false},"excerpt":{"rendered":"<p>\u017de Evropsk\u00e1 unie prosazuje totalitn\u00ed metody je mnoh\u00fdm z n\u00e1s zn\u00e1mo. O state\u010dn\u00e9m postoji Roberta&#8230;<\/p>\n","protected":false},"author":2,"featured_media":63921,"comment_status":"closed","ping_status":"closed","sticky":false,"template":"","format":"standard","meta":[],"categories":[6],"tags":[636,1503,122],"_links":{"self":[{"href":"https:\/\/www.infokuryr.cz\/n\/wp-json\/wp\/v2\/posts\/76908"}],"collection":[{"href":"https:\/\/www.infokuryr.cz\/n\/wp-json\/wp\/v2\/posts"}],"about":[{"href":"https:\/\/www.infokuryr.cz\/n\/wp-json\/wp\/v2\/types\/post"}],"author":[{"embeddable":true,"href":"https:\/\/www.infokuryr.cz\/n\/wp-json\/wp\/v2\/users\/2"}],"replies":[{"embeddable":true,"href":"https:\/\/www.infokuryr.cz\/n\/wp-json\/wp\/v2\/comments?post=76908"}],"version-history":[{"count":0,"href":"https:\/\/www.infokuryr.cz\/n\/wp-json\/wp\/v2\/posts\/76908\/revisions"}],"wp:featuredmedia":[{"embeddable":true,"href":"https:\/\/www.infokuryr.cz\/n\/wp-json\/wp\/v2\/media\/63921"}],"wp:attachment":[{"href":"https:\/\/www.infokuryr.cz\/n\/wp-json\/wp\/v2\/media?parent=76908"}],"wp:term":[{"taxonomy":"category","embeddable":true,"href":"https:\/\/www.infokuryr.cz\/n\/wp-json\/wp\/v2\/categories?post=76908"},{"taxonomy":"post_tag","embeddable":true,"href":"https:\/\/www.infokuryr.cz\/n\/wp-json\/wp\/v2\/tags?post=76908"}],"curies":[{"name":"wp","href":"https:\/\/api.w.org\/{rel}","templated":true}]}}