{"id":76897,"date":"2025-04-21T00:22:06","date_gmt":"2025-04-20T22:22:06","guid":{"rendered":"https:\/\/www.infokuryr.cz\/n\/?p=76897"},"modified":"2025-04-20T14:41:44","modified_gmt":"2025-04-20T12:41:44","slug":"izrael-zvazuje-omezeny-uder-na-iran","status":"publish","type":"post","link":"https:\/\/www.infokuryr.cz\/n\/2025\/04\/21\/izrael-zvazuje-omezeny-uder-na-iran\/","title":{"rendered":"Izrael zva\u017euje \u201eomezen\u00fd \u00fader\u201c na \u00cdr\u00e1n"},"content":{"rendered":"<div id=\"fb-root\"><\/div>\n<h3>Z\u00e1padn\u00ed Jeruzal\u00e9m \u00fadajn\u011b pokra\u010duje v p\u0159\u00edprav\u011b \u00fato\u010dn\u00fdch pl\u00e1n\u016f navzdory tomu, \u017ee se americk\u00fd prezident Donald Trump spol\u00e9h\u00e1 na diplomacii<\/h3>\n<p><span>Izrael zva\u017euje v nadch\u00e1zej\u00edc\u00edch m\u011bs\u00edc\u00edch\u00a0<\/span><em><span>\u201eomezen\u00fd \u00fader\u201c<\/span><\/em><span>\u00a0na \u00edr\u00e1nsk\u00e1 jadern\u00e1 za\u0159\u00edzen\u00ed, navzdory odm\u00edtnut\u00ed Washingtonu podpo\u0159it vojenskou akci, uvedla v sobotu agentura Reuters s odvol\u00e1n\u00edm na zdroje obezn\u00e1men\u00e9 s touto z\u00e1le\u017eitost\u00ed. Jedn\u00e1n\u00ed p\u0159ich\u00e1z\u00ed v dob\u011b, kdy v \u0158\u00edm\u011b skon\u010dilo druh\u00e9 kolo americko-\u00edr\u00e1nsk\u00fdch jedn\u00e1n\u00ed, p\u0159i\u010dem\u017e jedn\u00e1n\u00ed na expertn\u00ed \u00farovni by m\u011bla pokra\u010dovat 26. dubna v Om\u00e1nu.<\/span><\/p>\n<p><span>Podle agentury Reuters izrael\u0161t\u00ed p\u0159edstavitel\u00e9 zva\u017euj\u00ed\u00a0<\/span><em><span>\u201eomezen\u00fd \u00fader\u201c<\/span><\/em><span>\u00a0, kter\u00fd by vy\u017eadoval minim\u00e1ln\u00ed podporu USA \u2013 na rozd\u00edl od d\u0159\u00edve zva\u017eovan\u00e9 v\u011bt\u0161\u00ed a del\u0161\u00ed bombardovac\u00ed kampan\u011b.<\/span><\/p>\n<p><span>Z\u00e1padn\u00ed Jeruzal\u00e9m \u00fadajn\u011b p\u0159edlo\u017eil Washingtonu n\u011bkolik mo\u017enost\u00ed \u00faderu,\u00a0<\/span><em><span>\u201ev\u010detn\u011b n\u011bkter\u00fdch s koncem jara a l\u00e9ta\u201c.<\/span><\/em><span>\u00a0Vysok\u00fd izraelsk\u00fd p\u0159edstavitel \u0159ekl den\u00edku, \u017ee \u017e\u00e1dn\u00e9 kone\u010dn\u00e9 rozhodnut\u00ed nepadlo.<\/span><\/p>\n<p><span>Ve st\u0159edu The New York Times uvedl, \u017ee americk\u00fd prezident Donald Trump odm\u00edtl izraelsk\u00fd n\u00e1vrh na\u00a0<\/span><em><span>\u201erozs\u00e1hl\u00e9\u201c<\/span><\/em><span>\u00a0\u00fadery a m\u00edsto toho se rozhodl pro diplomacii.<\/span><\/p>\n<p><em><span>&#8222;Nesp\u011bch\u00e1m s t\u00edm, proto\u017ee si mysl\u00edm, \u017ee \u00cdr\u00e1n m\u00e1 \u0161anci m\u00edt skv\u011blou zemi a \u017e\u00edt \u0161\u0165astn\u011b bez smrti, a to bych r\u00e1d vid\u011bl. To je moje prvn\u00ed mo\u017enost,&#8220;<\/span><\/em><span>\u00a0\u0159ekl Trump ve \u010dtvrtek novin\u00e1\u0159\u016fm.<\/span><\/p>\n<p><span>Vysok\u00fd \u00edr\u00e1nsk\u00fd bezpe\u010dnostn\u00ed \u010dinitel \u0159ekl agentu\u0159e Reuters, \u017ee Teher\u00e1n m\u00e1\u00a0<\/span><em><span>\u201einformace ze spolehliv\u00fdch zdroj\u016f, \u017ee Izrael pl\u00e1nuje velk\u00fd \u00fatok na \u00edr\u00e1nsk\u00e1 jadern\u00e1 za\u0159\u00edzen\u00ed\u201c.<\/span><\/em><\/p>\n<p><span>\u00cdr\u00e1n\u0161t\u00ed p\u0159edstavitel\u00e9 ji\u017e d\u0159\u00edve sl\u00edbili, \u017ee podniknou odvetu proti jak\u00e9koli form\u011b agrese.<\/span><\/p>\n<p><span>\u00cdr\u00e1nsk\u00fd ministr zahrani\u010d\u00ed Abbas Araghchi v sobotu \u0159ekl, \u017ee rozhovory v \u0158\u00edm\u011b\u00a0<\/span><em><span>\u201ese konaly v konstruktivn\u00edm prost\u0159ed\u00ed\u201c.<\/span><\/em><span>\u00a0Americk\u00fd p\u0159edstavitel \u0159ekl CBS News, \u017ee strany\u00a0\u00a0<\/span><em><span>\u201eud\u011blaly velmi dobr\u00fd pokrok\u201c.<\/span><\/em><\/p>\n<p><span>Trump b\u011bhem sv\u00e9ho prvn\u00edho funk\u010dn\u00edho obdob\u00ed opustil jadernou dohodu z roku 2015 podporovanou OSN a obvinil \u00cdr\u00e1n z tajn\u00e9ho poru\u0161ov\u00e1n\u00ed dohody. Znovu uvalil sankce na Teher\u00e1n a v \u00fanoru form\u00e1ln\u011b obnovil svou\u00a0kampa\u0148\u00a0<\/span><em><span>\u201emaxim\u00e1ln\u00edho tlaku\u201c<\/span><\/em><span>\u00a0. \u00cdr\u00e1n jak\u00e9koli pochyben\u00ed pop\u0159el, ale od t\u00e9 doby odvolal sv\u00e9 z\u00e1vazky vypl\u00fdvaj\u00edc\u00ed z dohody a zv\u00fd\u0161il obohacov\u00e1n\u00ed uranu.<\/span><\/p>\n<p><img decoding=\"async\" loading=\"lazy\" class=\"alignnone size-full wp-image-71983\" src=\"http:\/\/www.infokuryr.cz\/n\/wp-content\/uploads\/2025\/02\/aaa.jpg\" alt=\"\" width=\"89\" height=\"23\" \/><\/p>\n<p>&nbsp;<\/p>\n","protected":false},"excerpt":{"rendered":"<p>Z\u00e1padn\u00ed Jeruzal\u00e9m \u00fadajn\u011b pokra\u010duje v p\u0159\u00edprav\u011b \u00fato\u010dn\u00fdch pl\u00e1n\u016f navzdory tomu, \u017ee se americk\u00fd prezident Donald&#8230;<\/p>\n","protected":false},"author":2,"featured_media":76898,"comment_status":"closed","ping_status":"closed","sticky":false,"template":"","format":"standard","meta":[],"categories":[7],"tags":[38,107,1505,723],"_links":{"self":[{"href":"https:\/\/www.infokuryr.cz\/n\/wp-json\/wp\/v2\/posts\/76897"}],"collection":[{"href":"https:\/\/www.infokuryr.cz\/n\/wp-json\/wp\/v2\/posts"}],"about":[{"href":"https:\/\/www.infokuryr.cz\/n\/wp-json\/wp\/v2\/types\/post"}],"author":[{"embeddable":true,"href":"https:\/\/www.infokuryr.cz\/n\/wp-json\/wp\/v2\/users\/2"}],"replies":[{"embeddable":true,"href":"https:\/\/www.infokuryr.cz\/n\/wp-json\/wp\/v2\/comments?post=76897"}],"version-history":[{"count":0,"href":"https:\/\/www.infokuryr.cz\/n\/wp-json\/wp\/v2\/posts\/76897\/revisions"}],"wp:featuredmedia":[{"embeddable":true,"href":"https:\/\/www.infokuryr.cz\/n\/wp-json\/wp\/v2\/media\/76898"}],"wp:attachment":[{"href":"https:\/\/www.infokuryr.cz\/n\/wp-json\/wp\/v2\/media?parent=76897"}],"wp:term":[{"taxonomy":"category","embeddable":true,"href":"https:\/\/www.infokuryr.cz\/n\/wp-json\/wp\/v2\/categories?post=76897"},{"taxonomy":"post_tag","embeddable":true,"href":"https:\/\/www.infokuryr.cz\/n\/wp-json\/wp\/v2\/tags?post=76897"}],"curies":[{"name":"wp","href":"https:\/\/api.w.org\/{rel}","templated":true}]}}