{"id":7685,"date":"2022-01-21T04:24:09","date_gmt":"2022-01-21T03:24:09","guid":{"rendered":"http:\/\/www.infokuryr.cz\/n\/?p=7685"},"modified":"2022-01-21T04:24:09","modified_gmt":"2022-01-21T03:24:09","slug":"masivni-vladni-podvody-s-pocty-neockovanych-po-celem-nemecku-lze-se-v-cr-stejne","status":"publish","type":"post","link":"https:\/\/www.infokuryr.cz\/n\/2022\/01\/21\/masivni-vladni-podvody-s-pocty-neockovanych-po-celem-nemecku-lze-se-v-cr-stejne\/","title":{"rendered":"Masivn\u00ed vl\u00e1dn\u00ed podvody s po\u010dty neo\u010dkovan\u00fdch po cel\u00e9m N\u011bmecku. L\u017ee se v \u010cR stejn\u011b?"},"content":{"rendered":"<div id=\"fb-root\"><\/div>\n<p>Zemsk\u00e9 n\u011bmeck\u00e9 vl\u00e1dy (v N\u011bmecku ur\u010duj\u00ed korona opat\u0159en\u00ed zemsk\u00e9 vl\u00e1dy)\u00a0<strong>se p\u0159edh\u00e1n\u011bly v prohl\u00e1\u0161en\u00edch, jak se jedn\u00e1 o pandemii neo\u010dkovan\u00fdch, aby mohly p\u0159ijmout na\u0159\u00edzen\u00ed totalitn\u00edch omezen\u00ed zcela zdrav\u00fdch, ale experiment\u00e1ln\u00ed o\u010dkov\u00e1n\u00ed odm\u00edtaj\u00edc\u00edch lid\u00ed. V Bavorsku, Hamburku, Pomo\u0159ansku a jinde pr\u00fd bylo 90%<a href=\"https:\/\/jungefreiheit.de\/politik\/deutschland\/2022\/falsche-corona-zahlen-afd-fordert-aufklaerung\/\">\u00a0v\u0161ech nemocn\u00fdch neo\u010dkov\u00e1no<\/a>. Jen\u017ee postupn\u011b se uk\u00e1zalo, \u017ee se jedn\u00e1 o \u00fa\u010delovou le\u017e.<\/strong><\/p>\n<p><strong>V\u0161echny p\u0159\u00edpady pacient\u016f s koronavirem, u kter\u00fdch nebyl zn\u00e1m o\u010dkovac\u00ed status, byly vyk\u00e1z\u00e1ny jako neo\u010dkovan\u00e9! Pokud nap\u0159\u00edklad p\u0159ivezli na JIP pacienta od autonehody, kter\u00fd m\u011bl sice pozitivn\u00ed korona test, ale nem\u011bl s sebou o\u010dkovac\u00ed pr\u016fkaz, nebo nebyl v komunikativn\u00edm stavu, tak byl prohl\u00e1\u0161en za neo\u010dkovan\u00e9ho.<\/strong><\/p>\n<p>Kdy\u017e se tenhle podvod provalil (dokonce d\u00edky \u0161ourav\u00e9mu novin\u00e1\u0159i z ofici\u00e1ln\u00edch medi\u00ed),<strong>\u00a0tak za\u010daly \u00fa\u0159ady d\u011blat mrtv\u00e9ho brouka a na z\u00e1klad\u011b lhan\u00ed p\u0159ijat\u00fdch totalitn\u00edch opat\u0159en\u00ed terorizovaly a terorizuj\u00ed n\u011bmeck\u00e9ho goje d\u00e1l.<\/strong>\u00a0P\u0159itom naopak v nemocnic\u00edch p\u0159eva\u017euj\u00ed nyn\u00ed sp\u00ed\u0161 o\u010dkovan\u00ed. V\u00a0<strong>N\u011bmecku nav\u00edc loni v\u00fdrazn\u011b vzrostla \u00famrtnost a \u201eofici\u00e1ln\u011b se nev\u00ed, pro\u010d\u201c. Ono se to v\u00ed: zanedban\u00e1 p\u00e9\u010de, n\u00e1sledky o\u010dkov\u00e1n\u00ed, atd.<\/strong><\/p>\n<p>Je to v kolonii EU\/Z\u00e1padu zvan\u00e9 form\u00e1ln\u011b posm\u011b\u0161n\u011b \u201e\u010cesko\u201c jinak?<strong>\u00a0I zde sly\u0161\u00edme, jak pr\u00fd je \u201eepidemii neo\u010dkovan\u00fdch\u201c, jak vakc\u00edny chr\u00e1n\u00ed p\u0159ed smrt\u00ed atd. Sou\u010dasn\u011b s t\u00edm i slep\u00fd mus\u00ed vid\u011bt, \u017ee to nen\u00ed pravda!\u00a0<\/strong>V\u0161ude se l\u017ee a n\u00e1sledn\u011b terorizuje obyvatelstvo podle stejn\u00e9ho mustru, to ur\u010dit\u011b bude \u201en\u00e1hoda\u201c. Jedn\u00e1 se o c\u00edlenou likvidaci b\u00edl\u00e9ho \u010dlov\u011bka a jeho kultury. Je\u0161t\u011b je ale \u010das se jim postavit. Sta\u010d\u00ed se jen postavit m\u00edstn\u00edm poskok\u016fm a 5. kolon\u011b: bez nich se to cel\u00e9 sesype jako d\u016fm z p\u00edsku.<\/p>\n<p><a href=\"https:\/\/ceskavec.com\/2022\/01\/masivni-vladni-podvody-s-pocty-neockovanych-po-celem-nemecku-lze-se-v-cr-stejne\">\u010cesk\u00e1 v\u011bc<\/a><\/p>\n<p>&nbsp;<\/p>\n","protected":false},"excerpt":{"rendered":"<p>Zemsk\u00e9 n\u011bmeck\u00e9 vl\u00e1dy (v N\u011bmecku ur\u010duj\u00ed korona opat\u0159en\u00ed zemsk\u00e9 vl\u00e1dy)\u00a0se p\u0159edh\u00e1n\u011bly v prohl\u00e1\u0161en\u00edch, jak se&#8230;<\/p>\n","protected":false},"author":2,"featured_media":3713,"comment_status":"closed","ping_status":"closed","sticky":false,"template":"","format":"standard","meta":[],"categories":[7],"tags":[84,213,497],"_links":{"self":[{"href":"https:\/\/www.infokuryr.cz\/n\/wp-json\/wp\/v2\/posts\/7685"}],"collection":[{"href":"https:\/\/www.infokuryr.cz\/n\/wp-json\/wp\/v2\/posts"}],"about":[{"href":"https:\/\/www.infokuryr.cz\/n\/wp-json\/wp\/v2\/types\/post"}],"author":[{"embeddable":true,"href":"https:\/\/www.infokuryr.cz\/n\/wp-json\/wp\/v2\/users\/2"}],"replies":[{"embeddable":true,"href":"https:\/\/www.infokuryr.cz\/n\/wp-json\/wp\/v2\/comments?post=7685"}],"version-history":[{"count":0,"href":"https:\/\/www.infokuryr.cz\/n\/wp-json\/wp\/v2\/posts\/7685\/revisions"}],"wp:featuredmedia":[{"embeddable":true,"href":"https:\/\/www.infokuryr.cz\/n\/wp-json\/wp\/v2\/media\/3713"}],"wp:attachment":[{"href":"https:\/\/www.infokuryr.cz\/n\/wp-json\/wp\/v2\/media?parent=7685"}],"wp:term":[{"taxonomy":"category","embeddable":true,"href":"https:\/\/www.infokuryr.cz\/n\/wp-json\/wp\/v2\/categories?post=7685"},{"taxonomy":"post_tag","embeddable":true,"href":"https:\/\/www.infokuryr.cz\/n\/wp-json\/wp\/v2\/tags?post=7685"}],"curies":[{"name":"wp","href":"https:\/\/api.w.org\/{rel}","templated":true}]}}