{"id":7684,"date":"2022-01-21T04:22:38","date_gmt":"2022-01-21T03:22:38","guid":{"rendered":"http:\/\/www.infokuryr.cz\/n\/?p=7684"},"modified":"2022-01-21T07:09:13","modified_gmt":"2022-01-21T06:09:13","slug":"britsky-statisticky-urad-priznal-ze-od-pocatku-pandemie-do-konce-roku-2021-zemrelo-prokazatelne-a-pouze-na-covid-19-jen-6-000-lidi","status":"publish","type":"post","link":"https:\/\/www.infokuryr.cz\/n\/2022\/01\/21\/britsky-statisticky-urad-priznal-ze-od-pocatku-pandemie-do-konce-roku-2021-zemrelo-prokazatelne-a-pouze-na-covid-19-jen-6-000-lidi\/","title":{"rendered":"Britsk\u00fd statistick\u00fd \u00fa\u0159ad p\u0159iznal, \u017ee od po\u010d\u00e1tku pandemie do konce roku 2021 zem\u0159elo prokazateln\u011b a pouze na Covid-19 jen 6 000 lid\u00ed!"},"content":{"rendered":"<div id=\"fb-root\"><\/div>\n<h4>Britsk\u00fd statistick\u00fd \u00fa\u0159ad p\u0159iznal, \u017ee od po\u010d\u00e1tku pandemie do konce roku 2021 zem\u0159elo prokazateln\u011b a pouze na Covid-19 jen 6 000 lid\u00ed! Tvrzen\u00ed britsk\u00e9 vl\u00e1dy o 150 000 ob\u011btech je zkresluj\u00edc\u00ed dezinformace s c\u00edlem ospravedlnit brut\u00e1ln\u00ed opat\u0159en\u00ed a nekone\u010dn\u00e1 o\u010dkov\u00e1n\u00ed! Vl\u00e1da Borise Johnsona m\u011bn\u00ed strategii stejn\u011b jako vl\u00e1da Petra Fialy! Uvoln\u011bn\u00ed opat\u0159en\u00ed, ustoupen\u00ed vl\u00e1d do pozad\u00ed a p\u0159enesen\u00ed Total Control v\u00fdkonu na soukrom\u00e9 subjekty a na arm\u00e1du Covidi\u00e1n\u016f v cel\u00e9 spole\u010dnosti! Kon\u010d\u00ed krizov\u00e9 \u0159\u00edzen\u00ed a nast\u00e1v\u00e1 covidi\u00e1nsk\u00e1 normalizace jako z Farmy zv\u00ed\u0159at! Co odhalila kauza Djokovi\u010d?<\/h4>\n<p>V posledn\u00edch hodin\u00e1ch za\u010d\u00ednaj\u00ed z Velk\u00e9 Brit\u00e1nie p\u0159ich\u00e1zet neuv\u011b\u0159iteln\u00e9 zpr\u00e1vy, jedna bizarn\u011bj\u0161\u00ed ne\u017e druh\u00e1.\u00a0V reakci na \u017e\u00e1dost\u00a0<strong>[<a href=\"https:\/\/href.li\/?https:\/\/dailyexpose.uk\/2022\/01\/20\/ons-admits-just-6k-covid-deaths-since-feb-20\/\" target=\"_blank\" rel=\"nofollow noopener\">1<\/a>]<\/strong>\u00a0britsk\u00fdch novin\u00e1\u0159\u016f o svobodn\u00fd p\u0159\u00edstup k informac\u00edm\u00a0<strong>\u00da\u0159ad pro n\u00e1rodn\u00ed statistiku p\u0159iznal, \u017ee v obdob\u00ed od 1. \u00fanora 2020 do 31. prosince 2021 zem\u0159elo v Anglii a Walesu na Covid-19 pouze 6 183 lid\u00ed<\/strong>, co\u017e odhaluje, \u017ee po\u010det \u00famrt\u00ed 150 000, kter\u00fd neust\u00e1le opakuje vl\u00e1da, v\u011bde\u010dt\u00ed poradci a mainstreamov\u00e1 m\u00e9dia, je mimo\u0159\u00e1dn\u00e1 le\u017e. V podan\u00e9 \u017e\u00e1dosti\u00a0<strong>[<a href=\"https:\/\/href.li\/?https:\/\/www.ons.gov.uk\/aboutus\/transparencyandgovernance\/freedomofinformationfoi\/covid19deathsandautopsiesfeb2020todec2021\" target=\"_blank\" rel=\"nofollow noopener\">2<\/a>]<\/strong>\u00a0o svobodn\u00fd p\u0159\u00edstup k informac\u00edm (FOI) byl \u00da\u0159ad pro n\u00e1rodn\u00ed statistiku (ONS) po\u017e\u00e1d\u00e1n o poskytnut\u00ed po\u010dtu \u00famrt\u00ed zp\u016fsoben\u00fdch v\u00fdhradn\u011b Covidem-19, u nich\u017e byl Covid-19 jedinou p\u0159\u00ed\u010dinou smrti uvedenou v \u00famrtn\u00edm listu. Z odpov\u011bdi ONS vyplynulo, \u017ee v obdob\u00ed od 1. \u00fanora 2020 do 31. prosince 2021 zem\u0159elo pouze 3 362 mu\u017e\u016f a ve stejn\u00e9m obdob\u00ed 2 821 \u017een. P\u0159ev\u00e1\u017en\u00e1 v\u011bt\u0161ina z nich byla mezi star\u0161\u00edmi lidmi.<\/p>\n<figure id=\"attachment_50086\" class=\"wp-caption aligncenter\"><a href=\"https:\/\/aeronet.cz\/news\/wp-content\/uploads\/UK_RealStats.jpg\"><img decoding=\"async\" loading=\"lazy\" class=\"wp-image-50086 size-large\" src=\"https:\/\/aeronet.cz\/news\/wp-content\/uploads\/UK_RealStats-1024x768.jpg\" sizes=\"(max-width: 700px) 100vw, 700px\" srcset=\"https:\/\/aeronet.cz\/news\/wp-content\/uploads\/UK_RealStats-1024x768.jpg 1024w, https:\/\/aeronet.cz\/news\/wp-content\/uploads\/UK_RealStats-300x225.jpg 300w, https:\/\/aeronet.cz\/news\/wp-content\/uploads\/UK_RealStats-768x576.jpg 768w, https:\/\/aeronet.cz\/news\/wp-content\/uploads\/UK_RealStats-700x525.jpg 700w, https:\/\/aeronet.cz\/news\/wp-content\/uploads\/UK_RealStats-476x357.jpg 476w, https:\/\/aeronet.cz\/news\/wp-content\/uploads\/UK_RealStats-644x483.jpg 644w, https:\/\/aeronet.cz\/news\/wp-content\/uploads\/UK_RealStats.jpg 1280w\" alt=\"\" width=\"700\" height=\"525\" \/><\/a><figcaption class=\"wp-caption-text\">Vlevo po\u010det ob\u011bt\u00ed v\u00fdhradn\u011b covidu podle britsk\u00e9 statistick\u00e9 slu\u017eby, vpravo \u010d\u00edslo deklarovan\u00e9 britskou vl\u00e1dou o ob\u011btech covidu<\/figcaption><\/figure>\n<p>To je na hony vzd\u00e1len\u00e9 tvrzen\u00ed vl\u00e1dy Spojen\u00e9ho kr\u00e1lovstv\u00ed a jeho instituc\u00ed o v\u00edce ne\u017e 150 000 \u00famrt\u00edch v d\u016fsledku Covidu-19.\u00a0ONS tak\u00e9 odhalil, \u017ee\u00a0<strong>v obdob\u00ed od 1. \u00fanora 2020 do 31. prosince 2021 zem\u0159eli na Covid-19 pouze 3 lid\u00e9 mlad\u0161\u00ed 20 let<\/strong>, co\u017e je\u0161t\u011b v\u00edce zostudilo rozhodnut\u00ed britsk\u00e9 vl\u00e1dy zru\u0161it rozhodnut\u00ed Spole\u010dn\u00e9ho v\u00fdboru pro o\u010dkov\u00e1n\u00ed a imunizaci a pod\u00e1vat d\u011btem experiment\u00e1ln\u00ed injekci Covid-19, kter\u00e1 nen\u00ed schopna zabr\u00e1nit infekci ani p\u0159enosu.<\/p>\n<p><strong>Podle p\u0159ehledu koronavir\u016f na str\u00e1nk\u00e1ch britsk\u00e9 vl\u00e1dy k 31. prosinci 2021 vl\u00e1da Spojen\u00e9ho kr\u00e1lovstv\u00ed uvedla, \u017ee od za\u010d\u00e1tku pandemie Covid-19 na za\u010d\u00e1tku roku 2020 zem\u0159elo na Covid-19 celkem 149 217 lid\u00ed.<\/strong>\u00a0D\u016fvodem obrovsk\u00e9ho rozporu \u010d\u00edsel je zjevn\u011b metodika p\u0159isuzov\u00e1n\u00ed p\u0159\u00ed\u010diny \u00famrt\u00ed, a to podle toho, jestli \u010dlov\u011bk zem\u0159el jenom na covid, anebo zem\u0159el s detekovan\u00fdm covidem, ale ve skute\u010dnosti na \u00fapln\u011b jinou soub\u011b\u017enou nemoc. Ov\u0161em takto obrovsk\u00fd rozd\u00edl v \u010d\u00edslech potvrzuje, \u017ee pandemie byla z\u00e1le\u017eitost\u00ed sp\u00ed\u0161e artist\u016f \u010d\u00edsly a statistikami, ne\u017e ot\u00e1zkou poctiv\u00e9ho po\u010d\u00edt\u00e1n\u00ed jednotliv\u00fdch p\u0159\u00edpad\u016f.<\/p>\n<h6><span style=\"font-size: 14pt;\">Nejvy\u0161\u0161\u00ed soud USA zru\u0161il povinnou vakcinaci a okam\u017eit\u011b se proces p\u0159ekop\u00edroval do Prahy a do Lond\u00fdna<\/span><\/h6>\n<p>Velk\u00e9 p\u0159ekvapen\u00ed ale p\u0159i\u0161lo ve st\u0159edu nejen od vl\u00e1dy Petra Fialy v \u010cR, \u017ee nebude prosazovat povinn\u00e9 o\u010dkov\u00e1n\u00ed u policist\u016f, arm\u00e1dy a dal\u0161\u00edch vybran\u00fdch skupin profes\u00ed\u00a0<strong>[<a href=\"https:\/\/href.li\/?https:\/\/www.novinky.cz\/domaci\/clanek\/ockovani-nebude-povinne-pro-nikoho-rozhodla-vlada-40384485\" target=\"_blank\" rel=\"nofollow noopener\">3<\/a>]<\/strong>. Podle informac\u00ed na\u0161\u00ed redakce rozhodnut\u00ed p\u0159i\u0161lo v souvislosti s varov\u00e1n\u00edm \u010desk\u00fdch tajn\u00fdch slu\u017eeb, \u017ee by\u00a0<strong>povinn\u00e9 vakcinace n\u011bkter\u00fdch skupin profes\u00ed ohrozily bezpe\u010dnost \u010cesk\u00e9 republiky v souvislosti se sou\u010dasnou eskalac\u00ed bezpe\u010dnostn\u00ed situace na Ukrajin\u011b.<\/strong>\u00a0Znep\u0159\u00e1telit si p\u0159\u00edslu\u0161n\u00edky policie \u010cR a voj\u00e1ky by vysoce ohrozilo bezpe\u010dnost republiky, uvedl na\u0161\u00ed redakci d\u016fv\u011brn\u00fd zdroj. A je to venku. Skute\u010dn\u00fdm d\u016fvodem ke zru\u0161en\u00ed povinn\u00e9ho vaxu v \u010cR tak nen\u00ed snaha o neprohlubov\u00e1n\u00ed p\u0159\u00edkop\u016f ve spole\u010dnosti, ale prozaick\u00e1 snaha o zachov\u00e1n\u00ed loajality ozbrojen\u00fdch slo\u017eek ve vztahu k nov\u00e9 vl\u00e1d\u011b. A ze stejn\u00e9ho d\u016fvodu se d\u00e1 o\u010dek\u00e1vat, \u017ee povinn\u00e1 o\u010dkov\u00e1n\u00ed budou posl\u00e9ze odp\u00edsk\u00e1na i v dal\u0161\u00edch st\u00e1tech.<\/p>\n<figure id=\"attachment_50088\" class=\"wp-caption aligncenter\" style=\"width: 599px;\"><a href=\"https:\/\/aeronet.cz\/news\/wp-content\/uploads\/SupremeCourtNoMandate.jpg\"><img decoding=\"async\" loading=\"lazy\" class=\"wp-image-50088 \" src=\"https:\/\/aeronet.cz\/news\/wp-content\/uploads\/SupremeCourtNoMandate-1024x682.jpg\" sizes=\"(max-width: 700px) 100vw, 700px\" srcset=\"https:\/\/aeronet.cz\/news\/wp-content\/uploads\/SupremeCourtNoMandate-1024x682.jpg 1024w, https:\/\/aeronet.cz\/news\/wp-content\/uploads\/SupremeCourtNoMandate-300x200.jpg 300w, https:\/\/aeronet.cz\/news\/wp-content\/uploads\/SupremeCourtNoMandate-768x512.jpg 768w, https:\/\/aeronet.cz\/news\/wp-content\/uploads\/SupremeCourtNoMandate-700x466.jpg 700w, https:\/\/aeronet.cz\/news\/wp-content\/uploads\/SupremeCourtNoMandate-536x357.jpg 536w, https:\/\/aeronet.cz\/news\/wp-content\/uploads\/SupremeCourtNoMandate-725x483.jpg 725w, https:\/\/aeronet.cz\/news\/wp-content\/uploads\/SupremeCourtNoMandate.jpg 1280w\" alt=\"\" width=\"599\" height=\"399\" \/><\/a><figcaption class=\"wp-caption-text\">Protest proti povinn\u00e9 vakcinaci p\u0159ed americk\u00fdm Nejvy\u0161\u0161\u00edm soudem<\/figcaption><\/figure>\n<p>Povinn\u00fd vax toti\u017e by paradoxn\u011b vnesl rozkol do \u0159ad bezpe\u010dnostn\u00edch slo\u017eek, co\u017e si \u017e\u00e1dn\u00fd re\u017eim nem\u016f\u017ee dovolit. Situace na Ukrajin\u011b je toti\u017e vedena do takov\u00e9ho extr\u00e9mu, \u017ee to posledn\u00ed co te\u010f Z\u00e1pad pot\u0159ebuje, je vnit\u0159n\u00ed rozkol kv\u016fli vakcina\u010dn\u00edmu mand\u00e1tu. A znovu si mus\u00edme \u0159\u00edct, co se vlastn\u011b stalo?\u00a0<strong>Cel\u00e9 to za\u010dalo u\u017e minul\u00fd t\u00fdden za mo\u0159em. Americk\u00fd Nejvy\u0161\u0161\u00ed soud toti\u017e zru\u0161il [<a href=\"https:\/\/href.li\/?https:\/\/www.bbc.com\/news\/world-us-canada-59989476\" target=\"_blank\" rel=\"nofollow noopener\">4<\/a>] B\u00edl\u00e9mu domu tzv. vakcina\u010dn\u00ed mand\u00e1t, tedy povinn\u00e9 vakcinace v americk\u00fdch firm\u00e1ch, kter\u00e9 zam\u011bstn\u00e1vaj\u00ed v\u00edce jak 100 zam\u011bstnanc\u016f.<\/strong><\/p>\n<p>Nejvy\u0161\u0161\u00ed soud USA rozhodl v pom\u011bru 6:3 pro zru\u0161en\u00ed mand\u00e1tu a v B\u00edl\u00e9m dom\u011b spadly hodiny ze zdi. A ty hodiny za\u010daly odtik\u00e1vat sign\u00e1l, kter\u00fd za\u010dal b\u00fdt vys\u00edl\u00e1n americk\u00fdm satelit\u016fm v Evrop\u011b. Nejprve zareagoval nejv\u011brn\u011bj\u0161\u00ed spojenec USA, pra\u017esk\u00e1 vl\u00e1da Petra Fialy. Po dramatick\u00e9m jedn\u00e1n\u00ed bylo rozhodnuto, \u017ee vl\u00e1da nebude tla\u010dit povinn\u00fd vax pro profesn\u00ed skupiny policist\u016f, voj\u00e1k\u016f, l\u00e9ka\u0159\u016f a zam\u011bstnanc\u016f soci\u00e1ln\u00edch slu\u017eeb, proto\u017ee by to mohlo ohrozit bezpe\u010dnost st\u00e1tu.<\/p>\n<h6><span style=\"font-size: 14pt;\">Povinn\u00e9 o\u010dkov\u00e1n\u00ed v \u010cR by ohrozilo bezpe\u010dnosti republiky, loajalita policist\u016f, voj\u00e1k\u016f a zpravodajc\u016f by byla kompromitov\u00e1na<\/span><\/h6>\n<p>B\u00fdval\u00fd policejn\u00ed prezident\u00a0<strong>Jan \u0160vejdar p\u0159ed koncem roku \u0161okoval, kdy\u017e sd\u011blil [<a href=\"https:\/\/aeronet.cz\/news\/povel-prisel-z-vidne-vlada-andreje-babise-pouhe-4-dny-po-rakousku-oznamila-plan-na-plosne-povinne-ockovani-obyvatel-v-cr-v-nekolika-etapach-podle-informaci-nasi-redakce-pujde-nejprve-o-duchodce\/\">5<\/a>], \u017ee v \u0159ad\u00e1ch policie a vy\u0161et\u0159ovac\u00edch slo\u017eek odm\u00edt\u00e1 vakc\u00ednu v\u00edce jak 10 000 policist\u016f a vy\u0161et\u0159ovatel\u016f.<\/strong>\u00a0\u010c\u00edslo \u0161okovalo nejen m\u00e9dia, ale i \u010deskou BIS. Ta podle na\u0161eho zdroje vyj\u00e1d\u0159ila znepokojen\u00ed a obavy z ohro\u017een\u00ed bezpe\u010dnosti st\u00e1tu v p\u0159\u00edpad\u011b, \u017ee povinn\u00e1 vakcinace bude uplatn\u011bna na bezpe\u010dnostn\u00ed slo\u017eky. N\u00e1\u0161 zdroj n\u00e1s do redakce upozornil, \u017ee neochota k vakc\u00edn\u011b se t\u00fdk\u00e1 nejen \u0159adov\u00fdch policist\u016f a vy\u0161et\u0159ovatel\u016f, ale dokonce i n\u011bkter\u00fdch zam\u011bstnanc\u016f \u010desk\u00fdch tajn\u00fdch slu\u017eeb. A mnoh\u00e9 z nich nelze nahradit, tedy ne nijak snadno. Povinn\u00e1 vakc\u00edna by tak ohrozila i \u010dinnost tajn\u00fdch slu\u017eeb, nejen policie, a nejen arm\u00e1dy.<\/p>\n<figure id=\"attachment_46567\" class=\"wp-caption aligncenter\" style=\"width: 601px;\"><a href=\"https:\/\/aeronet.cz\/news\/wp-content\/uploads\/JanSvejdar.jpg\"><img decoding=\"async\" loading=\"lazy\" class=\"wp-image-46567 \" src=\"https:\/\/aeronet.cz\/news\/wp-content\/uploads\/JanSvejdar-1024x576.jpg\" sizes=\"(max-width: 700px) 100vw, 700px\" srcset=\"https:\/\/aeronet.cz\/news\/wp-content\/uploads\/JanSvejdar-1024x576.jpg 1024w, https:\/\/aeronet.cz\/news\/wp-content\/uploads\/JanSvejdar-300x169.jpg 300w, https:\/\/aeronet.cz\/news\/wp-content\/uploads\/JanSvejdar-768x432.jpg 768w, https:\/\/aeronet.cz\/news\/wp-content\/uploads\/JanSvejdar-700x394.jpg 700w, https:\/\/aeronet.cz\/news\/wp-content\/uploads\/JanSvejdar-634x357.jpg 634w, https:\/\/aeronet.cz\/news\/wp-content\/uploads\/JanSvejdar-858x483.jpg 858w, https:\/\/aeronet.cz\/news\/wp-content\/uploads\/JanSvejdar.jpg 1066w\" alt=\"\" width=\"601\" height=\"338\" \/><\/a><figcaption class=\"wp-caption-text\">Jan \u0160vejdar, b\u00fdval\u00fd policejn\u00ed prezident<\/figcaption><\/figure>\n<p>Jen\u017ee toto varov\u00e1n\u00ed nen\u00ed nov\u00e9.\u00a0<strong>Podle na\u0161ich informac\u00ed toto varov\u00e1n\u00ed obdr\u017eela ji\u017e vloni p\u0159edchoz\u00ed vl\u00e1da Andreje Babi\u0161e, ale ta nebrala toto varov\u00e1n\u00ed na z\u0159etel.<\/strong>\u00a0Adam Vojt\u011bch poukazoval na o\u010dkov\u00e1n\u00ed ve sv\u011bt\u011b a na pl\u00e1ny povinn\u00e9 vakcinace v USA, v Rakousku, v N\u011bmecku a ve Velk\u00e9 Brit\u00e1nii. Jen\u017ee minul\u00fd t\u00fdden Nejvy\u0161\u0161\u00ed soud USA povinn\u00e9 vakc\u00edny v USA smetl ze stolu. A co se stalo p\u00e1r dn\u00ed pot\u00e9? Ve st\u0159edu n\u00e1sledovala \u010cesk\u00e1 Republika a ve stejn\u00e9m \u010dase a ve stejn\u00e9 dob\u011b i Velk\u00e1 Brit\u00e1nie. Tedy Lond\u00fdn a D\u016fm Sion.<\/p>\n<p><strong>Boris Johnson ozn\u00e1mil [<a href=\"https:\/\/href.li\/?https:\/\/www.novinky.cz\/koronavirus\/clanek\/vsechna-opatreni-zrusime-anglie-piska-konec-40384490\" target=\"_blank\" rel=\"nofollow noopener\">6<\/a>], \u017ee 27. ledna v zemi skon\u010d\u00ed ve\u0161ker\u00e1 virov\u00e1 opat\u0159en\u00ed, p\u0159estanou se vy\u017eadovat rou\u0161ky a dokonce i vakcina\u010dn\u00ed pasy.<\/strong>\u00a0Jen\u017ee v tomto zd\u00e1nliv\u011b skv\u011bl\u00e9m ozn\u00e1men\u00ed Brit\u016fm n\u011bco chyb\u00ed. Vl\u00e1da toti\u017e zru\u0161\u00ed tato opat\u0159en\u00ed ze sv\u00e9ho rozhodnut\u00ed, ale nezakazuje soukrom\u00fdm podnik\u016fm a podnikatel\u016fm ve vy\u017eadov\u00e1n\u00ed opat\u0159en\u00ed ze sv\u00fdch vlastn\u00edch iniciativ. A potom Boris Johnson pronesl \u0161okuj\u00edc\u00ed v\u00fdrok, a te\u010f dob\u0159e poslouchejte.<\/p>\n<h6><span style=\"font-size: 14pt;\">Britsk\u00fd premi\u00e9r zatroubil ke covidi\u00e1nsk\u00e9 normalizaci. Co to bude znamenat?<\/span><\/h6>\n<p>Boris Johsnon \u0159ekl:\u00a0<em><strong>\u201cVzhledem k tomu, \u017ee se pandemick\u00fd Covid-19 st\u00e1v\u00e1 endemick\u00fdm, mus\u00edme nahradit pr\u00e1vn\u00ed po\u017eadavky radami a doporu\u010den\u00edmi,\u201d<\/strong><\/em>\u00a0uvedl pro britsk\u00e9 novin\u00e1\u0159e. Ano, p\u0159esn\u011b p\u0159ed t\u00edmto jsem u\u017e dlouho varoval a je to tady. Znovu si mus\u00edme zopakovat pravidla krizov\u00e9ho \u0159\u00edzen\u00ed. Ka\u017ed\u00e9 krizov\u00e9 \u0159\u00edzen\u00ed lze efektivn\u011b udr\u017eovat jen po omezenou dobu, jinak se z krizov\u00e9ho \u0159\u00edzen\u00ed st\u00e1v\u00e1 neefektivn\u00ed n\u00e1stroj, kter\u00fd vede ke kontraproduktivn\u00edm v\u00fdsledk\u016fm. Typick\u00fdm kontraproduktem je situace, kdy st\u00e1t by povinn\u00fdm o\u010dkov\u00e1n\u00edm ohrozil svoji vlastn\u00ed vnit\u0159n\u00ed nebo vn\u011bj\u0161\u00ed bezpe\u010dnost. A jestli\u017ee nejde nao\u010dkovat policisty a voj\u00e1ky, a ani mnoh\u00e9 \u010dleny tajn\u00fdch slu\u017eeb, potom povinn\u00e1 vakcinace nen\u00ed cestou. Co ov\u0161em je cestou, to jsou normalizovan\u00e1 opat\u0159en\u00ed, kdy se opat\u0159en\u00ed z krizov\u00e9ho procesu \u0159\u00edzen\u00ed implementuj\u00ed do\u00a0<em><strong>nov\u00e9ho norm\u00e1lu<\/strong><\/em>.<\/p>\n<figure id=\"attachment_49753\" class=\"wp-caption aligncenter\" style=\"width: 592px;\"><a href=\"https:\/\/aeronet.cz\/news\/wp-content\/uploads\/BorisJohnson90percent.jpg\"><img decoding=\"async\" loading=\"lazy\" class=\"wp-image-49753 \" src=\"https:\/\/aeronet.cz\/news\/wp-content\/uploads\/BorisJohnson90percent-1024x751.jpg\" sizes=\"(max-width: 700px) 100vw, 700px\" srcset=\"https:\/\/aeronet.cz\/news\/wp-content\/uploads\/BorisJohnson90percent-1024x751.jpg 1024w, https:\/\/aeronet.cz\/news\/wp-content\/uploads\/BorisJohnson90percent-300x220.jpg 300w, https:\/\/aeronet.cz\/news\/wp-content\/uploads\/BorisJohnson90percent-768x563.jpg 768w, https:\/\/aeronet.cz\/news\/wp-content\/uploads\/BorisJohnson90percent-700x514.jpg 700w, https:\/\/aeronet.cz\/news\/wp-content\/uploads\/BorisJohnson90percent-487x357.jpg 487w, https:\/\/aeronet.cz\/news\/wp-content\/uploads\/BorisJohnson90percent-658x483.jpg 658w, https:\/\/aeronet.cz\/news\/wp-content\/uploads\/BorisJohnson90percent.jpg 1280w\" alt=\"\" width=\"592\" height=\"435\" \/><\/a><figcaption class=\"wp-caption-text\">Boris Johnson, britsk\u00fd premi\u00e9r<\/figcaption><\/figure>\n<p>A p\u0159esn\u011b toto pronesl Boris Johnson. Vl\u00e1da bude \u201cjen\u201d doporu\u010dovat opat\u0159en\u00ed, ale u\u017e nebude jejich implement\u00e1torem. U\u017e to nebude vl\u00e1da, kter\u00e1 bude opat\u0159en\u00ed po\u017eadovat po lidech. Opat\u0159en\u00ed bude vy\u017eadovat\u2026 v\u00e1\u0161 kamar\u00e1d, v\u00e1\u0161 p\u0159\u00edtel, v\u00e1\u0161 zam\u011bstnavatel, v\u00e1\u0161 obchodn\u00edk, va\u0161e \u0161kola, v\u00e1\u0161 dopravce MHD, v\u00e1\u0161 poskytovatel hypot\u00e9ky.\u00a0<strong>A pro\u010d u\u017e nen\u00ed pot\u0159eba, aby to opat\u0159en\u00ed na\u0159izovala vl\u00e1da? Proto\u017ee m\u00edsto n\u00ed to bude za n\u00ed d\u011blat arm\u00e1da Covidi\u00e1n\u016f! A d\u016fkaz jsme obdr\u017eeli minul\u00fd t\u00fdden.<\/strong>\u00a0Je\u0161t\u011b p\u0159ed Petrem Fialou a je\u0161t\u011b p\u0159ed Borisem Johnsonem se minul\u00fd t\u00fdden stalo n\u011bco, co dalo globalist\u016fm d\u016fkaz, \u017ee je mo\u017en\u00e9 p\u0159ej\u00edt z krizov\u00e9ho \u0159\u00edzen\u00ed na \u0159\u00edzen\u00ed normalizovan\u00e9, tedy na proces covidov\u00e9 normalizace. Byla to deportace sv\u011btov\u00e9 tenisov\u00e9 jedni\u010dky Novaka Djokovi\u010de, kterou si doslova na kolenou vy\u0159vala australsk\u00e1 ve\u0159ejnost. Ne, nikoliv australsk\u00e1 vl\u00e1da, to je omyl!<\/p>\n<h6><span style=\"font-size: 14pt;\">\u0158vouc\u00ed australsk\u00e1 ulice zu\u0159iv\u011b vyhnala neo\u010dkovan\u00e9ho tenistu ze zem\u011b. Je to d\u016fkaz, \u017ee u\u017e nen\u00ed pot\u0159eba proces \u0159\u00eddit ze shora. Ulice p\u0159ijala teror za sv\u016fj nov\u00fd norm\u00e1l!<\/span><\/h6>\n<p>Proti Djokovi\u010dovi a jeho v\u00fdjimce z o\u010dkov\u00e1n\u00ed se zvedla v Austr\u00e1lii takov\u00e1 vlna odporu, ze kter\u00e9 se doslova tajil dech a \u0161el mr\u00e1z po z\u00e1dech. Australan\u00e9 p\u0159ipom\u00ednali v\u011bzn\u011b, kte\u0159\u00ed \u0159vou a k\u0159i\u010d\u00ed na poplach na dozorce na str\u00e1\u017en\u00ed v\u011b\u017ei, \u017ee jeden z v\u011bz\u0148\u016f ut\u00edk\u00e1, a proto\u017ee mu v\u0161ichni ukrutn\u011b z\u00e1vid\u00ed, tak ho sou\u010dasn\u011b za to nen\u00e1vid\u00ed a cht\u011bj\u00ed, aby ho dozorce chytil, aby neutekl!\u00a0<strong>Tento dob\u0159e zn\u00e1m\u00fd v\u011bze\u0148sk\u00fd syndrom se naplno zhmotnil v cel\u00e9 australsk\u00e9 populaci, kdy\u017e najednou drtiv\u00e1 v\u011bt\u0161ina Australan\u016f \u017e\u00e1dala deportaci Djokovi\u010de za to, \u017ee nen\u00ed o\u010dkovan\u00fd, zat\u00edmco oni v\u0161ichni mus\u00ed b\u00fdt.<\/strong><\/p>\n<p>A nakonec byl deportov\u00e1n. Mysl\u00edte si, \u017ee \u0161lo jenom o tenis? Proboha, to byste byli hodn\u011b naivn\u00ed. Tenis je spolu s fotbalem globalistick\u00fd sport \u010d. 1 a zat\u00edmco fotbal symbolizuje skupinov\u00e9 procesy \u0159\u00edzen\u00ed, tenis reprezentuje elitn\u00ed procesy \u0159\u00edzen\u00ed. A slovansk\u00fd tenista a Srb byl vyhn\u00e1n z Austr\u00e1lie. A k\u00fdm? Vl\u00e1dou? Ne, \u0159evem australsk\u00fdch Covidi\u00e1n\u016f z ulice! V Austr\u00e1lii jsou na ja\u0159e volby a vl\u00e1da se cht\u011bla prost\u011b zal\u00edbit \u0159vouc\u00ed arm\u00e1d\u011b Covidi\u00e1n\u016f, kterou si vl\u00e1da sama vychovala.\u00a0<strong>A Srbsko u\u017e reagovalo odvetou a zru\u0161ilo anglo-australsk\u00e9mu t\u011b\u017ea\u0159sk\u00e9mu gigantu Rio Tinto t\u011b\u017eebn\u00ed licenci na lithium [<a href=\"https:\/\/href.li\/?https:\/\/www.novinky.cz\/zahranicni\/clanek\/pomsta-za-djokovice-srbska-vlada-odebrala-australske-firme-licence-na-tezbu-lithia-40384657\" target=\"_blank\" rel=\"nofollow noopener\">7<\/a>].<\/strong>\u00a0Djokovi\u010d tak krom\u011b nen\u00e1visti australsk\u00fdch o\u010dkovanc\u016f bude \u010delit i krut\u00e9 pomst\u011b globalist\u016f, proto\u017ee Rio Tinto je napojen\u00e9 na mocn\u00e9 struktury, ale o tom a\u017e v jin\u00e9m \u010dl\u00e1nku.<\/p>\n<figure id=\"attachment_50089\" class=\"wp-caption aligncenter\" style=\"width: 602px;\"><a href=\"https:\/\/aeronet.cz\/news\/wp-content\/uploads\/NovakDjokovicCar.jpg\"><img decoding=\"async\" loading=\"lazy\" class=\"wp-image-50089 \" src=\"https:\/\/aeronet.cz\/news\/wp-content\/uploads\/NovakDjokovicCar-1024x682.jpg\" sizes=\"(max-width: 700px) 100vw, 700px\" srcset=\"https:\/\/aeronet.cz\/news\/wp-content\/uploads\/NovakDjokovicCar-1024x682.jpg 1024w, https:\/\/aeronet.cz\/news\/wp-content\/uploads\/NovakDjokovicCar-300x200.jpg 300w, https:\/\/aeronet.cz\/news\/wp-content\/uploads\/NovakDjokovicCar-768x512.jpg 768w, https:\/\/aeronet.cz\/news\/wp-content\/uploads\/NovakDjokovicCar-700x466.jpg 700w, https:\/\/aeronet.cz\/news\/wp-content\/uploads\/NovakDjokovicCar-536x357.jpg 536w, https:\/\/aeronet.cz\/news\/wp-content\/uploads\/NovakDjokovicCar-725x483.jpg 725w, https:\/\/aeronet.cz\/news\/wp-content\/uploads\/NovakDjokovicCar.jpg 1280w\" alt=\"\" width=\"602\" height=\"401\" \/><\/a><figcaption class=\"wp-caption-text\">Novak Djokovi\u010d v aut\u011b p\u0159i cest\u011b na leti\u0161t\u011b v Melbourne<\/figcaption><\/figure>\n<p>Jen\u017ee tato ud\u00e1lost globalist\u016fm potvrdila, \u017ee je hotovo. Krizov\u00fd proces \u0159\u00edzen\u00ed ji\u017e nen\u00ed t\u0159eba, proto\u017ee nyn\u00ed u\u017e nadch\u00e1z\u00ed proces covidi\u00e1nsk\u00e9 normalizace spole\u010dnosti. Opat\u0159en\u00ed budou p\u0159ijata za nov\u00fd norm\u00e1l ve spole\u010dnosti. Vl\u00e1da u\u017e nebude muset nic na\u0159izovat, tento nov\u00fd norm\u00e1l budou prosazovat ji\u017e Covid\u00e1ni v ka\u017edodenn\u00edm \u017eivot\u011b v\u0161ude ve spole\u010dnosti. Je to ten sam\u00fd proces nacizace jako v N\u011bmecku ve 30. letech. Na po\u010d\u00e1tku v\u00e1lky u\u017e nemusela vl\u00e1da v Berl\u00edn\u011b nic vyhla\u0161ovat, \u017e\u00e1dn\u00e1 na\u0159\u00edzen\u00ed, N\u011bmci p\u0159ijali nacismus za sv\u016fj zezdola, z ulice. Nejv\u011bt\u0161\u00edm omylem lid\u00ed je n\u00e1zor, \u017ee teror vych\u00e1z\u00ed trvale z vl\u00e1dy. To nen\u00ed pravda.<\/p>\n<p><strong>Vl\u00e1da teror pouze indukuje zpo\u010d\u00e1tku a o\u010dkuje j\u00edm lidi k p\u0159ijeti teroru za sv\u016fj. Po ur\u010dit\u00e9 dob\u011b v\u0161ak krizov\u00e9 \u0159\u00edzen\u00ed p\u0159ech\u00e1z\u00ed do normalizace teroru.<\/strong>\u00a0A proto i pandemick\u00e9 procesy se stanou endemick\u00fdmi, tedy m\u00edstn\u011b a p\u0159\u00edslu\u0161n\u011b poplatn\u00fdmi a normalizovan\u00fdmi. Nejlep\u0161\u00ed tlustou knihou na pochopen\u00ed p\u0159erodu od krizov\u00e9ho \u0159\u00edzen\u00ed do normaliza\u010dn\u00edho je Orwellova kniha\u00a0<em><strong>Farma zv\u00ed\u0159at<\/strong><\/em>. To je dokonal\u00fd materi\u00e1l na pochopen\u00ed d\u011bsiv\u00e9ho normaliza\u010dn\u00edho procesu, kter\u00fd vy\u0161el z p\u016fvodn\u00edho krizov\u00e9ho procesu tzv. \u00fatisku zv\u00ed\u0159at. Kdyby Djokovi\u010de vyhnala vl\u00e1da, nic by to neznamenalo. Novaka ale vyhnala \u0159vouc\u00ed australsk\u00e1 covidi\u00e1nsk\u00e1 ulice a veden\u00ed tamn\u00ed \u201cfarmy klokan\u016f\u201d pouze ochotn\u011b vysly\u0161elo jejich jekot. Tento proces se bude nyn\u00ed kop\u00edrovat od Evropy, do USA a do zbytku sv\u011bta.<\/p>\n<p>-VK- \u0160\u00e9fredaktor AE News<\/p>\n<p><a href=\"https:\/\/aeronet.cz\/news\/britsky-statisticky-urad-priznal-ze-od-pocatku-pandemie-do-konce-roku-2021-zemrelo-prokazatelne-a-pouze-na-covid-19-jen-6-000-lidi-tvrzeni-britske-vlady-o-150-000-obetech-je-zkreslujici-dezinformace\/\">ZDROJ<\/a><\/p>\n<p>&nbsp;<\/p>\n","protected":false},"excerpt":{"rendered":"<p>Britsk\u00fd statistick\u00fd \u00fa\u0159ad p\u0159iznal, \u017ee od po\u010d\u00e1tku pandemie do konce roku 2021 zem\u0159elo prokazateln\u011b a&#8230;<\/p>\n","protected":false},"author":2,"featured_media":4340,"comment_status":"closed","ping_status":"closed","sticky":false,"template":"","format":"standard","meta":[],"categories":[7],"tags":[23,523,303],"_links":{"self":[{"href":"https:\/\/www.infokuryr.cz\/n\/wp-json\/wp\/v2\/posts\/7684"}],"collection":[{"href":"https:\/\/www.infokuryr.cz\/n\/wp-json\/wp\/v2\/posts"}],"about":[{"href":"https:\/\/www.infokuryr.cz\/n\/wp-json\/wp\/v2\/types\/post"}],"author":[{"embeddable":true,"href":"https:\/\/www.infokuryr.cz\/n\/wp-json\/wp\/v2\/users\/2"}],"replies":[{"embeddable":true,"href":"https:\/\/www.infokuryr.cz\/n\/wp-json\/wp\/v2\/comments?post=7684"}],"version-history":[{"count":0,"href":"https:\/\/www.infokuryr.cz\/n\/wp-json\/wp\/v2\/posts\/7684\/revisions"}],"wp:featuredmedia":[{"embeddable":true,"href":"https:\/\/www.infokuryr.cz\/n\/wp-json\/wp\/v2\/media\/4340"}],"wp:attachment":[{"href":"https:\/\/www.infokuryr.cz\/n\/wp-json\/wp\/v2\/media?parent=7684"}],"wp:term":[{"taxonomy":"category","embeddable":true,"href":"https:\/\/www.infokuryr.cz\/n\/wp-json\/wp\/v2\/categories?post=7684"},{"taxonomy":"post_tag","embeddable":true,"href":"https:\/\/www.infokuryr.cz\/n\/wp-json\/wp\/v2\/tags?post=7684"}],"curies":[{"name":"wp","href":"https:\/\/api.w.org\/{rel}","templated":true}]}}