{"id":76824,"date":"2025-04-20T00:16:45","date_gmt":"2025-04-19T22:16:45","guid":{"rendered":"https:\/\/www.infokuryr.cz\/n\/?p=76824"},"modified":"2025-04-19T11:37:09","modified_gmt":"2025-04-19T09:37:09","slug":"nova-propagandisticka-ofenziva-evropsti-verejnopravni-vysilaci-spolecnosti-spojuji-sve-sily","status":"publish","type":"post","link":"https:\/\/www.infokuryr.cz\/n\/2025\/04\/20\/nova-propagandisticka-ofenziva-evropsti-verejnopravni-vysilaci-spolecnosti-spojuji-sve-sily\/","title":{"rendered":"Nov\u00e1 propagandistick\u00e1 ofenz\u00edva? Evrop\u0161t\u00ed ve\u0159ejnopr\u00e1vn\u00ed vys\u00edlac\u00ed spole\u010dnosti spojuj\u00ed sv\u00e9 s\u00edly"},"content":{"rendered":"<div id=\"fb-root\"><\/div>\n<p><strong><span>Evropsk\u00e1 vys\u00edlac\u00ed unie zakl\u00e1d\u00e1 novou \u201efakt-checking network\u201c: Iniciativa \u201eEurovision News Spotlight\u201c, k n\u00ed\u017e\u00a0<\/span><a href=\"https:\/\/orf.at\/stories\/3390348\/\" target=\"_blank\" rel=\"noreferrer noopener\"><span>se ORF hrd\u011b \u0159ad\u00ed<\/span><\/a><span>\u00a0, chce \u00fadajn\u011b bojovat proti \u201efake news\u201c. Gener\u00e1ln\u00ed tajemn\u00edk FP\u00d6 a medi\u00e1ln\u00ed mluv\u010d\u00ed NAbg se k tomu stav\u00ed kriticky. Christian Hafenecker, kter\u00fd zde vid\u00ed \u201ebojovou alianci levicov\u00fdch medi\u00e1ln\u00edch ochr\u00e1nc\u016f mor\u00e1lky\u201c.<\/span><\/strong><\/p>\n<p><em><span>Tiskov\u00e1 zpr\u00e1va FP\u00d6 ze 17. dubna 2025:<\/span><\/em><\/p>\n<p><span>\u201eKdy\u017e vys\u00edlatel\u00e9 \u201afale\u0161n\u00fdch zpr\u00e1v\u2018 spoj\u00ed sv\u00e9 s\u00edly, aby \u201akontrolovali fakta\u2018, pak je tvorba m\u00edn\u011bn\u00ed a manipulace nevyhnuteln\u00e1, v neposledn\u00ed \u0159ad\u011b, kdy\u017e je na palub\u011b povinn\u011b z dan\u00ed financovan\u00e1 syst\u00e9mov\u00e1 propagandistick\u00e1 agentura ORF,\u201c kritizoval dnes gener\u00e1ln\u00ed tajemn\u00edk FP\u00d6 a medi\u00e1ln\u00ed mluv\u010d\u00ed NAbg. Christian Hafenecker, MA, ned\u00e1vno spu\u0161t\u011bn\u00e1 samozvan\u00e1 \u201efakt-kontroln\u00ed s\u00ed\u0165\u201c Evropsk\u00e9 vys\u00edlac\u00ed unie (EBU) \u201eEurovision News Spotlight\u201c, do kter\u00e9 ORF a 17 dal\u0161\u00edch provozovatel\u016f vys\u00edl\u00e1n\u00ed pat\u0159\u00ed.<\/span><\/p>\n<p><span>Samoz\u0159ejm\u00fdm c\u00edlem t\u00e9to iniciativy ve\u0159ejnopr\u00e1vn\u00edho vys\u00edl\u00e1n\u00ed je mezin\u00e1rodn\u00ed spolupr\u00e1ce v boji proti fake news a dezinformac\u00edm. &#8222;Ve skute\u010dnosti se jedn\u00e1 o bojovou alianci levicov\u00fdch medi\u00e1ln\u00edch ochr\u00e1nc\u016f mor\u00e1lky, kte\u0159\u00ed si p\u0159ivlast\u0148uj\u00ed v\u00fdhradn\u00ed pravomoc posuzovat, co je pravda a co nepravda, kter\u00e9 n\u00e1zory jsou dobr\u00e9 nebo \u0161patn\u00e9 a nakonec, kter\u00e9 zpr\u00e1vy jsou pro syst\u00e9m p\u0159ijateln\u00e9 a kter\u00e9 ne. To je p\u0159esn\u011b to, co se skr\u00fdv\u00e1 za term\u00edny &#8218;fale\u0161n\u00e9 zpr\u00e1vy&#8216; a &#8218;dezinformace&#8216;, kter\u00e9 ve\u0159ejnost ji\u017e d\u00e1vno vid\u00ed prost\u0159ednictv\u00edm tisku, svobody, kterou syst\u00e9m pou\u017e\u00edv\u00e1 k tisku a svobod\u011b! vyjad\u0159ov\u00e1n\u00ed, stejn\u011b jako pluralita m\u00e9di\u00ed,\u201c \u0159ekl Hafenecker.<\/span><\/p>\n<p><span>Na \u00farovni EU, stejn\u011b jako na n\u00e1rodn\u00ed \u00farovni, syst\u00e9m pracuje \u201est\u00e1le fanaticky na vytv\u00e1\u0159en\u00ed \u00fazk\u00fdch n\u00e1zorov\u00fdch koridor\u016f\u201c, v nich\u017e se ve\u0159ejn\u00fd diskurs m\u016f\u017ee pohybovat. V\u0161e mimo tyto n\u00e1zorov\u00e9 koridory je delegitimizov\u00e1no bojov\u00fdmi term\u00edny, jako jsou \u201efale\u0161n\u00e9 zpr\u00e1vy\u201c, \u201edezinformace\u201c, \u201enen\u00e1vist\u201c nebo \u201epravicov\u00fd extremismus\u201c. &#8222;ORF se svou levicov\u011b orientovanou redakc\u00ed je uk\u00e1zkov\u00fdm p\u0159\u00edkladem toho, jak se ve\u0159ejnopr\u00e1vn\u00ed m\u00e9dia prom\u011b\u0148uj\u00ed v propagandistick\u00e9 instituce vl\u00e1d a syst\u00e9mu, a slou\u017e\u00ed tak jako \u00fast\u0159edn\u00ed stavebn\u00ed kameny t\u011bchto n\u00e1zorov\u00fdch koridor\u016f spolu s cenzurn\u00edmi n\u00e1stroji, jako je z\u00e1kon o digit\u00e1ln\u00edch slu\u017eb\u00e1ch. Papou\u0161kov\u00e1n\u00ed vl\u00e1dn\u00edch poh\u00e1dek o Coron\u011b, multikulturn\u00ed bohoslu\u017eby, klimatick\u00e1 n\u00e1vratnost, genderov\u00e1 hysterie a \u0161\u00edlenstv\u00ed je jen p\u0159\u00edkladem pro ob\u010dany. za tuto manipulaci s \u201apovinnou dan\u00ed\u2018 a umo\u017en\u011bn\u00ed rozkv\u011btu luxusn\u00edho platov\u00e9ho r\u00e1je v exekutiv\u011b syst\u00e9mov\u00e9ho vys\u00edl\u00e1n\u00ed,\u201c pokra\u010doval medi\u00e1ln\u00ed mluv\u010d\u00ed Strany svobody.<\/span><\/p>\n<p><span>Nen\u00ed pot\u0159eba ani vl\u00e1da, ve\u0159ejnopr\u00e1vn\u00ed m\u00e9dia, ani jin\u00ed samozvan\u00ed \u201eov\u011b\u0159ovatel\u00e9 fakt\u016f\u201c, ale sp\u00ed\u0161e \u0161irok\u00e1 \u0161k\u00e1la m\u00e9di\u00ed, kter\u00e1 kriticky zkoumaj\u00ed fakta a odr\u00e1\u017eej\u00ed r\u016fzn\u00e9 n\u00e1zory a p\u0159\u00edstupy k r\u016fzn\u00fdm t\u00e9mat\u016fm: \u201eTo je pro politick\u00fd diskurz v demokracii z\u00e1sadn\u00ed \u2013 na rozd\u00edl od str\u00e1\u017ec\u016f medi\u00e1ln\u00ed pravdy, kte\u0159\u00ed pop\u00edraj\u00ed legitimitu v\u0161ech ostatn\u00edch, kte\u0159\u00ed se neshoduj\u00ed s jejich lini\u00ed nebo s lini\u00ed syst\u00e9mu!<\/span><\/p>\n<p><img decoding=\"async\" loading=\"lazy\" class=\"alignnone size-full wp-image-71983\" src=\"http:\/\/www.infokuryr.cz\/n\/wp-content\/uploads\/2025\/02\/aaa.jpg\" alt=\"\" width=\"89\" height=\"23\" \/><\/p>\n<p>&nbsp;<\/p>\n","protected":false},"excerpt":{"rendered":"<p>Evropsk\u00e1 vys\u00edlac\u00ed unie zakl\u00e1d\u00e1 novou \u201efakt-checking network\u201c: Iniciativa \u201eEurovision News Spotlight\u201c, k n\u00ed\u017e\u00a0se ORF hrd\u011b&#8230;<\/p>\n","protected":false},"author":2,"featured_media":76825,"comment_status":"closed","ping_status":"closed","sticky":false,"template":"","format":"standard","meta":[],"categories":[7],"tags":[158,1051,2576],"_links":{"self":[{"href":"https:\/\/www.infokuryr.cz\/n\/wp-json\/wp\/v2\/posts\/76824"}],"collection":[{"href":"https:\/\/www.infokuryr.cz\/n\/wp-json\/wp\/v2\/posts"}],"about":[{"href":"https:\/\/www.infokuryr.cz\/n\/wp-json\/wp\/v2\/types\/post"}],"author":[{"embeddable":true,"href":"https:\/\/www.infokuryr.cz\/n\/wp-json\/wp\/v2\/users\/2"}],"replies":[{"embeddable":true,"href":"https:\/\/www.infokuryr.cz\/n\/wp-json\/wp\/v2\/comments?post=76824"}],"version-history":[{"count":0,"href":"https:\/\/www.infokuryr.cz\/n\/wp-json\/wp\/v2\/posts\/76824\/revisions"}],"wp:featuredmedia":[{"embeddable":true,"href":"https:\/\/www.infokuryr.cz\/n\/wp-json\/wp\/v2\/media\/76825"}],"wp:attachment":[{"href":"https:\/\/www.infokuryr.cz\/n\/wp-json\/wp\/v2\/media?parent=76824"}],"wp:term":[{"taxonomy":"category","embeddable":true,"href":"https:\/\/www.infokuryr.cz\/n\/wp-json\/wp\/v2\/categories?post=76824"},{"taxonomy":"post_tag","embeddable":true,"href":"https:\/\/www.infokuryr.cz\/n\/wp-json\/wp\/v2\/tags?post=76824"}],"curies":[{"name":"wp","href":"https:\/\/api.w.org\/{rel}","templated":true}]}}