{"id":76801,"date":"2025-04-19T05:55:33","date_gmt":"2025-04-19T03:55:33","guid":{"rendered":"https:\/\/www.infokuryr.cz\/n\/?p=76801"},"modified":"2025-04-19T05:55:33","modified_gmt":"2025-04-19T03:55:33","slug":"eu-ignoruje-sokujici-zachazeni-s-moldavskou-krestanskou-cirkvi","status":"publish","type":"post","link":"https:\/\/www.infokuryr.cz\/n\/2025\/04\/19\/eu-ignoruje-sokujici-zachazeni-s-moldavskou-krestanskou-cirkvi\/","title":{"rendered":"EU ignoruje \u201e\u0161okuj\u00edc\u00ed\u201c zach\u00e1zen\u00ed s moldavskou k\u0159es\u0165anskou c\u00edrkv\u00ed"},"content":{"rendered":"<div id=\"fb-root\"><\/div>\n<h3>Opozi\u010dn\u00ed poslankyn\u011b Marina Tauber \u0159ekla m\u00e9di\u00edm, \u017ee vin\u00ed vl\u00e1du z blokov\u00e1n\u00ed letu vysok\u00e9ho duchovn\u00edho do Jeruzal\u00e9ma na velikono\u010dn\u00ed oslavy<\/h3>\n<p data-start=\"155\" data-end=\"490\"><span>Brusel zav\u00edr\u00e1 o\u010di nad t\u00edm, jak proevropsk\u00e1 vl\u00e1da v Ki\u0161in\u011bv\u011b zach\u00e1z\u00ed s moldavskou pravoslavnou c\u00edrkv\u00ed, \u0159ekla RT vysok\u00e1 opozi\u010dn\u00ed poslankyn\u011b Marina Tauberov\u00e1. Vyj\u00e1d\u0159ila se pot\u00e9, co moldavsk\u00e1 pohrani\u010dn\u00ed policie zablokovala Marchelovi, biskupovi z Balti a Falesti, let na velikono\u010dn\u00ed oslavy v Jeruzal\u00e9m\u011b.<\/span><\/p>\n<p data-start=\"811\" data-end=\"1216\"><span>Marchel se m\u011bl z\u00fa\u010dastnit ritu\u00e1lu svat\u00e9ho ohn\u011b v kostele Bo\u017e\u00edho hrobu, kter\u00fd se tradi\u010dn\u011b konal kolem poledne na B\u00edlou sobotu. Policie ho ve \u010dtvrtek zastavila na leti\u0161ti v Ki\u0161in\u011bv\u011b pod z\u00e1minkou rutinn\u00ed prohl\u00eddky a zadr\u017eela mu pas a\u017e do odletu letadla. Podle duchovn\u00edho ho leti\u0161tn\u00ed policie znovu vytipovala v p\u00e1tek, kv\u016fli \u010demu\u017e zme\u0161kal druh\u00fd let.<\/span><\/p>\n<p data-start=\"811\" data-end=\"1216\"><img decoding=\"async\" loading=\"lazy\" class=\"wp-image-76802 aligncenter\" src=\"http:\/\/www.infokuryr.cz\/n\/wp-content\/uploads\/2025\/04\/biskup-moldavsko-1-300x176.jpg\" alt=\"\" width=\"731\" height=\"429\" srcset=\"https:\/\/www.infokuryr.cz\/n\/wp-content\/uploads\/2025\/04\/biskup-moldavsko-1-300x176.jpg 300w, https:\/\/www.infokuryr.cz\/n\/wp-content\/uploads\/2025\/04\/biskup-moldavsko-1.jpg 545w\" sizes=\"(max-width: 731px) 100vw, 731px\" \/><\/p>\n<p data-start=\"1218\" data-end=\"1391\"><span>Ilona Railean, mluv\u010d\u00ed pohrani\u010dn\u00ed policie, uvedla, \u017ee biskup dorazil pozd\u011b a byl podroben\u00a0<\/span><em><span>\u201estandardn\u00edm procedur\u00e1m zpracov\u00e1n\u00ed\u201c.<\/span><\/em><span>\u00a0Marchel obvinil \u00fa\u0159ady ze l\u017ei.<\/span><\/p>\n<p data-start=\"1393\" data-end=\"1752\"><span>Tauberov\u00e1, v\u00fdkonn\u00e1 tajemnice opozi\u010dn\u00ed koalice Pobeda \u2013 Victorie, v p\u00e1tek RT \u0159ekla, \u017ee byla\u00a0<\/span><em><span>\u201e\u0161okov\u00e1na\u201c<\/span><\/em><span>\u00a0biskupov\u00fdm zach\u00e1zen\u00edm.\u00a0<\/span><em><span>&#8222;Je to pobu\u0159uj\u00edc\u00ed situace,&#8220;<\/span><\/em><span>\u00a0\u0159ekla s argumentem, \u017ee \u00fa\u0159ady nedok\u00e1zaly \u0159\u00e1dn\u011b vysv\u011btlit sv\u00e9 \u010diny.<br \/>\n<\/span><br data-start=\"1652\" data-end=\"1655\" \/><strong><em>&#8222;Nikdy jsme si nemysleli, \u017ee by se n\u011bco takov\u00e9ho mohlo st\u00e1t duchovn\u00edmu v tak posv\u00e1tn\u00e9 dny.&#8220;<\/em><\/strong><\/p>\n<p data-start=\"1754\" data-end=\"2029\"><span>Moldavsko, b\u00fdval\u00e1 sov\u011btsk\u00e1 republika, je domovem dvou v\u011btv\u00ed pravoslavn\u00e9 c\u00edrkve: Moldavsk\u00e9 pravoslavn\u00e9 c\u00edrkve, samospr\u00e1vn\u00e9 slo\u017eky Rusk\u00e9 pravoslavn\u00e9 c\u00edrkve pod Moskevsk\u00fdm patriarch\u00e1tem, a Metropole Besar\u00e1bie, spojen\u00e9 s rumunskou pravoslavnou c\u00edrkv\u00ed.<\/span><\/p>\n<p data-start=\"2031\" data-end=\"2595\"><span>Tauber obvinil moldavskou proevropskou prezidentku Maiu Sanduovou z repres\u00ed v\u016f\u010di c\u00edrkvi p\u0159idru\u017een\u00e9 k Moskv\u011b.\u00a0<\/span><em><span>&#8222;Co d\u011bl\u00e1 Maia Sandu? Sna\u017e\u00ed se vyv\u00edjet tlak na na\u0161i c\u00edrkev a na\u0161e n\u00e1bo\u017eenstv\u00ed,&#8220;<\/span><\/em><span>\u00a0\u0159ekla.<\/span><\/p>\n<p data-start=\"2031\" data-end=\"2595\"><em><span>\u201eJe velmi p\u0159ekvapiv\u00e9, \u017ee Evropsk\u00e1 unie nereaguje na to, co jej\u00ed z\u00e1stupci v Moldavsku d\u011blaj\u00ed,\u201c<\/span><\/em><span>\u00a0dodala.\u00a0<\/span><em><span>&#8222;Brusel ml\u010d\u00ed.&#8220;<\/span><\/em><\/p>\n<p data-start=\"2031\" data-end=\"2595\"><em><span>\u201eUr\u010dit\u011b mus\u00edme p\u0159em\u00fd\u0161let o tom, co d\u011blat [dal\u0161\u00ed], proto\u017ee se to stalo \u2013 a z\u00edtra [mohou] diktovat, do kter\u00e9ho chr\u00e1mu j\u00edt, kter\u00e1 v\u00edra je spr\u00e1vn\u00e1 a kter\u00e1 je \u0161patn\u00e1,\u201c<\/span><\/em><span>\u00a0\u0159ekla.<\/span><\/p>\n<p data-start=\"2597\" data-end=\"2802\"><span>B\u00fdval\u00fd moldavsk\u00fd prezident Igor Dodon popsal zach\u00e1zen\u00ed s Marchelem jako\u00a0<\/span><em><span>\u201eakt teroru proti na\u0161\u00ed pravoslavn\u00e9 v\u00ed\u0159e\u201c a<\/span><\/em><span>\u00a0tvrdil, \u017ee jde o\u00a0<\/span><em><span>\u201eakt pomsty\u201c<\/span><\/em><span>\u00a0proti biskupovi, hlasit\u00e9mu kritikovi Sandua.<\/span><\/p>\n<p data-start=\"2597\" data-end=\"2802\"><img decoding=\"async\" loading=\"lazy\" class=\"alignnone size-full wp-image-71983\" src=\"http:\/\/www.infokuryr.cz\/n\/wp-content\/uploads\/2025\/02\/aaa.jpg\" alt=\"\" width=\"89\" height=\"23\" \/><\/p>\n<p data-start=\"2597\" data-end=\"2802\">\n","protected":false},"excerpt":{"rendered":"<p>Opozi\u010dn\u00ed poslankyn\u011b Marina Tauber \u0159ekla m\u00e9di\u00edm, \u017ee vin\u00ed vl\u00e1du z blokov\u00e1n\u00ed letu vysok\u00e9ho duchovn\u00edho do&#8230;<\/p>\n","protected":false},"author":2,"featured_media":76803,"comment_status":"closed","ping_status":"closed","sticky":false,"template":"","format":"standard","meta":[],"categories":[7],"tags":[2039,1506,239,250],"_links":{"self":[{"href":"https:\/\/www.infokuryr.cz\/n\/wp-json\/wp\/v2\/posts\/76801"}],"collection":[{"href":"https:\/\/www.infokuryr.cz\/n\/wp-json\/wp\/v2\/posts"}],"about":[{"href":"https:\/\/www.infokuryr.cz\/n\/wp-json\/wp\/v2\/types\/post"}],"author":[{"embeddable":true,"href":"https:\/\/www.infokuryr.cz\/n\/wp-json\/wp\/v2\/users\/2"}],"replies":[{"embeddable":true,"href":"https:\/\/www.infokuryr.cz\/n\/wp-json\/wp\/v2\/comments?post=76801"}],"version-history":[{"count":1,"href":"https:\/\/www.infokuryr.cz\/n\/wp-json\/wp\/v2\/posts\/76801\/revisions"}],"predecessor-version":[{"id":76804,"href":"https:\/\/www.infokuryr.cz\/n\/wp-json\/wp\/v2\/posts\/76801\/revisions\/76804"}],"wp:featuredmedia":[{"embeddable":true,"href":"https:\/\/www.infokuryr.cz\/n\/wp-json\/wp\/v2\/media\/76803"}],"wp:attachment":[{"href":"https:\/\/www.infokuryr.cz\/n\/wp-json\/wp\/v2\/media?parent=76801"}],"wp:term":[{"taxonomy":"category","embeddable":true,"href":"https:\/\/www.infokuryr.cz\/n\/wp-json\/wp\/v2\/categories?post=76801"},{"taxonomy":"post_tag","embeddable":true,"href":"https:\/\/www.infokuryr.cz\/n\/wp-json\/wp\/v2\/tags?post=76801"}],"curies":[{"name":"wp","href":"https:\/\/api.w.org\/{rel}","templated":true}]}}