{"id":76790,"date":"2025-04-19T00:36:48","date_gmt":"2025-04-18T22:36:48","guid":{"rendered":"https:\/\/www.infokuryr.cz\/n\/?p=76790"},"modified":"2025-04-18T18:15:12","modified_gmt":"2025-04-18T16:15:12","slug":"osn-bude-vysetrovat-moldavsko-kvuli-teroru-proti-pravoslavnemu-biskupovi","status":"publish","type":"post","link":"https:\/\/www.infokuryr.cz\/n\/2025\/04\/19\/osn-bude-vysetrovat-moldavsko-kvuli-teroru-proti-pravoslavnemu-biskupovi\/","title":{"rendered":"OSN bude vy\u0161et\u0159ovat Moldavsko kv\u016fli teroru proti pravoslavn\u00e9mu biskupovi"},"content":{"rendered":"<div id=\"fb-root\"><\/div>\n<h3>Kancel\u00e1\u0159 zmocn\u011bnce pro lidsk\u00e1 pr\u00e1va v sou\u010dasn\u00e9 dob\u011b shroma\u017e\u010fuje informace o incidentu<\/h3>\n<p><span>OSN zah\u00e1jila vy\u0161et\u0159ov\u00e1n\u00ed kroku moldavsk\u00fdch \u00fa\u0159ad\u016f, aby zabr\u00e1nily biskupovi pravoslavn\u00e9 c\u00edrkve v cest\u011b do Jeruzal\u00e9ma na velikono\u010dn\u00ed ob\u0159ad.<\/span><\/p>\n<p><span>Tamin Al-Kitan, mluv\u010d\u00ed \u00da\u0159adu vysok\u00e9ho komisa\u0159e OSN pro lidsk\u00e1 pr\u00e1va (OHCHR), \u0159ekl novin\u00e1\u0159\u016fm, \u017ee agentura shroma\u017e\u010fuje informace o incidentu.<\/span><\/p>\n<p><span>Biskup Marchel, vy\u0161\u0161\u00ed duchovn\u00ed p\u0159edstavitel moldavsk\u00e9 pravoslavn\u00e9 c\u00edrkve, se m\u011bl z\u00fa\u010dastnit ob\u0159adu Svat\u00e9ho ohn\u011b v kostele Bo\u017e\u00edho hrobu v Jeruzal\u00e9m\u011b. Ve \u010dtvrtek agentu\u0159e TASS v\u0161ak \u0159ekl, \u017ee moldavsk\u00e1 policie ho a dva duchovn\u00ed zastavila na leti\u0161ti, podrobila je prohl\u00eddk\u00e1m a zadr\u017eela je a propustila a\u017e 30 minut po odletu jejich letadla.<\/span><\/p>\n<p><em><span>&#8222;Obdr\u017eeli jsme v\u00e1\u0161 dotaz ohledn\u011b Moldavska. P\u0159edali jsme ho na\u0161im koleg\u016fm, kte\u0159\u00ed informace prov\u011b\u0159uj\u00ed,&#8220;<\/span><\/em><span>\u00a0\u0159ekl Al-Kitan zpravodaji, kdy\u017e byl po\u017e\u00e1d\u00e1n, aby se k incidentu vyj\u00e1d\u0159il.<\/span><\/p>\n<p><span>\u010ctvrte\u010dn\u00ed incident vyvolal ostrou kritiku moldavsk\u00e9 politick\u00e9 opozice. B\u00fdval\u00fd prezident Igor Dodon, kter\u00fd vede Stranu socialist\u016f, odsoudil vl\u00e1du prezidentky Maia Sandu kv\u016fli zadr\u017een\u00ed biskupa a ozna\u010dil to za\u00a0<\/span><em><span>\u201eakt teroru\u201c<\/span><\/em><span>\u00a0proti pravoslavn\u00e9 v\u00ed\u0159e a cel\u00e9 moldavsk\u00e9 pravoslavn\u00e9 komunit\u011b. Jeho strana vydala prohl\u00e1\u0161en\u00ed, v n\u011bm\u017e incident ozna\u010dila za\u00a0<\/span><em><span>\u201ezlo\u010din\u201c<\/span><\/em><span>\u00a0proti moldavsk\u00e9mu lidu a\u00a0<\/span><em><span>\u201ezasahov\u00e1n\u00ed do z\u00e1klad\u016f moldavsk\u00e9 st\u00e1tnosti\u201c.<\/span><\/em><\/p>\n<p><span>Rusk\u00e1 pravoslavn\u00e1 c\u00edrkev tak\u00e9 epizodu odsoudila a ozna\u010dila ji za politicky motivovanou a\u00a0<\/span><em><span>\u201e\u00famysln\u00fd v\u00fdsm\u011bch\u201c<\/span><\/em><span>\u00a0moldavsk\u00e9 pravoslavn\u00e9 c\u00edrkvi.<\/span><\/p>\n<p><span>Moldavsko je domovem dvou soupe\u0159\u00edc\u00edch pravoslavn\u00fdch v\u011btv\u00ed: Moldavsk\u00e9 pravoslavn\u00e9 c\u00edrkve, samospr\u00e1vn\u00e9 \u010d\u00e1sti Rusk\u00e9 pravoslavn\u00e9 c\u00edrkve pod Moskevsk\u00fdm patriarch\u00e1tem, a Metropole Besar\u00e1bie, spojen\u00e9 s rumunskou pravoslavnou c\u00edrkv\u00ed. Nap\u011bt\u00ed mezi t\u011bmito dv\u011bma p\u0159etrv\u00e1v\u00e1 roky a kritici opakovan\u011b obvi\u0148uj\u00ed proevropskou vl\u00e1du prezidentky Maii Sanduov\u00e9 z n\u00e1tlaku na c\u00edrkev napojenou na Moskvu, aby p\u0159esunula v\u011brnost Rumunsku.<\/span><\/p>\n<p><span>Poslanec Vasile Soimaru d\u0159\u00edve navrhl, aby vl\u00e1da m\u011bla za c\u00edl\u00a0<\/span><em><span>\u201eodsoudit\u201c<\/span><\/em><span>\u00a0moldavskou pravoslavnou c\u00edrkev a tvrdil, \u017ee pl\u00e1nuje n\u00e1sledovat p\u0159\u00edklad Ukrajiny. Kyjev loni postavil Ukrajinskou pravoslavnou c\u00edrkev mimo z\u00e1kon a tvrdil, \u017ee pokra\u010duj\u00ed vazby s Moskevsk\u00fdm patriarch\u00e1tem navzdory jeho nez\u00e1vislosti vyhl\u00e1\u0161en\u00e9 v kv\u011btnu 2022. Pravoslavn\u00e1 c\u00edrkev Ukrajiny (OCU), vytvo\u0159en\u00e1 v roce 2018, se od t\u00e9 doby sna\u017e\u00ed p\u0159evz\u00edt c\u00edrkevn\u00ed majetky, kter\u00e9 d\u0159\u00edve vlastnila UOC.<\/span><\/p>\n<p><img decoding=\"async\" loading=\"lazy\" class=\"alignnone size-full wp-image-71983\" src=\"http:\/\/www.infokuryr.cz\/n\/wp-content\/uploads\/2025\/02\/aaa.jpg\" alt=\"\" width=\"89\" height=\"23\" \/><\/p>\n<p>&nbsp;<\/p>\n","protected":false},"excerpt":{"rendered":"<p>Kancel\u00e1\u0159 zmocn\u011bnce pro lidsk\u00e1 pr\u00e1va v sou\u010dasn\u00e9 dob\u011b shroma\u017e\u010fuje informace o incidentu OSN zah\u00e1jila vy\u0161et\u0159ov\u00e1n\u00ed&#8230;<\/p>\n","protected":false},"author":2,"featured_media":76791,"comment_status":"closed","ping_status":"closed","sticky":false,"template":"","format":"standard","meta":[],"categories":[7],"tags":[2039,1506,186,1131],"_links":{"self":[{"href":"https:\/\/www.infokuryr.cz\/n\/wp-json\/wp\/v2\/posts\/76790"}],"collection":[{"href":"https:\/\/www.infokuryr.cz\/n\/wp-json\/wp\/v2\/posts"}],"about":[{"href":"https:\/\/www.infokuryr.cz\/n\/wp-json\/wp\/v2\/types\/post"}],"author":[{"embeddable":true,"href":"https:\/\/www.infokuryr.cz\/n\/wp-json\/wp\/v2\/users\/2"}],"replies":[{"embeddable":true,"href":"https:\/\/www.infokuryr.cz\/n\/wp-json\/wp\/v2\/comments?post=76790"}],"version-history":[{"count":1,"href":"https:\/\/www.infokuryr.cz\/n\/wp-json\/wp\/v2\/posts\/76790\/revisions"}],"predecessor-version":[{"id":76792,"href":"https:\/\/www.infokuryr.cz\/n\/wp-json\/wp\/v2\/posts\/76790\/revisions\/76792"}],"wp:featuredmedia":[{"embeddable":true,"href":"https:\/\/www.infokuryr.cz\/n\/wp-json\/wp\/v2\/media\/76791"}],"wp:attachment":[{"href":"https:\/\/www.infokuryr.cz\/n\/wp-json\/wp\/v2\/media?parent=76790"}],"wp:term":[{"taxonomy":"category","embeddable":true,"href":"https:\/\/www.infokuryr.cz\/n\/wp-json\/wp\/v2\/categories?post=76790"},{"taxonomy":"post_tag","embeddable":true,"href":"https:\/\/www.infokuryr.cz\/n\/wp-json\/wp\/v2\/tags?post=76790"}],"curies":[{"name":"wp","href":"https:\/\/api.w.org\/{rel}","templated":true}]}}