{"id":76777,"date":"2025-04-19T00:28:04","date_gmt":"2025-04-18T22:28:04","guid":{"rendered":"https:\/\/www.infokuryr.cz\/n\/?p=76777"},"modified":"2025-04-18T17:35:31","modified_gmt":"2025-04-18T15:35:31","slug":"moldavska-vlada-byla-obvinena-z-duchovniho-teroru-pote-co-byla-zablokovana-biskupova-velikonocni-cesta","status":"publish","type":"post","link":"https:\/\/www.infokuryr.cz\/n\/2025\/04\/19\/moldavska-vlada-byla-obvinena-z-duchovniho-teroru-pote-co-byla-zablokovana-biskupova-velikonocni-cesta\/","title":{"rendered":"Moldavsk\u00e1 vl\u00e1da byla obvin\u011bna z \u201educhovn\u00edho teroru\u201c pot\u00e9, co byla zablokov\u00e1na biskupova velikono\u010dn\u00ed cesta"},"content":{"rendered":"<div id=\"fb-root\"><\/div>\n<h3>Policie v Ki\u0161in\u011bv\u011b zabr\u00e1nila biskupovi Marchelovi z moldavsk\u00e9 pravoslavn\u00e9 c\u00edrkve v proveden\u00ed ritu\u00e1ln\u00ed n\u00e1v\u0161t\u011bvy Jeruzal\u00e9ma<\/h3>\n<p>Nejv\u011bt\u0161\u00ed moldavsk\u00e1 opozi\u010dn\u00ed strana obvinila vl\u00e1du zem\u011b z\u00a0<em>\u201ebezprecedentn\u00edho aktu duchovn\u00edho teroru\u201c<\/em>\u00a0pot\u00e9, co vysok\u00e9mu biskupovi moldavsk\u00e9 pravoslavn\u00e9 c\u00edrkve bylo zabr\u00e1n\u011bno cestovat do Jeruzal\u00e9ma na velikono\u010dn\u00ed ritu\u00e1l.<\/p>\n<p>Biskup Marchel se m\u011bl z\u00fa\u010dastnit ob\u0159adu Svat\u00e9ho ohn\u011b, co\u017e je hlavn\u00ed n\u00e1bo\u017eensk\u00e1 ud\u00e1lost p\u0159ed pravoslavn\u00fdmi Velikonocemi 20. dubna. Pravoslavn\u00ed k\u0159es\u0165an\u00e9 v\u011b\u0159\u00ed, \u017ee plamen se z\u00e1zra\u010dn\u011b objev\u00ed ka\u017ed\u00fd rok na B\u00edlou sobotu v kostele Bo\u017e\u00edho hrobu a ozna\u010duje m\u00edsto uk\u0159i\u017eov\u00e1n\u00ed a vzk\u0159\u00ed\u0161en\u00ed Je\u017e\u00ed\u0161e Krista. Poutn\u00edci tradi\u010dn\u011b zapaluj\u00ed sv\u00ed\u010dky z plamene, aby je p\u0159inesli dom\u016f.<\/p>\n<p>Biskup Marchel v\u0161ak ve \u010dtvrtek agentu\u0159e TASS\u00a0<a href=\"https:\/\/www.rt.com\/russia\/615928-eu-aspirant-blocked-priest\/\">\u0159ekl<\/a> \u00a0, \u017ee moldavsk\u00e1 policie jej a dva duchovn\u00ed zastavila na leti\u0161ti, provedla prohl\u00eddky a zdr\u017eela je a propustila a\u017e 30 minut po odletu jejich letu.<\/p>\n<p>Strana socialist\u016f obvinila vl\u00e1du z\u00a0<em>\u201eve\u0159ejn\u00e9ho poni\u017eov\u00e1n\u00ed\u201c<\/em>\u00a0vy\u0161\u0161\u00edho duchovn\u00edho a po\u017eadovala omluvu.<\/p>\n<p><em>&#8222;Pova\u017eujeme \u010diny re\u017eimu [prezidentky] Maii Sanduov\u00e9 za \u00famysln\u00fd akt duchovn\u00edho teroru proti moldavsk\u00e9 pravoslavn\u00e9 c\u00edrkvi a stovk\u00e1m tis\u00edc\u016f jej\u00edch farn\u00edk\u016f,&#8220;<\/em>\u00a0uvedla strana v p\u00e1te\u010dn\u00edm prohl\u00e1\u0161en\u00ed v Telegramu.\u00a0<em>&#8222;Jak\u00fdkoli n\u00e1tlak na c\u00edrkev je zlo\u010dinem proti lidem a z\u00e1sahem do z\u00e1klad\u016f moldavsk\u00e9 st\u00e1tnosti.&#8220;<\/em><\/p>\n<p>Strana popsala na\u010dasov\u00e1n\u00ed incidentu b\u011bhem Svat\u00e9ho t\u00fddne jako obzvl\u00e1\u0161t\u011b hrozn\u00e9.<\/p>\n<p><em>&#8222;\u00da\u0159ady ve\u0159ejn\u011b pon\u00ed\u017eily arcipastora&#8230; b\u011bhem Svat\u00e9ho t\u00fddne, v p\u0159edve\u010der Velikonoc. Je to mor\u00e1ln\u00ed p\u00e1d re\u017eimu, pro kter\u00fd neexistuje \u017e\u00e1dn\u00e9 ospravedln\u011bn\u00ed,&#8220;<\/em>\u00a0stoj\u00ed v prohl\u00e1\u0161en\u00ed. Tvrdilo, \u017ee incident se rovnal\u00a0<em>\u201evyhl\u00e1\u0161en\u00ed v\u00e1lky proti pravoslavn\u00e9 v\u011bt\u0161in\u011b\u201c<\/em>\u00a0ze strany\u00a0<em>\u201eprotin\u00e1rodn\u00edho re\u017eimu\u201c.<\/em><\/p>\n<p>Moldavsko, kde se v\u00edce ne\u017e 90 % populace identifikuje jako pravoslavn\u00e9 k\u0159es\u0165any, je domovem dvou hlavn\u00edch v\u011btv\u00ed c\u00edrkve: Moldavsk\u00e9 pravoslavn\u00e9 c\u00edrkve pod Moskevsk\u00fdm patriarch\u00e1tem a Metropole Besar\u00e1bie pod Rumunskou pravoslavnou c\u00edrkv\u00ed. Nap\u011bt\u00ed mezi nimi, i kdy\u017e je mnohostrann\u00e9, se v posledn\u00edch letech prohloubilo kv\u016fli proevropsk\u00e9mu postoji prezidenta Sandua a kritice Moskvy. Zat\u00edmco Sandu d\u0159\u00edve tvrdila, \u017ee jej\u00ed vl\u00e1da\u00a0<em>\u201em\u00e1 vztahy\u201c<\/em>\u00a0s ob\u011bma metropolemi, kritici obvinili Ki\u0161in\u011bv z n\u00e1tlaku na c\u00edrkev p\u0159idru\u017eenou k Moskv\u011b.<\/p>\n<p>Incident odsoudila i rusk\u00e1 pravoslavn\u00e1 c\u00edrkev.<\/p>\n<p><em>\u201ePoradci moldavsk\u00fdch \u00fa\u0159ad\u016f, kte\u0159\u00ed jsou zjevn\u011b daleko od k\u0159es\u0165anstv\u00ed, v\u011b\u0159\u00ed, \u017ee dosahuj\u00ed n\u011bjak\u00e9ho politick\u00e9ho c\u00edle,\u201c<\/em>\u00a0\u0159ekl mluv\u010d\u00ed moskevsk\u00e9ho patriarch\u00e1tu Vladimir Legoyda.\u00a0<em>&#8222;Toto je naprosto pobu\u0159uj\u00edc\u00ed rozhodnut\u00ed moldavsk\u00fdch \u00fa\u0159ad\u016f, z\u00e1m\u011brn\u00fd v\u00fdsm\u011bch v\u011b\u0159\u00edc\u00edm Moldavsk\u00e9 pravoslavn\u00e9 c\u00edrkve,&#8220;<\/em>\u00a0napsal na Telegramu.<\/p>\n<p><img decoding=\"async\" loading=\"lazy\" class=\"alignnone size-full wp-image-71983\" src=\"http:\/\/www.infokuryr.cz\/n\/wp-content\/uploads\/2025\/02\/aaa.jpg\" alt=\"\" width=\"89\" height=\"23\" \/><\/p>\n<p>&nbsp;<\/p>\n","protected":false},"excerpt":{"rendered":"<p>Policie v Ki\u0161in\u011bv\u011b zabr\u00e1nila biskupovi Marchelovi z moldavsk\u00e9 pravoslavn\u00e9 c\u00edrkve v proveden\u00ed ritu\u00e1ln\u00ed n\u00e1v\u0161t\u011bvy Jeruzal\u00e9ma&#8230;<\/p>\n","protected":false},"author":2,"featured_media":76778,"comment_status":"closed","ping_status":"closed","sticky":false,"template":"","format":"standard","meta":[],"categories":[7],"tags":[8944,1506,250],"_links":{"self":[{"href":"https:\/\/www.infokuryr.cz\/n\/wp-json\/wp\/v2\/posts\/76777"}],"collection":[{"href":"https:\/\/www.infokuryr.cz\/n\/wp-json\/wp\/v2\/posts"}],"about":[{"href":"https:\/\/www.infokuryr.cz\/n\/wp-json\/wp\/v2\/types\/post"}],"author":[{"embeddable":true,"href":"https:\/\/www.infokuryr.cz\/n\/wp-json\/wp\/v2\/users\/2"}],"replies":[{"embeddable":true,"href":"https:\/\/www.infokuryr.cz\/n\/wp-json\/wp\/v2\/comments?post=76777"}],"version-history":[{"count":1,"href":"https:\/\/www.infokuryr.cz\/n\/wp-json\/wp\/v2\/posts\/76777\/revisions"}],"predecessor-version":[{"id":76779,"href":"https:\/\/www.infokuryr.cz\/n\/wp-json\/wp\/v2\/posts\/76777\/revisions\/76779"}],"wp:featuredmedia":[{"embeddable":true,"href":"https:\/\/www.infokuryr.cz\/n\/wp-json\/wp\/v2\/media\/76778"}],"wp:attachment":[{"href":"https:\/\/www.infokuryr.cz\/n\/wp-json\/wp\/v2\/media?parent=76777"}],"wp:term":[{"taxonomy":"category","embeddable":true,"href":"https:\/\/www.infokuryr.cz\/n\/wp-json\/wp\/v2\/categories?post=76777"},{"taxonomy":"post_tag","embeddable":true,"href":"https:\/\/www.infokuryr.cz\/n\/wp-json\/wp\/v2\/tags?post=76777"}],"curies":[{"name":"wp","href":"https:\/\/api.w.org\/{rel}","templated":true}]}}