{"id":76759,"date":"2025-04-19T00:24:49","date_gmt":"2025-04-18T22:24:49","guid":{"rendered":"https:\/\/www.infokuryr.cz\/n\/?p=76759"},"modified":"2025-04-18T11:07:06","modified_gmt":"2025-04-18T09:07:06","slug":"ruska-pravoslavna-cirkev-odsoudila-moldavsko-za-to-ze-zablokovalo-biskupovu-velikonocni-cestu","status":"publish","type":"post","link":"https:\/\/www.infokuryr.cz\/n\/2025\/04\/19\/ruska-pravoslavna-cirkev-odsoudila-moldavsko-za-to-ze-zablokovalo-biskupovu-velikonocni-cestu\/","title":{"rendered":"Rusk\u00e1 pravoslavn\u00e1 c\u00edrkev odsoudila Moldavsko za to, \u017ee zablokovalo biskupovu velikono\u010dn\u00ed cestu"},"content":{"rendered":"<div id=\"fb-root\"><\/div>\n<h3>Moldavsk\u00e1 policie zastavila biskupovi cestu do Jeruzal\u00e9ma n\u011bkolik hodin p\u0159ed velikono\u010dn\u00edmi oslavami 20. dubna<\/h3>\n<p><span>Rusk\u00e1 pravoslavn\u00e1 c\u00edrkev odsoudila moldavsk\u00e9 \u00fa\u0159ady za to, \u017ee zablokovaly biskupovi cestu do Jeruzal\u00e9ma na ob\u0159ad \u201eSvat\u00fd ohe\u0148\u201c p\u0159ed pravoslavn\u00fdmi Velikonocemi 20. dubna. Mluv\u010d\u00ed patriarch\u00e1tu Vladimir Legoyda ozna\u010dil tento krok za\u00a0<\/span><em><span>\u201epobu\u0159uj\u00edc\u00ed\u201c<\/span><\/em><span>\u00a0a politicky motivovan\u00fd.<\/span><\/p>\n<p><span>Pravoslavn\u00ed k\u0159es\u0165an\u00e9 v\u011b\u0159\u00ed, \u017ee Svat\u00fd ohe\u0148 z\u00e1zra\u010dn\u011b sestupuje ka\u017ed\u00fd rok na B\u00edlou sobotu v kostele Bo\u017e\u00edho hrobu v Jeruzal\u00e9m\u011b, p\u0159edpokl\u00e1dan\u00e9m m\u00edst\u011b Kristova uk\u0159i\u017eov\u00e1n\u00ed a vzk\u0159\u00ed\u0161en\u00ed. Poutn\u00edci tradi\u010dn\u011b zapaluj\u00ed sv\u00ed\u010dky z plamene a p\u0159in\u00e1\u0161ej\u00ed je dom\u016f jako posv\u00e1tn\u00e9 relikvie.<\/span><\/p>\n<p><span>Biskup Marchel z moldavsk\u00e9 pravoslavn\u00e9 c\u00edrkve \u0159ekl, \u017ee policie jemu a dv\u011bma duchovn\u00edm zabr\u00e1nila nastoupit do letadla do Jeruzal\u00e9ma.\u00a0<\/span><em><span>&#8222;Nenechali n\u00e1s odlet\u011bt. Vyhl\u00e1sili p\u00e1tr\u00e1n\u00ed druh\u00e9 kategorie. Pot\u00e9 vydali protokol, \u017ee nic podez\u0159el\u00e9ho nebylo nalezeno ani zabaveno. Na\u0161e pasy byly vr\u00e1ceny 30 minut pot\u00e9, co letadlo odlet\u011blo,&#8220;<\/span><\/em><span>\u00a0\u0159ekl biskup ve \u010dtvrtek agentu\u0159e TASS.<\/span><\/p>\n<p><span>Legoyda tento krok odsoudil v p\u00e1te\u010dn\u00edm telegramu.\u00a0<\/span><em><span>&#8222;Toto je naprosto pobu\u0159uj\u00edc\u00ed rozhodnut\u00ed moldavsk\u00fdch \u00fa\u0159ad\u016f, z\u00e1m\u011brn\u00fd v\u00fdsm\u011bch v\u011b\u0159\u00edc\u00edm Moldavsk\u00e9 pravoslavn\u00e9 c\u00edrkve,&#8220;<\/span><\/em><span>\u00a0\u0159ekl.\u00a0<\/span><em><span>&#8222;P\u0159ipravit lidi o mo\u017enost dotknout se svat\u00e9 relikvie dovezen\u00e9 ze starov\u011bk\u00e9ho m\u011bsta Jeruzal\u00e9ma na B\u00edlou sobotu!&#8220;<\/span><\/em><\/p>\n<p><span>Obvinil moldavsk\u00e9 v\u016fdce z pou\u017e\u00edv\u00e1n\u00ed n\u00e1bo\u017eenstv\u00ed k politick\u00e9mu vlivu.\u00a0<\/span><em><span>&#8222;Poradci moldavsk\u00fdch \u00fa\u0159ad\u016f, kte\u0159\u00ed jsou zjevn\u011b daleko od k\u0159es\u0165anstv\u00ed, v\u011b\u0159\u00ed, \u017ee dosahuj\u00ed n\u011bjak\u00e9ho politick\u00e9ho c\u00edle. Mysl\u00edte si, \u017ee exkomunikujete lidi od Krista, zabr\u00e1n\u00edte jim radovat se z velikono\u010dn\u00edch sv\u00e1tk\u016f? Jak \u0159ekl prorok David, padnete do t\u00e9 j\u00e1my, kterou kopete pro druh\u00e9.&#8220;<\/span><\/em><\/p>\n<p><span>Moldavsko \u010delilo n\u00e1bo\u017eensk\u00e9mu nap\u011bt\u00ed mezi dv\u011bma hlavn\u00edmi pravoslavn\u00fdmi frakcemi: Moldavskou pravoslavnou c\u00edrkv\u00ed, kter\u00e1 je p\u0159idru\u017eena k Moskevsk\u00e9mu patriarch\u00e1tu, a Metropol\u00ed Besar\u00e1bie pod rumunskou pravoslavnou c\u00edrkv\u00ed. Uprost\u0159ed rostouc\u00edho geopolitick\u00e9ho nap\u011bt\u00ed s Ruskem proevropsk\u00e1 vl\u00e1da v Ki\u0161in\u011bv\u011b z velk\u00e9 \u010d\u00e1sti podpo\u0159ila metropoli spojenou s Rumunskem.<\/span><\/p>\n<p><span>B\u00fdval\u00fd moldavsk\u00fd prezident Igor Dodon ji\u017e d\u0159\u00edve obvinil Ki\u0161in\u011bv z n\u00e1tlaku na moldavskou pravoslavnou c\u00edrkev ve snaze p\u0159ev\u00e9st ji pod rumunskou jurisdikci. Loni poslanec Vasile Soimaru nazna\u010dil, \u017ee vl\u00e1da m\u00e1 v \u00famyslu\u00a0<\/span><em><span>\u201eodsoudit\u201c<\/span><\/em><span>\u00a0moldavskou pravoslavnou c\u00edrkev a tvrd\u00ed, \u017ee pl\u00e1nuje n\u00e1sledovat p\u0159\u00edklad Ukrajiny, kter\u00e1 loni postavila mimo z\u00e1kon kanonickou ukrajinskou pravoslavnou c\u00edrkev p\u0159idru\u017eenou k Moskv\u011b. Moldavsk\u00e1 prezidentka Maia Sandu v\u0161ak pozd\u011bji toto tvrzen\u00ed pop\u0159ela s t\u00edm, \u017ee jej\u00ed vl\u00e1da\u00a0<\/span><em><span>\u201em\u00e1 vztahy\u201c<\/span><\/em><span>\u00a0s ob\u011bma pravoslavn\u00fdmi metropolemi.<\/span><\/p>\n<p><img decoding=\"async\" loading=\"lazy\" class=\"alignnone size-full wp-image-71983\" src=\"http:\/\/www.infokuryr.cz\/n\/wp-content\/uploads\/2025\/02\/aaa.jpg\" alt=\"\" width=\"89\" height=\"23\" \/><\/p>\n<p>&nbsp;<\/p>\n","protected":false},"excerpt":{"rendered":"<p>Moldavsk\u00e1 policie zastavila biskupovi cestu do Jeruzal\u00e9ma n\u011bkolik hodin p\u0159ed velikono\u010dn\u00edmi oslavami 20. dubna Rusk\u00e1&#8230;<\/p>\n","protected":false},"author":2,"featured_media":31746,"comment_status":"closed","ping_status":"closed","sticky":false,"template":"","format":"standard","meta":[],"categories":[7],"tags":[2039,1506,250,1757],"_links":{"self":[{"href":"https:\/\/www.infokuryr.cz\/n\/wp-json\/wp\/v2\/posts\/76759"}],"collection":[{"href":"https:\/\/www.infokuryr.cz\/n\/wp-json\/wp\/v2\/posts"}],"about":[{"href":"https:\/\/www.infokuryr.cz\/n\/wp-json\/wp\/v2\/types\/post"}],"author":[{"embeddable":true,"href":"https:\/\/www.infokuryr.cz\/n\/wp-json\/wp\/v2\/users\/2"}],"replies":[{"embeddable":true,"href":"https:\/\/www.infokuryr.cz\/n\/wp-json\/wp\/v2\/comments?post=76759"}],"version-history":[{"count":0,"href":"https:\/\/www.infokuryr.cz\/n\/wp-json\/wp\/v2\/posts\/76759\/revisions"}],"wp:featuredmedia":[{"embeddable":true,"href":"https:\/\/www.infokuryr.cz\/n\/wp-json\/wp\/v2\/media\/31746"}],"wp:attachment":[{"href":"https:\/\/www.infokuryr.cz\/n\/wp-json\/wp\/v2\/media?parent=76759"}],"wp:term":[{"taxonomy":"category","embeddable":true,"href":"https:\/\/www.infokuryr.cz\/n\/wp-json\/wp\/v2\/categories?post=76759"},{"taxonomy":"post_tag","embeddable":true,"href":"https:\/\/www.infokuryr.cz\/n\/wp-json\/wp\/v2\/tags?post=76759"}],"curies":[{"name":"wp","href":"https:\/\/api.w.org\/{rel}","templated":true}]}}