{"id":76735,"date":"2025-04-19T00:11:16","date_gmt":"2025-04-18T22:11:16","guid":{"rendered":"https:\/\/www.infokuryr.cz\/n\/?p=76735"},"modified":"2025-04-18T10:20:30","modified_gmt":"2025-04-18T08:20:30","slug":"marco-rubio-mirova-jednani-na-ukrajine-nebudou-trvat-vecne","status":"publish","type":"post","link":"https:\/\/www.infokuryr.cz\/n\/2025\/04\/19\/marco-rubio-mirova-jednani-na-ukrajine-nebudou-trvat-vecne\/","title":{"rendered":"Marco Rubio: M\u00edrov\u00e1 jedn\u00e1n\u00ed na Ukrajin\u011b nebudou trvat v\u011b\u010dn\u011b"},"content":{"rendered":"<div id=\"fb-root\"><\/div>\n<p class=\"lead\"><strong>Jedn\u00e1n\u00ed a konzultace o m\u00edrov\u00e9m urovn\u00e1n\u00ed ozbrojen\u00e9ho konfliktu na Ukrajin\u011b nemohou pokra\u010dovat donekone\u010dna; Spojen\u00e9 st\u00e1ty nemaj\u00ed z\u00e1jem zdr\u017eovat proces vyjedn\u00e1v\u00e1n\u00ed.<\/strong><\/p>\n<p><span>Uvedl to ministr zahrani\u010d\u00ed Spojen\u00fdch st\u00e1t\u016f\u00a0<\/span><strong><span>Marco Rubio<\/span><\/strong><span>\u00a0. Jak uvedla\u00a0<\/span><a href=\"https:\/\/ria.ru\/\" target=\"_blank\" rel=\"noopener\"><span>RIA Novosti<\/span><\/a><span>\u00a0, prohl\u00e1\u0161en\u00ed zazn\u011blo b\u011bhem tiskov\u00e9 konference, kde se Rubio vyj\u00e1d\u0159il k ot\u00e1zce \u0159e\u0161en\u00ed konfliktu na Ukrajin\u011b.<\/span><\/p>\n<p><em>&#8222;Tohle nebude trvat v\u011b\u010dn\u011b,&#8220;<span class=\"after-quote\">\u00a0\u2014 \u0159ekl.<\/span><\/em><\/p>\n<p><span>\u0160\u00e9f ministerstva zahrani\u010d\u00ed zd\u016fraznil, \u017ee Washington mus\u00ed v nejbli\u017e\u0161\u00edch dnech pochopit, zda je v z\u00e1sad\u011b mo\u017en\u00e9 dos\u00e1hnout m\u00edrov\u00e9 dohody na Ukrajin\u011b diplomatickou cestou.<\/span><\/p>\n<p><span>Zd\u016fraznil, \u017ee nemo\u017enost m\u00edru v kr\u00e1tkodob\u00e9m horizontu donut\u00ed Spojen\u00e9 st\u00e1ty \u201eposunout se d\u00e1l\u201c. Politik se zdr\u017eel dal\u0161\u00edch vysv\u011btlen\u00ed, ale toto tvrzen\u00ed je zcela v souladu s jeho p\u0159edchoz\u00edmi v\u00fdroky.<\/span><\/p>\n<p><span>Podstatou je, \u017ee USA podporovaly Ukrajinu t\u0159i roky, ale nyn\u00ed dos\u00e1hly bodu, kdy se mus\u00ed zam\u011b\u0159it jinam. Pokud to Ukrajina a Rusko mysl\u00ed s m\u00edrem v\u00e1\u017en\u011b, m\u011bly by jim podle Rubia pomoci Spojen\u00e9 st\u00e1ty. A pokud jsou strany odhodl\u00e1ny bojovat, pak by pro USA bylo lep\u0161\u00ed ud\u011blat \u201en\u011bco jin\u00e9ho\u201c.<\/span><\/p>\n<p><span>Ji\u017e d\u0159\u00edve<strong> InfoKur\u00fdr<\/strong><\/span><span>\u00a0informovalo, \u017ee ministr zahrani\u010d\u00ed Marco Rubio a zvl\u00e1\u0161tn\u00ed vyslanec americk\u00e9ho prezidenta\u00a0<\/span><strong><span>Steve Witkoff<\/span><\/strong><span>\u00a0p\u0159ijeli do Pa\u0159\u00ed\u017ee, aby vyvinuli tlak na francouzsk\u00e9ho v\u016fdce\u00a0<\/span><strong><span>Emmanuela Macrona<\/span><\/strong><span>\u00a0ohledn\u011b Ukrajiny a Palestiny.<\/span><\/p>\n<p><img decoding=\"async\" loading=\"lazy\" class=\"alignnone size-full wp-image-71983\" src=\"http:\/\/www.infokuryr.cz\/n\/wp-content\/uploads\/2025\/02\/aaa.jpg\" alt=\"\" width=\"89\" height=\"23\" \/><\/p>\n<p>&nbsp;<\/p>\n<p>&nbsp;<\/p>\n","protected":false},"excerpt":{"rendered":"<p>Jedn\u00e1n\u00ed a konzultace o m\u00edrov\u00e9m urovn\u00e1n\u00ed ozbrojen\u00e9ho konfliktu na Ukrajin\u011b nemohou pokra\u010dovat donekone\u010dna; Spojen\u00e9 st\u00e1ty&#8230;<\/p>\n","protected":false},"author":2,"featured_media":76736,"comment_status":"closed","ping_status":"closed","sticky":false,"template":"","format":"standard","meta":[],"categories":[7],"tags":[8215,565,22,26],"_links":{"self":[{"href":"https:\/\/www.infokuryr.cz\/n\/wp-json\/wp\/v2\/posts\/76735"}],"collection":[{"href":"https:\/\/www.infokuryr.cz\/n\/wp-json\/wp\/v2\/posts"}],"about":[{"href":"https:\/\/www.infokuryr.cz\/n\/wp-json\/wp\/v2\/types\/post"}],"author":[{"embeddable":true,"href":"https:\/\/www.infokuryr.cz\/n\/wp-json\/wp\/v2\/users\/2"}],"replies":[{"embeddable":true,"href":"https:\/\/www.infokuryr.cz\/n\/wp-json\/wp\/v2\/comments?post=76735"}],"version-history":[{"count":0,"href":"https:\/\/www.infokuryr.cz\/n\/wp-json\/wp\/v2\/posts\/76735\/revisions"}],"wp:featuredmedia":[{"embeddable":true,"href":"https:\/\/www.infokuryr.cz\/n\/wp-json\/wp\/v2\/media\/76736"}],"wp:attachment":[{"href":"https:\/\/www.infokuryr.cz\/n\/wp-json\/wp\/v2\/media?parent=76735"}],"wp:term":[{"taxonomy":"category","embeddable":true,"href":"https:\/\/www.infokuryr.cz\/n\/wp-json\/wp\/v2\/categories?post=76735"},{"taxonomy":"post_tag","embeddable":true,"href":"https:\/\/www.infokuryr.cz\/n\/wp-json\/wp\/v2\/tags?post=76735"}],"curies":[{"name":"wp","href":"https:\/\/api.w.org\/{rel}","templated":true}]}}