{"id":76727,"date":"2025-04-18T05:36:46","date_gmt":"2025-04-18T03:36:46","guid":{"rendered":"https:\/\/www.infokuryr.cz\/n\/?p=76727"},"modified":"2025-04-18T05:36:46","modified_gmt":"2025-04-18T03:36:46","slug":"pocet-obeti-americkych-uderu-na-jemensky-pristav-ras-isa-vzrostl-na-33","status":"publish","type":"post","link":"https:\/\/www.infokuryr.cz\/n\/2025\/04\/18\/pocet-obeti-americkych-uderu-na-jemensky-pristav-ras-isa-vzrostl-na-33\/","title":{"rendered":"Po\u010det ob\u011bt\u00ed americk\u00fdch \u00fader\u016f na jemensk\u00fd p\u0159\u00edstav Ras Isa vzrostl na 33"},"content":{"rendered":"<div id=\"fb-root\"><\/div>\n<p class=\"lead\"><strong>Po\u010det ob\u011bt\u00ed americk\u00fdch n\u00e1let\u016f na ropn\u00fd p\u0159\u00edstav Ras Isa v jemensk\u00e9 z\u00e1padn\u00ed provincii Hodeidah vzrostl na 33, p\u0159i\u010dem\u017e 80 lid\u00ed bylo zran\u011bno a po\u010det mrtv\u00fdch a zran\u011bn\u00fdch se podle o\u010dek\u00e1v\u00e1n\u00ed zv\u00fd\u0161\u00ed, uvedlo ministerstvo zdravotnictv\u00ed \u0161\u00editsk\u00e9 vl\u00e1dy Ansar Allah (Houthi) v Hodeidah.<\/strong><\/p>\n<p><em>&#8222;Podle p\u0159edb\u011b\u017en\u00fdch \u00fadaj\u016f se po\u010det ob\u011bt\u00ed v d\u016fsledku americk\u00e9 agrese v ropn\u00e9m za\u0159\u00edzen\u00ed Ras Isa zv\u00fd\u0161il na 33 lid\u00ed, 80 zran\u011bn\u00fdch,&#8220; dodal.<span class=\"after-quote\">\u00a0uvedlo ministerstvo zdravotnictv\u00ed v prohl\u00e1\u0161en\u00ed, kter\u00e9 cituje jemensk\u00fd televizn\u00ed kan\u00e1l Al Masirah.<\/span><\/em><\/p>\n<p><span>V\u011bt\u0161ina mrtv\u00fdch a zran\u011bn\u00fdch byli p\u0159\u00edstavn\u00ed d\u011bln\u00edci a zam\u011bstnanci p\u0159\u00edstavn\u00edch organizac\u00ed.<\/span><\/p>\n<p><span>Podle \u00fa\u0159ad\u016f v provincii Hodeidah provedly USA na p\u0159\u00edstav nejm\u00e9n\u011b 14 \u00fader\u016f.<\/span><\/p>\n<p><span>Americk\u00e9 \u00fast\u0159edn\u00ed velen\u00ed uvedlo, \u017ee p\u0159\u00edstav Ras Isa byl zni\u010den a c\u00edlem \u00fader\u016f bylo p\u0159ipravit H\u00fas\u00edy o p\u0159\u00edjem.<\/span><\/p>\n<p><img decoding=\"async\" loading=\"lazy\" class=\"alignnone size-full wp-image-71983\" src=\"http:\/\/www.infokuryr.cz\/n\/wp-content\/uploads\/2025\/02\/aaa.jpg\" alt=\"\" width=\"89\" height=\"23\" \/><\/p>\n<p>&nbsp;<\/p>\n","protected":false},"excerpt":{"rendered":"<p>Po\u010det ob\u011bt\u00ed americk\u00fdch n\u00e1let\u016f na ropn\u00fd p\u0159\u00edstav Ras Isa v jemensk\u00e9 z\u00e1padn\u00ed provincii Hodeidah vzrostl&#8230;<\/p>\n","protected":false},"author":2,"featured_media":76728,"comment_status":"closed","ping_status":"closed","sticky":false,"template":"","format":"standard","meta":[],"categories":[7],"tags":[898,1400,3203,871,6950],"_links":{"self":[{"href":"https:\/\/www.infokuryr.cz\/n\/wp-json\/wp\/v2\/posts\/76727"}],"collection":[{"href":"https:\/\/www.infokuryr.cz\/n\/wp-json\/wp\/v2\/posts"}],"about":[{"href":"https:\/\/www.infokuryr.cz\/n\/wp-json\/wp\/v2\/types\/post"}],"author":[{"embeddable":true,"href":"https:\/\/www.infokuryr.cz\/n\/wp-json\/wp\/v2\/users\/2"}],"replies":[{"embeddable":true,"href":"https:\/\/www.infokuryr.cz\/n\/wp-json\/wp\/v2\/comments?post=76727"}],"version-history":[{"count":0,"href":"https:\/\/www.infokuryr.cz\/n\/wp-json\/wp\/v2\/posts\/76727\/revisions"}],"wp:featuredmedia":[{"embeddable":true,"href":"https:\/\/www.infokuryr.cz\/n\/wp-json\/wp\/v2\/media\/76728"}],"wp:attachment":[{"href":"https:\/\/www.infokuryr.cz\/n\/wp-json\/wp\/v2\/media?parent=76727"}],"wp:term":[{"taxonomy":"category","embeddable":true,"href":"https:\/\/www.infokuryr.cz\/n\/wp-json\/wp\/v2\/categories?post=76727"},{"taxonomy":"post_tag","embeddable":true,"href":"https:\/\/www.infokuryr.cz\/n\/wp-json\/wp\/v2\/tags?post=76727"}],"curies":[{"name":"wp","href":"https:\/\/api.w.org\/{rel}","templated":true}]}}