{"id":76724,"date":"2025-04-18T04:49:08","date_gmt":"2025-04-18T02:49:08","guid":{"rendered":"https:\/\/www.infokuryr.cz\/n\/?p=76724"},"modified":"2025-04-18T06:05:51","modified_gmt":"2025-04-18T04:05:51","slug":"martina-roulichova-za-koho-nebo-za-co-mame-bojovat-v-evrope-nezustalo-uz-nic-co-by-stalo-za-obranu","status":"publish","type":"post","link":"https:\/\/www.infokuryr.cz\/n\/2025\/04\/18\/martina-roulichova-za-koho-nebo-za-co-mame-bojovat-v-evrope-nezustalo-uz-nic-co-by-stalo-za-obranu\/","title":{"rendered":"Martina Roulichov\u00e1: Za koho nebo za co m\u00e1me bojovat? V Evrop\u011b nez\u016fstalo u\u017e nic, co by st\u00e1lo za obranu"},"content":{"rendered":"<div id=\"fb-root\"><\/div>\n<p>T\u0159i roky poslouch\u00e1me, \u017ee Ukrajina bojuje i za &#8222;n\u00e1s&#8220;, za st\u00e1ty EU, za svobodu a demokracii, \u017ee jsme ve v\u00e1lce a na\u0161\u00ed povinnost\u00ed je Ukrajinu podpo\u0159it vojensky, finan\u010dn\u011b, dal\u0161\u00edmi sankcemi proti Rusku, kter\u00e9 ale po\u0161kozuj\u00ed ve velk\u00e9 m\u00ed\u0159e ekonomiku EU a i samotn\u00e9 ob\u010dany \u010dlensk\u00fdch st\u00e1t\u016f EU.<\/p>\n<p>Za cel\u00e9 ty t\u0159i roky nezazn\u011blo od \u010dlen\u016f EK jedin\u00e9 slovo o tom, \u017ee by se m\u011blo naj\u00edt n\u011bjak\u00e9 m\u00edrov\u00e9 \u0159e\u0161en\u00ed. Naopak se d\u00e1l podporovalo zab\u00edjen\u00ed nevinn\u00fdch lid\u00ed.<\/p>\n<p>EK zaj\u00edmalo jedin\u00e9 &#8211; Ukrajina, Green Deal, woke a gender fantasmagorie a uml\u010dov\u00e1n\u00ed lid\u00ed s jin\u00fdm n\u00e1zorem &#8211; sanit\u00e1rn\u00ed kord\u00f3n, cenzura a v neposledn\u00ed \u0159ad\u011b zneu\u017eit\u00ed justice k politick\u00e9 likvidaci opozice. Naprost\u00e1 ignorace v\u016fle voli\u010d\u016f.<\/p>\n<p>To ale u\u017e nesta\u010d\u00ed. S n\u00e1stupem Trumpa a s &#8222;hrozbou&#8220; uzav\u0159en\u00ed jak\u00e9koli m\u00edrov\u00e9 dohody, EU je\u0161t\u011b v\u00edc tla\u010d\u00ed na pilu, chce zbrojit, chrastit zbran\u011bmi, v\u00e1l\u010dit a je\u0161t\u011b v\u00edc zadlu\u017eovat \u010dlensk\u00e9 st\u00e1ty a jejich ob\u010dany.<\/p>\n<p>Zat\u00edm EK a jej\u00ed dikt\u00e1torka von der Leyen ob\u011btovaly pro jejich utopii pr\u016fmysl, ekonomiku, svobodu, demokracii, suverenitu jednotliv\u00fdch \u010dlensk\u00fdch st\u00e1t\u016f, blahobyt a \u017eivotn\u00ed \u00farove\u0148 jejich obyvatel.<\/p>\n<p>Co bude n\u00e1sledovat? Co ob\u011btuj\u00ed te\u010f? U\u017e jim nic moc nezb\u00fdv\u00e1, co by mohli Ukrajin\u011b nab\u00eddnout, jen fyzickou s\u00edlu.<\/p>\n<p>Premi\u00e9r UK Starmer a francouzsk\u00fd prezident Macron jsou u\u017e pevn\u011b rozhodnuti, n\u011bmeck\u00fd zat\u00edm premi\u00e9r Scholz zat\u00edm v\u00e1h\u00e1, zat\u00edm co \u010desk\u00fd premi\u00e9r Fiala a \u010desk\u00fd prezident Pavel v tom maj\u00ed jasno a v\u011b\u0159\u00ed, \u017ee \u010de\u0161t\u00ed ob\u010dan\u00e9 by v p\u0159\u00edpad\u011b pot\u0159eby vzali zbran\u011b a \u0161li bojovat za EU, svou zemi a jejich hodnoty.<\/p>\n<p>A j\u00e1 se pt\u00e1m: &#8222;ZA KOHO NEBO ZA CO M\u00c1ME BOJOVAT?!&#8220;<\/p>\n<p>V\u0161ude sly\u0161\u00edme hloup\u00e9 tlach\u00e1n\u00ed, \u017ee mus\u00edme br\u00e1nit &#8222;na\u0161i zemi&#8220;.<\/p>\n<p>Kterou zemi maj\u00ed vlastn\u011b na mysli a je to v\u016fbec je\u0161t\u011b na\u0161e zem\u011b? Nebo se t\u00edm mysl\u00ed EU? Co p\u0159esn\u011b tedy m\u00e1me br\u00e1nit a hlavn\u011b koho!?<\/p>\n<p>Miliony Ukrajinc\u016f nebo miliony Afgh\u00e1nc\u016f, Sy\u0159an\u016f, Ir\u00e1\u010dan\u016f, Maro\u010dan\u016f, \u00cdr\u00e1nc\u016f, Tunisan\u016f, Muslim\u016f, kte\u0159\u00ed opustili sv\u00e9 zem\u011b, a kte\u0159\u00ed ka\u0161lou na na\u0161i kulturu, n\u00e1bo\u017eenstv\u00ed a hodnoty, pro kter\u00e9 jsme jen ob\u011btmi a lovnou zv\u011b\u0159\u00ed, kte\u0159\u00ed t\u00e1hnou ulicemi v evropsk\u00fdch m\u011bstech a po\u017eaduj\u00ed chal\u00edf\u00e1t? M\u00e1me br\u00e1nit vrahy, kte\u0159\u00ed zn\u00e1sil\u0148uj\u00ed evropsk\u00e9 \u017eeny a d\u011bti, vra\u017ed\u00ed lidi a p\u00e1chaj\u00ed teroristick\u00e9 \u00fatoky?<\/p>\n<p>Ty m\u00e1me br\u00e1nit?! Ty miliony bojeschopn\u00fdch mu\u017e\u016f, co by mohli br\u00e1nit sv\u00e9 zem\u011b, ale rad\u0161i utekli a schov\u00e1vaj\u00ed se v zem\u00edch EU na na\u0161e n\u00e1klady? Opravdu kv\u016fli takov\u00fdm maj\u00ed um\u00edrat na\u0161i d\u011bdov\u00e9, otcov\u00e9 a synov\u00e9?<\/p>\n<p>Nebo snad m\u00e1me br\u00e1nit m\u00e9dia, kte\u0159\u00ed tuto v\u00e1le\u010dnou propagandu \u017eiv\u00ed?<\/p>\n<p>Nebo snad vl\u00e1dn\u00ed elity EU a nyn\u011bj\u0161\u00ed vl\u00e1dn\u00ed politiky jednotliv\u00fdch \u010dlensk\u00fdch zem\u00ed, kte\u0159\u00ed pou\u0161t\u00ed do EU na\u0161e vrahy a vym\u00fd\u0161l\u00ed ka\u017ed\u00fd den nov\u00e9 nesmysln\u00e9 p\u0159edpisy? Politiky, kte\u0159\u00ed n\u00e1m p\u0159ed volbami slibuj\u00ed a l\u017eou a po volb\u00e1ch d\u011blaj\u00ed opak? Kte\u0159\u00ed pl\u00fdtvaj\u00ed na\u0161imi pen\u011bzi z dan\u00ed po cel\u00e9m sv\u011bt\u011b, ni\u010d\u00ed na\u0161i ekonomiku a nechaj\u00ed na\u0161i infrastrukturu hn\u00edt, nemaj\u00ed pen\u00edze pro d\u016fchodce, opravdu soci\u00e1ln\u011b slab\u00e9 ob\u010dany, matky a i otce samo\u017eivitele, ale sob\u011b zvy\u0161uj\u00ed platy, diety a jin\u00e9 n\u00e1hrady na maximum, zat\u00edmco oby\u010dejn\u00fd \u010dlov\u011bk sotva v\u00ed, jak u\u017eivit rodinu a platit \u00fa\u010dty?<\/p>\n<p>Nebo ty woke a genderov\u00e9 pomatence, kte\u0159\u00ed cht\u011bj\u00ed ka\u017ed\u00fd den oslovovat jinak?<\/p>\n<p>Nebo zdravotn\u00ed poji\u0161\u0165ovny a soukrom\u00e9 l\u00e9ka\u0159sk\u00e9 praxe, kter\u00e9 o\u0161et\u0159uj\u00ed p\u0159ednostn\u011b migranty a plat\u00ed jim komplexn\u00ed l\u00e9ka\u0159skou p\u00e9\u010di, v\u010detn\u011b opera\u010dn\u00edch z\u00e1krok\u016f a zuba\u0159e?<\/p>\n<p>Nebo v\u0161echna ta nemaka\u010denka, co roky parazituj\u00ed na pracuj\u00edc\u00edch ob\u010danech?<\/p>\n<p>TOHLE V\u0160ECHNO M\u00c1ME BR\u00c1NIT, OPRAVDU?<\/p>\n<p>Opravdu jsou na\u0161e zem\u011b je\u0161t\u011b na\u0161e, nebo to jsou prost\u011b jen m\u00edsta, kde bydl\u00edme, pracujeme a plat\u00edme dan\u011b, aby z nich n\u011bkdo jin\u00fd pohodln\u011b \u017eil?<\/p>\n<p>V n\u011bkter\u00fdch zem\u00edch EU je je\u0161t\u011b malink\u00fd zbyte\u010dek, kter\u00fd mo\u017en\u00e1 za boj a z\u00e1chranu stoj\u00ed &#8211; V4. Ale zbytek?<\/p>\n<p>Za t\u011bchto podm\u00ednek t\u011b\u017eko bude n\u011bkdo vstupovat dobrovoln\u011b do arm\u00e1dy, hrd\u011b nosit uniformu a br\u00e1nit tyto utopick\u00e9 nesmysly a hodnoty.<\/p>\n<p>Ano, budeme bojovat za sv\u00e9 rodiny, ale ne za politick\u00e9 z\u00e1jmy, nejsme \u017eold\u00e1ci!<\/p>\n<p id=\"\u00abr1p\u00bb\" class=\"html-h3 x11i5rnm xat24cr x1mh8g0r xexx8yu x4uap5 x18d9i69 xkhd6sd x1vvkbs x1heor9g x1qlqyl8 x1pd3egz x1a2a7pz x1gslohp x1yc453h\"><a href=\"https:\/\/www.facebook.com\/martina.roulichova\/posts\/9369362489855849\"><em><span class=\"x193iq5w xeuugli x13faqbe x1vvkbs x1xmvt09 x6prxxf xvq8zen xo1l8bm xi81zsa\"><span class=\"xt0psk2\"><span class=\"xjp7ctv\">Martina Roulichov\u00e1<\/span><\/span><\/span><\/em><\/a><\/p>\n<p>&nbsp;<\/p>\n<p>&nbsp;<\/p>\n","protected":false},"excerpt":{"rendered":"<p>T\u0159i roky poslouch\u00e1me, \u017ee Ukrajina bojuje i za &#8222;n\u00e1s&#8220;, za st\u00e1ty EU, za svobodu a&#8230;<\/p>\n","protected":false},"author":2,"featured_media":69137,"comment_status":"closed","ping_status":"closed","sticky":false,"template":"","format":"standard","meta":[],"categories":[6],"tags":[41,283,2838,1503,26],"_links":{"self":[{"href":"https:\/\/www.infokuryr.cz\/n\/wp-json\/wp\/v2\/posts\/76724"}],"collection":[{"href":"https:\/\/www.infokuryr.cz\/n\/wp-json\/wp\/v2\/posts"}],"about":[{"href":"https:\/\/www.infokuryr.cz\/n\/wp-json\/wp\/v2\/types\/post"}],"author":[{"embeddable":true,"href":"https:\/\/www.infokuryr.cz\/n\/wp-json\/wp\/v2\/users\/2"}],"replies":[{"embeddable":true,"href":"https:\/\/www.infokuryr.cz\/n\/wp-json\/wp\/v2\/comments?post=76724"}],"version-history":[{"count":0,"href":"https:\/\/www.infokuryr.cz\/n\/wp-json\/wp\/v2\/posts\/76724\/revisions"}],"wp:featuredmedia":[{"embeddable":true,"href":"https:\/\/www.infokuryr.cz\/n\/wp-json\/wp\/v2\/media\/69137"}],"wp:attachment":[{"href":"https:\/\/www.infokuryr.cz\/n\/wp-json\/wp\/v2\/media?parent=76724"}],"wp:term":[{"taxonomy":"category","embeddable":true,"href":"https:\/\/www.infokuryr.cz\/n\/wp-json\/wp\/v2\/categories?post=76724"},{"taxonomy":"post_tag","embeddable":true,"href":"https:\/\/www.infokuryr.cz\/n\/wp-json\/wp\/v2\/tags?post=76724"}],"curies":[{"name":"wp","href":"https:\/\/api.w.org\/{rel}","templated":true}]}}