{"id":76699,"date":"2025-04-18T00:36:52","date_gmt":"2025-04-17T22:36:52","guid":{"rendered":"https:\/\/www.infokuryr.cz\/n\/?p=76699"},"modified":"2025-04-17T17:30:09","modified_gmt":"2025-04-17T15:30:09","slug":"chris-hedges-izrael-se-chysta-vyprazdnit-gazu","status":"publish","type":"post","link":"https:\/\/www.infokuryr.cz\/n\/2025\/04\/18\/chris-hedges-izrael-se-chysta-vyprazdnit-gazu\/","title":{"rendered":"Chris Hedges: Izrael se chyst\u00e1 vypr\u00e1zdnit Gazu"},"content":{"rendered":"<div id=\"fb-root\"><\/div>\n<div class=\"elementor-element elementor-element-1fb4c2c elementor-widget elementor-widget-theme-post-content\" data-id=\"1fb4c2c\" data-element_type=\"widget\" data-widget_type=\"theme-post-content.default\">\n<div class=\"elementor-widget-container\">\n<p><em><span>Washington (Scheerpost)<\/span><\/em><span>\u00a0\u2013 Izrael je na pokraji uskute\u010dn\u011bn\u00ed nejv\u011bt\u0161\u00ed etnick\u00e9 \u010distky od konce druh\u00e9 sv\u011btov\u00e9 v\u00e1lky. Od 2. b\u0159ezna izraelsk\u00e1 arm\u00e1da zablokovala p\u0159\u00edstup k potravin\u00e1m a humanit\u00e1rn\u00ed pomoci do Gazy a p\u0159eru\u0161ila dod\u00e1vky elekt\u0159iny, \u010d\u00edm\u017e vy\u0159adila z provozu posledn\u00ed odsolovac\u00ed za\u0159\u00edzen\u00ed. Izrael obsadil polovinu \u00fazem\u00ed a prohl\u00e1sil dv\u011b t\u0159etiny p\u00e1sma Gazy za \u201eno-go z\u00f3nu\u201c, v\u010detn\u011b Raf\u00e1hu, kter\u00fd je v sou\u010dasnosti obkl\u00ed\u010den izraelsk\u00fdmi voj\u00e1ky.<\/span><\/p>\n<p><span>V p\u00e1tek ministr obrany Israel Katz \u0159ekl, \u017ee \u201ezes\u00edl\u00ed\u201c v\u00e1lku proti Ham\u00e1su a \u201evyvinou ve\u0161ker\u00fd vojensk\u00fd a civiln\u00ed tlak, v\u010detn\u011b evakuace obyvatelstva v ji\u017en\u00ed Gaze a proveden\u00ed pl\u00e1nu dobrovoln\u00e9ho exodu navr\u017een\u00e9ho [Donaldem] Trumpem\u201c.<\/span><\/p>\n<p><span>Od t\u00e9 doby, co Izrael 18. b\u0159ezna jednostrann\u011b ukon\u010dil p\u0159\u00edm\u011b\u0159\u00ed \u2013 kter\u00e9 nikdy nedodr\u017eel \u2013 Izrael nep\u0159etr\u017eit\u011b bombarduje civiln\u00ed obyvatelstvo. Podle palestinsk\u00e9ho ministerstva zdravotnictv\u00ed bylo zabito p\u0159es 1400 lid\u00ed a v\u00edce ne\u017e 3600 zran\u011bno. OSN uv\u00e1d\u00ed pr\u016fm\u011brn\u011b sto zabit\u00fdch d\u011bt\u00ed ka\u017ed\u00fd den. Izrael z\u00e1rove\u0148 rozdm\u00fdch\u00e1v\u00e1 nap\u011bt\u00ed s Egyptem, pravd\u011bpodobn\u011b proto, aby vytvo\u0159il podm\u00ednky pro masov\u00e9 vys\u00eddlen\u00ed na Sinaji.<\/span><\/p>\n<p><span>Ministr financ\u00ed Bezalel Smotrich prohl\u00e1sil, \u017ee blok\u00e1da nebude zru\u0161ena, dokud nebude Ham\u00e1s pora\u017een a 59 izraelsk\u00fdch rukojm\u00edch propu\u0161t\u011bno: &#8222;Do Gazy nedoraz\u00ed ani zrnko p\u0161enice.&#8220;<\/span><\/p>\n<p><span>Nikdo v regionu nev\u011b\u0159\u00ed, \u017ee se Ham\u00e1s vzd\u00e1.<\/span><\/p>\n<p><strong><span>Ot\u00e1zkou u\u017e nen\u00ed zda, ale kdy a kam budou Palestinci deportov\u00e1ni.<\/span><\/strong><\/p>\n<p><span>Zd\u00e1 se, \u017ee izraelsk\u00e9 veden\u00ed v\u00e1h\u00e1 mezi vyhn\u00e1n\u00edm do Egypta nebo p\u0159es\u00eddlen\u00edm do Afriky. USA a Izrael jednaly se S\u00fad\u00e1nem, Som\u00e1lskem a Somalilandem.<\/span><\/p>\n<p><span>Takov\u00fd akt etnick\u00fdch \u010distek by destabilizoval region, podn\u00edtil protesty v arabsk\u00fdch zem\u00edch a zcela naru\u0161il vztahy Izraele s Jord\u00e1nskem a Egyptem.<\/span><\/p>\n<p><span>Diplomatick\u00e9 vztahy jsou na nejni\u017e\u0161\u00ed \u00farovni od Camp Davidu v roce 1979. Izraelsk\u00e9 ambas\u00e1dy v K\u00e1hi\u0159e a Amm\u00e1nu byly fakticky evakuov\u00e1ny. Egypt nep\u0159ijal ur\u010den\u00e9ho velvyslance Uriho Rothmana a nejmenoval nov\u00e9ho vlastn\u00edho velvyslance.<\/span><\/p>\n<p><span>Izrael obvi\u0148uje Egypt z poru\u0161en\u00ed smlouvy vojenskou \u010dinnost\u00ed na Sinaji \u2013 obvin\u011bn\u00ed, kter\u00e1 Egypt odm\u00edt\u00e1. Izrael v\u0161ak s\u00e1m dohodu poru\u0161il t\u00edm, \u017ee obsadil Filadelfsk\u00fd koridor pod\u00e9l hranice s Gazou.<\/span><\/p>\n<p><span>Gener\u00e1l Mohammed Rashad, b\u00fdval\u00fd \u0161\u00e9f egyptsk\u00e9 rozv\u011bdky, \u0159ekl: &#8222;Jak\u00e1koli izraelsk\u00e1 akce na hranici s Egyptem je hrozbou pro na\u0161i n\u00e1rodn\u00ed bezpe\u010dnost.&#8220;<\/span><\/p>\n<p><span>Izrael\u0161t\u00ed politici otev\u0159en\u011b vyz\u00fdvaj\u00ed k \u201edobrovoln\u00e9mu p\u0159es\u00eddlen\u00ed\u201c Palestinc\u016f do Egypta. Avigdor Lieberman \u0159ekl, \u017ee p\u0159em\u00edst\u011bn\u00ed je \u201epraktick\u00e9 \u0159e\u0161en\u00ed\u201c \u2013 Gaza je p\u0159elidn\u011bn\u00e1, Sinaj m\u00e1 prostor. Obvinil Egypt, \u017ee ze situace ekonomicky profituje.<\/span><\/p>\n<p><span>Misgav\u016fv institut pro n\u00e1rodn\u00ed bezpe\u010dnost vyzval k \u00fapln\u00e9 evakuaci Gazy ji\u017e v \u0159\u00edjnu 2023. Unikl\u00fd dokument izraelsk\u00e9 tajn\u00e9 slu\u017eby navrhoval p\u0159es\u00eddlen\u00ed na Sinaj a vybudov\u00e1n\u00ed uzav\u0159en\u00fdch z\u00f3n.<\/span><\/p>\n<p><span>Toto vyhn\u00e1n\u00ed by se uskute\u010dnilo rychle a za bombardov\u00e1n\u00ed, zat\u00edmco na hranic\u00edch by byla vytvo\u0159ena \u201eevakua\u010dn\u00ed okna\u201c. To by vyvolalo konfrontaci s egyptskou arm\u00e1dou. El-Sisi popsal etnick\u00e9 \u010distky jako \u201e\u010dervenou \u010d\u00e1ru\u201c.<\/span><\/p>\n<p><span>Izrael ji\u017e obsadil \u00fazem\u00ed v S\u00fdrii a ji\u017en\u00edm Libanonu. Pl\u00e1nuje p\u0159\u00edstup k plynov\u00fdm pol\u00edm u pob\u0159e\u017e\u00ed Gazy a vybudov\u00e1n\u00ed vlastn\u00edho kan\u00e1lu jako alternativy k Suezsk\u00e9mu pr\u016fplavu. Tyto pl\u00e1ny vy\u017eaduj\u00ed pr\u00e1zdnou oblast Gazy.<\/span><\/p>\n<p><span>Hn\u011bv v arabsk\u00e9 ulici, jeho\u017e byl Hedges sv\u011bdkem v Egypt\u011b, Jord\u00e1nsku, na Z\u00e1padn\u00edm b\u0159ehu a v Kataru, by explodoval. Tyto re\u017eimy mus\u00ed reagovat. Teroristick\u00e9 \u010diny, a\u0165 u\u017e organizovan\u00e9 nebo jednotlivci, by se zv\u00fd\u0161ily proti izraelsk\u00fdm a z\u00e1padn\u00edm c\u00edl\u016fm, zejm\u00e9na Spojen\u00fdm st\u00e1t\u016fm.<\/span><\/p>\n<p><span>Genocida je n\u00e1borov\u00fdm snem pro islamistick\u00e9 milice. Washington a Izrael mus\u00ed v\u011bd\u011bt, co t\u00edmto barbarstv\u00edm riskuj\u00ed \u2013 ale zjevn\u011b to berou v \u00favahu.<\/span><\/p>\n<p><span>co o\u010dek\u00e1vaj\u00ed? \u017de lid\u00e9, kte\u0159\u00ed o v\u0161echno p\u0159i\u0161li a jsou masakrov\u00e1ni high-tech arm\u00e1dou, z\u016fst\u00e1vaj\u00ed v klidu? Mysl\u00edte si, \u017ee pekeln\u00fd sc\u00e9n\u00e1\u0159 omez\u00ed terorismus? Nech\u00e1pete nen\u00e1vist, kter\u00e1 vznik\u00e1 na Bl\u00edzk\u00e9m v\u00fdchod\u011b a bude p\u0159etrv\u00e1vat des\u00edtky let?<\/span><\/p>\n<p><strong><span>Genocida v Gaze je nejv\u011bt\u0161\u00edm zlo\u010dinem tohoto stolet\u00ed.<\/span><\/strong><span>\u00a0Bude pron\u00e1sledovat Izrael. A my.<\/span><\/p>\n<p><span>Skl\u00edz\u00edme to, co zasejeme: minov\u00e9 pole nen\u00e1visti a n\u00e1sil\u00ed.<\/span><\/p>\n<p><span style=\"font-size: 18pt;\"><strong>*<\/strong><\/span><\/p>\n<p><em><span><strong>Chris Hedges<\/strong> je dr\u017eitelem Pulitzerovy ceny a 15 let byl zahrani\u010dn\u00edm zpravodajem New York Times. Byl korespondentem pro Bl\u00edzk\u00fd v\u00fdchod a Balk\u00e1n a nyn\u00ed je hostitelem \u201eThe Chris Hedges Report\u201c.<\/span><\/em><\/p>\n<\/div>\n<\/div>\n<div class=\"elementor-element elementor-element-8c57238 quelle dc-has-condition dc-condition-empty elementor-widget elementor-widget-heading\" data-id=\"8c57238\" data-element_type=\"widget\" data-widget_type=\"heading.default\">\n<div class=\"elementor-widget-container\">\n<h3 class=\"elementor-heading-title elementor-size-default\"><span style=\"font-size: 10pt;\"><a href=\"https:\/\/www.mintpressnews.com\/israel-gaza-ethnic-cleansing-displacement-egypt\/289389\/\" target=\"_blank\" rel=\"nofollow noopener\">Zdroj<\/a><\/span><\/h3>\n<\/div>\n<\/div>\n","protected":false},"excerpt":{"rendered":"<p>Washington (Scheerpost)\u00a0\u2013 Izrael je na pokraji uskute\u010dn\u011bn\u00ed nejv\u011bt\u0161\u00ed etnick\u00e9 \u010distky od konce druh\u00e9 sv\u011btov\u00e9 v\u00e1lky&#8230;.<\/p>\n","protected":false},"author":2,"featured_media":76700,"comment_status":"closed","ping_status":"closed","sticky":false,"template":"","format":"standard","meta":[],"categories":[7],"tags":[5348,348,178,107],"_links":{"self":[{"href":"https:\/\/www.infokuryr.cz\/n\/wp-json\/wp\/v2\/posts\/76699"}],"collection":[{"href":"https:\/\/www.infokuryr.cz\/n\/wp-json\/wp\/v2\/posts"}],"about":[{"href":"https:\/\/www.infokuryr.cz\/n\/wp-json\/wp\/v2\/types\/post"}],"author":[{"embeddable":true,"href":"https:\/\/www.infokuryr.cz\/n\/wp-json\/wp\/v2\/users\/2"}],"replies":[{"embeddable":true,"href":"https:\/\/www.infokuryr.cz\/n\/wp-json\/wp\/v2\/comments?post=76699"}],"version-history":[{"count":1,"href":"https:\/\/www.infokuryr.cz\/n\/wp-json\/wp\/v2\/posts\/76699\/revisions"}],"predecessor-version":[{"id":76701,"href":"https:\/\/www.infokuryr.cz\/n\/wp-json\/wp\/v2\/posts\/76699\/revisions\/76701"}],"wp:featuredmedia":[{"embeddable":true,"href":"https:\/\/www.infokuryr.cz\/n\/wp-json\/wp\/v2\/media\/76700"}],"wp:attachment":[{"href":"https:\/\/www.infokuryr.cz\/n\/wp-json\/wp\/v2\/media?parent=76699"}],"wp:term":[{"taxonomy":"category","embeddable":true,"href":"https:\/\/www.infokuryr.cz\/n\/wp-json\/wp\/v2\/categories?post=76699"},{"taxonomy":"post_tag","embeddable":true,"href":"https:\/\/www.infokuryr.cz\/n\/wp-json\/wp\/v2\/tags?post=76699"}],"curies":[{"name":"wp","href":"https:\/\/api.w.org\/{rel}","templated":true}]}}