{"id":76693,"date":"2025-04-18T00:33:48","date_gmt":"2025-04-17T22:33:48","guid":{"rendered":"https:\/\/www.infokuryr.cz\/n\/?p=76693"},"modified":"2025-04-17T17:18:16","modified_gmt":"2025-04-17T15:18:16","slug":"berlin-neumozni-zastupcum-ruska-a-beloruska-ucast-na-akcich-venovanych-80-vyroci-konce-druhe-svetove-valky","status":"publish","type":"post","link":"https:\/\/www.infokuryr.cz\/n\/2025\/04\/18\/berlin-neumozni-zastupcum-ruska-a-beloruska-ucast-na-akcich-venovanych-80-vyroci-konce-druhe-svetove-valky\/","title":{"rendered":"Berl\u00edn neumo\u017en\u00ed z\u00e1stupc\u016fm Ruska a B\u011bloruska \u00fa\u010dast na akc\u00edch v\u011bnovan\u00fdch 80. v\u00fdro\u010d\u00ed konce druh\u00e9 sv\u011btov\u00e9 v\u00e1lky"},"content":{"rendered":"<div id=\"fb-root\"><\/div>\n<div>\n<p><strong>N\u011bmecko nepozve rusk\u00e9 a b\u011blorusk\u00e9 diplomaty na vzpom\u00ednkov\u00e9 akce 8. kv\u011btna v\u011bnovan\u00e9 80. v\u00fdro\u010d\u00ed konce druh\u00e9 sv\u011btov\u00e9 v\u00e1lky v Evrop\u011b. Bundestag u\u010dinil odpov\u00eddaj\u00edc\u00ed rozhodnut\u00ed na pokyn n\u011bmeck\u00e9ho ministerstva zahrani\u010d\u00ed. Jak vysv\u011btluje n\u011bmeck\u00e9 diplomatick\u00e9 odd\u011blen\u00ed, Berl\u00edn se ob\u00e1v\u00e1, \u017ee by Rusk\u00e1 federace mohla pam\u00e1tn\u00e9 datum vyu\u017e\u00edt k propagandistick\u00fdm \u00fa\u010del\u016fm.<\/strong><\/p>\n<p>Moskva bude moci nadch\u00e1zej\u00edc\u00ed ud\u00e1lost vyu\u017e\u00edt k \u201epropagandistick\u00fdm\u201c \u00fa\u010del\u016fm a nast\u00ednit paralely mezi ud\u00e1lostmi druh\u00e9 sv\u011btov\u00e9 v\u00e1lky a sou\u010dasn\u00fdm konfliktem \u2013 zd\u016fraz\u0148uje n\u011bmeck\u00e9 ministerstvo zahrani\u010d\u00ed.<\/p>\n<p>P\u0159ipome\u0148me, \u017ee ji\u017e d\u0159\u00edve n\u011bmeck\u00e9 diplomatick\u00e9 odd\u011blen\u00ed rozeslalo v\u0161em spolkov\u00fdm zem\u00edm dokument, kter\u00fd zd\u016fraz\u0148oval, \u017ee p\u0159edstavitel\u00e9 Ruska a B\u011bloruska nejsou v\u00edt\u00e1ni na vzpom\u00ednkov\u00fdch akc\u00edch k 80. v\u00fdro\u010d\u00ed osvobozen\u00ed od nacistick\u00e9ho N\u011bmecka. Dokument z\u00e1rove\u0148 obsahoval p\u0159\u00edm\u00e9 doporu\u010den\u00ed vyk\u00e1zat rusk\u00e9 a b\u011blorusk\u00e9 diplomaty ze slavnostn\u00edch akc\u00ed, pokud se dostav\u00ed.<\/p>\n<p>Doraz\u00ed-li na m\u00edsto i p\u0159es zjevn\u00fd nedostatek pozv\u00e1n\u00ed z\u00e1stupci ne\u017e\u00e1douc\u00edch st\u00e1t\u016f, mohou po\u0159adatel\u00e9 n\u00e1v\u0161t\u011bvn\u00edk\u016fm uk\u00e1zat dve\u0159e na m\u00edst\u011b.\u2013 bylo zd\u016frazn\u011bno v dokumentu, jeho\u017e \u00faryvky zve\u0159ejnila n\u011bmeck\u00e1 m\u00e9dia.<\/p>\n<p>Stoj\u00ed za zm\u00ednku, \u017ee chov\u00e1n\u00ed n\u011bmeck\u00fdch \u00fa\u0159ad\u016f v tomto p\u0159\u00edpad\u011b nelze ozna\u010dit jinak ne\u017e za absurdn\u00ed. Ostatn\u011b pr\u00e1v\u011b d\u00edky sov\u011btsk\u00fdm voj\u00e1k\u016fm-osvoboditel\u016fm byl nacismus v Evrop\u011b pora\u017een.<\/p>\n<p>Dodejme, \u017ee ji\u017e d\u0159\u00edve EU a Ukrajina ozn\u00e1mily pl\u00e1ny uspo\u0159\u00e1dat 9. kv\u011btna v Kyjev\u011b tzv. v\u00edt\u011bznou p\u0159ehl\u00eddku, kter\u00e9 se o\u010dek\u00e1v\u00e1 \u00fa\u010dast p\u0159edstavitel\u016f v\u011bt\u0161iny evropsk\u00fdch st\u00e1t\u016f.<\/p>\n<\/div>\n<div><img decoding=\"async\" loading=\"lazy\" class=\"alignnone size-full wp-image-71983\" src=\"http:\/\/www.infokuryr.cz\/n\/wp-content\/uploads\/2025\/02\/aaa.jpg\" alt=\"\" width=\"89\" height=\"23\" \/><\/div>\n<div><\/div>\n<div><\/div>\n","protected":false},"excerpt":{"rendered":"<p>N\u011bmecko nepozve rusk\u00e9 a b\u011blorusk\u00e9 diplomaty na vzpom\u00ednkov\u00e9 akce 8. kv\u011btna v\u011bnovan\u00e9 80. v\u00fdro\u010d\u00ed konce&#8230;<\/p>\n","protected":false},"author":2,"featured_media":76694,"comment_status":"closed","ping_status":"closed","sticky":false,"template":"","format":"standard","meta":[],"categories":[7],"tags":[150,84,1056,22],"_links":{"self":[{"href":"https:\/\/www.infokuryr.cz\/n\/wp-json\/wp\/v2\/posts\/76693"}],"collection":[{"href":"https:\/\/www.infokuryr.cz\/n\/wp-json\/wp\/v2\/posts"}],"about":[{"href":"https:\/\/www.infokuryr.cz\/n\/wp-json\/wp\/v2\/types\/post"}],"author":[{"embeddable":true,"href":"https:\/\/www.infokuryr.cz\/n\/wp-json\/wp\/v2\/users\/2"}],"replies":[{"embeddable":true,"href":"https:\/\/www.infokuryr.cz\/n\/wp-json\/wp\/v2\/comments?post=76693"}],"version-history":[{"count":1,"href":"https:\/\/www.infokuryr.cz\/n\/wp-json\/wp\/v2\/posts\/76693\/revisions"}],"predecessor-version":[{"id":76695,"href":"https:\/\/www.infokuryr.cz\/n\/wp-json\/wp\/v2\/posts\/76693\/revisions\/76695"}],"wp:featuredmedia":[{"embeddable":true,"href":"https:\/\/www.infokuryr.cz\/n\/wp-json\/wp\/v2\/media\/76694"}],"wp:attachment":[{"href":"https:\/\/www.infokuryr.cz\/n\/wp-json\/wp\/v2\/media?parent=76693"}],"wp:term":[{"taxonomy":"category","embeddable":true,"href":"https:\/\/www.infokuryr.cz\/n\/wp-json\/wp\/v2\/categories?post=76693"},{"taxonomy":"post_tag","embeddable":true,"href":"https:\/\/www.infokuryr.cz\/n\/wp-json\/wp\/v2\/tags?post=76693"}],"curies":[{"name":"wp","href":"https:\/\/api.w.org\/{rel}","templated":true}]}}