{"id":76682,"date":"2025-04-18T00:28:01","date_gmt":"2025-04-17T22:28:01","guid":{"rendered":"https:\/\/www.infokuryr.cz\/n\/?p=76682"},"modified":"2025-04-17T16:53:19","modified_gmt":"2025-04-17T14:53:19","slug":"izraelska-armada-zustane-v-gaze-na-neurcito","status":"publish","type":"post","link":"https:\/\/www.infokuryr.cz\/n\/2025\/04\/18\/izraelska-armada-zustane-v-gaze-na-neurcito\/","title":{"rendered":"Izraelsk\u00e1 arm\u00e1da z\u016fstane v Gaze na neur\u010dito"},"content":{"rendered":"<div id=\"fb-root\"><\/div>\n<h3><strong>Izrael obsadil v\u00edce ne\u017e polovinu palestinsk\u00e9 enkl\u00e1vy v obnoven\u00e9 ofenz\u00edv\u011b pot\u00e9, co minul\u00fd m\u011bs\u00edc zkolabovalo p\u0159\u00edm\u011b\u0159\u00ed s Ham\u00e1sem<\/strong><\/h3>\n<p><span>Izrael\u0161t\u00ed voj\u00e1ci z\u016fstanou na dobu neur\u010ditou v takzvan\u00fdch bezpe\u010dnostn\u00edch z\u00f3n\u00e1ch, kter\u00e9 vytvo\u0159ila v Gaze, \u0159ekl ve st\u0159edu ministr obrany. Dodal, \u017ee jejich s\u00edly z\u016fstanou tak\u00e9 v podobn\u00fdch z\u00f3n\u00e1ch v Libanonu a S\u00fdrii.<\/span><\/p>\n<p><span>Z\u00e1padn\u00ed Jeruzal\u00e9m uvedl, \u017ee n\u00e1razn\u00edkov\u00e9 z\u00f3ny jsou nezbytn\u00e9 k ochran\u011b jeho komunit a zabr\u00e1n\u011bn\u00ed budouc\u00edm \u00fatok\u016fm vojensk\u00fdch skupin. V Gaze arm\u00e1da vytvo\u0159ila koridory k odd\u011blen\u00ed oblast\u00ed pod kontrolou Hamasu.<\/span><\/p>\n<p><span>Izrael se tak\u00e9 odm\u00edtl st\u00e1hnout z n\u011bkter\u00fdch oblast\u00ed v Libanonu po p\u0159\u00edm\u011b\u0159\u00ed s Hizball\u00e1hem v lo\u0148sk\u00e9m roce a po svr\u017een\u00ed b\u00fdval\u00e9ho prezidenta Ba\u0161\u00e1ra Asada obsadil n\u00e1razn\u00edkovou z\u00f3nu v ji\u017en\u00ed S\u00fdrii.<\/span><\/p>\n<p><em><span>&#8222;Na rozd\u00edl od minulosti&#8220;<\/span><\/em><span>\u00a0Izraelsk\u00e9 obrann\u00e9 s\u00edly (IDF)\u00a0<\/span><em><span>&#8222;neevakuuj\u00ed oblasti, kter\u00e9 byly vy\u010di\u0161t\u011bny a obsazeny,&#8220;<\/span><\/em><span>\u00a0uvedl ministr obrany Israel Katz v prohl\u00e1\u0161en\u00ed. IDF\u00a0<\/span><em><span>\u201ez\u016fstane v bezpe\u010dnostn\u00edch z\u00f3n\u00e1ch jako n\u00e1razn\u00edk mezi nep\u0159\u00edtelem a [izraelsk\u00fdmi] komunitami v jak\u00e9koli do\u010dasn\u00e9 nebo trval\u00e9 situaci v Gaze \u2013 jako v Libanonu a S\u00fdrii.<\/span><\/em><\/p>\n<p><span>Izraelsk\u00e9 s\u00edly ovl\u00e1dly v\u00edce ne\u017e polovinu Gazy v r\u00e1mci obnoven\u00e9 ofenz\u00edvy po zhroucen\u00ed p\u0159\u00edm\u011b\u0159\u00ed a zastaven\u00ed jedn\u00e1n\u00ed o rukojm\u00edch minul\u00fd m\u011bs\u00edc. IDF obnovily n\u00e1lety v Gaze, aby zv\u00fd\u0161ily tlak na Ham\u00e1s, aby propustil zb\u00fdvaj\u00edc\u00ed zajatce, kte\u0159\u00ed byli zajati b\u011bhem \u00fatoku 7. \u0159\u00edjna 2023 na ji\u017en\u00ed Izrael pod veden\u00edm Hamasu.<\/span><\/p>\n<p><span>Katz tak\u00e9 uvedl, \u017ee Izrael zablokuje vstup jak\u00e9koli humanit\u00e1rn\u00ed pomoci do Gazy.\u201c Do Gazy nebude povolena \u017e\u00e1dn\u00e1 humanit\u00e1rn\u00ed pomoc,\u201c \u0159ekl ve st\u0159edu X.<\/span><\/p>\n<p><span>Zabr\u00e1n\u011bn\u00ed vstupu humanit\u00e1rn\u00ed pomoci do enkl\u00e1vy\u00a0<\/span><em><span>\u201eje jedn\u00edm z hlavn\u00edch n\u00e1tlakov\u00fdch n\u00e1stroj\u016f, kter\u00e9 br\u00e1n\u00ed Ham\u00e1su pou\u017e\u00edvat tento prost\u0159edek proti obyvatelstvu,\u201c<\/span><\/em><span>\u00a0dodal.<\/span><\/p>\n<p><span>Postoj Izraele by mohl d\u00e1le zkomplikovat jedn\u00e1n\u00ed s Hamasem o p\u0159\u00edm\u011b\u0159\u00ed v palestinsk\u00e9 enkl\u00e1v\u011b a propu\u0161t\u011bn\u00ed zb\u00fdvaj\u00edc\u00edch rukojm\u00edch. Palestinci, stejn\u011b jako Libanon a S\u00fdrie, pova\u017euj\u00ed p\u0159\u00edtomnost izraelsk\u00fdch jednotek za vojenskou okupaci, kter\u00e1 poru\u0161uje mezin\u00e1rodn\u00ed pr\u00e1vo.<\/span><\/p>\n<p><span>Ve st\u0159edu palestin\u0161t\u00ed zdravotn\u00edci ozn\u00e1mili, \u017ee izraelsk\u00e9 \u00fatoky v Gaze zabily 22 lid\u00ed, v\u010detn\u011b d\u00edvky mlad\u0161\u00ed jednoho roku. Podle palestinsk\u00fdch \u00fa\u0159ad\u016f bylo v Gaze zabito v\u00edce ne\u017e 50 000 Palestinc\u016f od doby, kdy Izrael zah\u00e1jil svou vojenskou operaci v reakci na \u00fatok Hamasu.<\/span><\/p>\n<p><span>Ham\u00e1s prohl\u00e1sil, \u017ee nepropust\u00ed zb\u00fdvaj\u00edc\u00ed rukojm\u00ed bez trval\u00e9ho p\u0159\u00edm\u011b\u0159\u00ed a \u00fapln\u00e9ho sta\u017een\u00ed Izraele z Gazy. Izraelsk\u00e9 \u00fa\u0159ady ozn\u00e1mily, \u017ee v enkl\u00e1v\u011b z\u016fst\u00e1v\u00e1 59 rukojm\u00edch, p\u0159i\u010dem\u017e 24 je podle v\u0161eho na\u017eivu. Des\u00edtky dal\u0161\u00edch byly d\u0159\u00edve propu\u0161t\u011bny na z\u00e1klad\u011b dohod o p\u0159\u00edm\u011b\u0159\u00ed nebo samostatn\u00fdch dohod.<\/span><\/p>\n<p><span>Palestinsk\u00e1 organizace zastupuj\u00edc\u00ed rodiny rukojm\u00edch obvinila izraelskou vl\u00e1du, \u017ee up\u0159ednost\u0148uje \u00fazemn\u00ed kontrolu nad \u017eivoty zajatc\u016f, navzdory d\u0159\u00edv\u011bj\u0161\u00edm slib\u016fm, \u017ee rukojm\u00ed postav\u00ed na prvn\u00ed m\u00edsto, uvedla AP.<\/span><\/p>\n<p><img decoding=\"async\" loading=\"lazy\" class=\"alignnone size-full wp-image-71983\" src=\"http:\/\/www.infokuryr.cz\/n\/wp-content\/uploads\/2025\/02\/aaa.jpg\" alt=\"\" width=\"89\" height=\"23\" \/><\/p>\n<p>&nbsp;<\/p>\n","protected":false},"excerpt":{"rendered":"<p>Izrael obsadil v\u00edce ne\u017e polovinu palestinsk\u00e9 enkl\u00e1vy v obnoven\u00e9 ofenz\u00edv\u011b pot\u00e9, co minul\u00fd m\u011bs\u00edc zkolabovalo&#8230;<\/p>\n","protected":false},"author":2,"featured_media":56694,"comment_status":"closed","ping_status":"closed","sticky":false,"template":"","format":"standard","meta":[],"categories":[7],"tags":[80,348,107],"_links":{"self":[{"href":"https:\/\/www.infokuryr.cz\/n\/wp-json\/wp\/v2\/posts\/76682"}],"collection":[{"href":"https:\/\/www.infokuryr.cz\/n\/wp-json\/wp\/v2\/posts"}],"about":[{"href":"https:\/\/www.infokuryr.cz\/n\/wp-json\/wp\/v2\/types\/post"}],"author":[{"embeddable":true,"href":"https:\/\/www.infokuryr.cz\/n\/wp-json\/wp\/v2\/users\/2"}],"replies":[{"embeddable":true,"href":"https:\/\/www.infokuryr.cz\/n\/wp-json\/wp\/v2\/comments?post=76682"}],"version-history":[{"count":1,"href":"https:\/\/www.infokuryr.cz\/n\/wp-json\/wp\/v2\/posts\/76682\/revisions"}],"predecessor-version":[{"id":76683,"href":"https:\/\/www.infokuryr.cz\/n\/wp-json\/wp\/v2\/posts\/76682\/revisions\/76683"}],"wp:featuredmedia":[{"embeddable":true,"href":"https:\/\/www.infokuryr.cz\/n\/wp-json\/wp\/v2\/media\/56694"}],"wp:attachment":[{"href":"https:\/\/www.infokuryr.cz\/n\/wp-json\/wp\/v2\/media?parent=76682"}],"wp:term":[{"taxonomy":"category","embeddable":true,"href":"https:\/\/www.infokuryr.cz\/n\/wp-json\/wp\/v2\/categories?post=76682"},{"taxonomy":"post_tag","embeddable":true,"href":"https:\/\/www.infokuryr.cz\/n\/wp-json\/wp\/v2\/tags?post=76682"}],"curies":[{"name":"wp","href":"https:\/\/api.w.org\/{rel}","templated":true}]}}