{"id":76609,"date":"2025-04-17T00:35:31","date_gmt":"2025-04-16T22:35:31","guid":{"rendered":"https:\/\/www.infokuryr.cz\/n\/?p=76609"},"modified":"2025-04-16T19:57:03","modified_gmt":"2025-04-16T17:57:03","slug":"ve-francii-pokracuji-utoky-na-veznice","status":"publish","type":"post","link":"https:\/\/www.infokuryr.cz\/n\/2025\/04\/17\/ve-francii-pokracuji-utoky-na-veznice\/","title":{"rendered":"Ve Francii pokra\u010duj\u00ed \u00fatoky na v\u011bznice"},"content":{"rendered":"<div id=\"fb-root\"><\/div>\n<p class=\"lead\"><strong>Ve Francii ve st\u0159edu 16. dubna pokra\u010dovaly \u00fatoky na v\u011bznice, kter\u00e9 ministr spravedlnosti Gerald Darmanin ozna\u010dil za pokus o &#8222;destabilizaci&#8220; zem\u011b.<\/strong><\/p>\n<p><span>Od ned\u011ble bylo ve Francii napadeno n\u011bkolik v\u011bznic, v\u011bt\u0161inou odp\u00e1len\u00edm aut person\u00e1lu. Person\u00e1l v\u011bznice v Toulonu na jihov\u00fdchod\u011b Francie byl v \u00fater\u00fd u vchodu do v\u011bznice zast\u0159elen automatick\u00fdmi zbran\u011bmi. N\u00e1sil\u00ed si zat\u00edm nevy\u017e\u00e1dalo \u017e\u00e1dn\u00e9 ob\u011bti ani zran\u011bn\u00ed.<\/span><\/p>\n<p><span>Na m\u00edstech \u00fatok\u016f byla na zdech \u00fastav\u016f nebo na zap\u00e1len\u00fdch vozidlech namalov\u00e1na slova DDPF, co\u017e je zkratka francouzsk\u00e9ho v\u00fdrazu pro pr\u00e1va v\u011bz\u0148\u016f (Droits Des v\u011bzni Fran Minnesais). Podle policejn\u00edho zdroje bylo ozna\u010deno anebo zap\u00e1leno nejm\u00e9n\u011b 21 vozidel.<\/span><\/p>\n<p><span>V \u00fater\u00fd bylo vy\u0161et\u0159ov\u00e1n\u00ed p\u0159\u00edpadu p\u0159evedeno na n\u00e1rodn\u00ed protiteroristickou prokuraturu.<\/span><\/p>\n<p><span>Ve st\u0159edu brzy byla zap\u00e1lena dal\u0161\u00ed t\u0159i auta p\u0159ed v\u011bznic\u00ed Tarascon na \u201eizolovan\u00e9m parkovi\u0161ti vyhrazen\u00e9m pro person\u00e1l,\u201c \u0159ekl agentu\u0159e AFP m\u011bstsk\u00fd prokur\u00e1tor\u00a0<\/span><strong><span>Laurent Goumbaud<\/span><\/strong><span> . Jedno z aut pat\u0159ilo v\u011bze\u0148sk\u00e9 str\u00e1\u017ei, dal\u0161\u00ed firm\u011b, kter\u00e1 pracovala ve v\u011bznici, a t\u0159et\u00ed, kter\u00e9 bylo podle prokur\u00e1tora zcela zni\u010deno, se st\u00e1le nepoda\u0159ilo identifikovat. Na tomto m\u00edst\u011b v\u0161ak nebyly nalezeny \u017e\u00e1dn\u00e9 n\u00e1pisy.<\/span><\/p>\n<p><span>Jen\u017ee na chodb\u011b pa\u0159\u00ed\u017esk\u00e9ho \u010din\u017eovn\u00edho domu, kde bydl\u00ed v\u011bze\u0148sk\u00e1 str\u00e1\u017e, se na\u0161el n\u00e1pis DDPF.<\/span><\/p>\n<p><em>&#8222;Tato teroristick\u00e1 skupina DDPF se zam\u011b\u0159uje na v\u011bze\u0148sk\u00e9 pracovn\u00edky&#8220;<span class=\"after-quote\">\u00a0\u2014 AFP cituje\u00a0<strong>Jesseho Zagariho<\/strong>\u00a0, m\u00edstn\u00edho z\u00e1stupce odboru v\u011bze\u0148sk\u00fdch dozorc\u016f.<\/span><\/em><\/p>\n<p><span>Odborov\u00fd svaz v\u011bze\u0148sk\u00fdch dozorc\u016f odsoudil \u201etelegramov\u00e1 videa s adresami a jm\u00e9ny v\u011bze\u0148sk\u00fdch dozorc\u016f, kter\u00e1 se zam\u011b\u0159uj\u00ed p\u0159edev\u0161\u00edm na d\u016fstojn\u00edky v ji\u017en\u00ed \u010d\u00e1sti zem\u011b, kde p\u016fsob\u00ed nejzn\u00e1m\u011bj\u0161\u00ed skupiny pa\u0161er\u00e1k\u016f drog\u201c. Na internetov\u00e9m kan\u00e1lu dosud nezn\u00e1m\u00e1 skupina DDPF v textu pln\u00e9m pravopisn\u00fdch chyb ozn\u00e1mila, \u017ee se chyst\u00e1 rozm\u00edstit \u201epo cel\u00e9 Francii\u201c a prohl\u00e1sila:\u00a0<\/span><em><span>\u201eNejsme terorist\u00e9, jsme tu, abychom br\u00e1nili lidsk\u00e1 pr\u00e1va ve v\u011bznic\u00edch.<\/span><\/em><\/p>\n<p><span>Ministr Gerald Darmanin \u0159ekl: &#8222;Zd\u00e1 se, \u017ee existuj\u00ed lid\u00e9, kte\u0159\u00ed se sna\u017e\u00ed destabilizovat st\u00e1t pomoc\u00ed zastra\u0161ov\u00e1n\u00ed.&#8220;<\/span><\/p>\n<p><span>&#8222;D\u011blaj\u00ed to, proto\u017ee jsme p\u0159ijali opat\u0159en\u00ed k boji proti laxnosti, kter\u00e1 dosud ve v\u011bznic\u00edch p\u0159evl\u00e1dala, co\u017e p\u0159ivedlo na\u0161i zemi do extr\u00e9mn\u011b v\u00e1\u017en\u00fdch pot\u00ed\u017e\u00ed kv\u016fli drogov\u00fdm s\u00edt\u00edm, kter\u00e9 nad\u00e1le operuj\u00ed z v\u011bznic, z nich\u017e se objedn\u00e1vaj\u00ed vra\u017edy, perou se pen\u00edze a jsou vyhro\u017eov\u00e1ny policii, soudc\u016fm a dal\u0161\u00edm \u00fa\u0159edn\u00edk\u016fm,&#8220; \u0159ekl Darmanin v \u00fater\u00fd ve v\u011bznici v Toulonu, kde byl c\u00edlem jeho d\u011bln\u00edk\u016f, podporu. Ministr tak\u00e9 nazna\u010dil, \u017ee st\u00e1t \u201enepodlehne\u201c zastra\u0161ov\u00e1n\u00ed.<\/span><\/p>\n<p><img decoding=\"async\" loading=\"lazy\" class=\"alignnone size-full wp-image-71983\" src=\"http:\/\/www.infokuryr.cz\/n\/wp-content\/uploads\/2025\/02\/aaa.jpg\" alt=\"\" width=\"89\" height=\"23\" \/><\/p>\n<p>&nbsp;<\/p>\n","protected":false},"excerpt":{"rendered":"<p>Ve Francii ve st\u0159edu 16. dubna pokra\u010dovaly \u00fatoky na v\u011bznice, kter\u00e9 ministr spravedlnosti Gerald Darmanin&#8230;<\/p>\n","protected":false},"author":2,"featured_media":76610,"comment_status":"closed","ping_status":"closed","sticky":false,"template":"","format":"standard","meta":[],"categories":[7],"tags":[130,1863,1598],"_links":{"self":[{"href":"https:\/\/www.infokuryr.cz\/n\/wp-json\/wp\/v2\/posts\/76609"}],"collection":[{"href":"https:\/\/www.infokuryr.cz\/n\/wp-json\/wp\/v2\/posts"}],"about":[{"href":"https:\/\/www.infokuryr.cz\/n\/wp-json\/wp\/v2\/types\/post"}],"author":[{"embeddable":true,"href":"https:\/\/www.infokuryr.cz\/n\/wp-json\/wp\/v2\/users\/2"}],"replies":[{"embeddable":true,"href":"https:\/\/www.infokuryr.cz\/n\/wp-json\/wp\/v2\/comments?post=76609"}],"version-history":[{"count":0,"href":"https:\/\/www.infokuryr.cz\/n\/wp-json\/wp\/v2\/posts\/76609\/revisions"}],"wp:featuredmedia":[{"embeddable":true,"href":"https:\/\/www.infokuryr.cz\/n\/wp-json\/wp\/v2\/media\/76610"}],"wp:attachment":[{"href":"https:\/\/www.infokuryr.cz\/n\/wp-json\/wp\/v2\/media?parent=76609"}],"wp:term":[{"taxonomy":"category","embeddable":true,"href":"https:\/\/www.infokuryr.cz\/n\/wp-json\/wp\/v2\/categories?post=76609"},{"taxonomy":"post_tag","embeddable":true,"href":"https:\/\/www.infokuryr.cz\/n\/wp-json\/wp\/v2\/tags?post=76609"}],"curies":[{"name":"wp","href":"https:\/\/api.w.org\/{rel}","templated":true}]}}