{"id":7660,"date":"2022-01-20T07:14:48","date_gmt":"2022-01-20T06:14:48","guid":{"rendered":"http:\/\/www.infokuryr.cz\/n\/?p=7660"},"modified":"2022-01-20T09:19:52","modified_gmt":"2022-01-20T08:19:52","slug":"spanelsky-vyzkumnik-potvrdil-ve-vedecke-studii-pritomnost-nanocipu-v-lahvickach-ockovaci-latky-comirnaty-od-spolecnosti-pfizer","status":"publish","type":"post","link":"https:\/\/www.infokuryr.cz\/n\/2022\/01\/20\/spanelsky-vyzkumnik-potvrdil-ve-vedecke-studii-pritomnost-nanocipu-v-lahvickach-ockovaci-latky-comirnaty-od-spolecnosti-pfizer\/","title":{"rendered":"\u0160pan\u011blsk\u00fd v\u00fdzkumn\u00edk potvrdil ve v\u011bdeck\u00e9 studii p\u0159\u00edtomnost nano\u010dip\u016f v lahvi\u010dk\u00e1ch o\u010dkovac\u00ed l\u00e1tky Comirnaty od spole\u010dnosti Pfizer"},"content":{"rendered":"<div id=\"fb-root\"><\/div>\n<h4>\u0160pan\u011blsk\u00fd v\u00fdzkumn\u00edk potvrdil ve v\u011bdeck\u00e9 studii p\u0159\u00edtomnost nano\u010dip\u016f v lahvi\u010dk\u00e1ch o\u010dkovac\u00ed l\u00e1tky Comirnaty od spole\u010dnosti Pfizer a nafotil mikroskopem jejich fotografie! D\u011bsiv\u00e9 z\u00e1b\u011bry ukazuj\u00ed n\u011bco, co vypad\u00e1 jako desky ti\u0161t\u011bn\u00fdch spoj\u016f s \u010dipy a integrovan\u00fdmi obvody, moduly pro s\u00ed\u0165ovou bezdr\u00e1tovou komunikaci a Bluetooth moduly s podporu MAC s\u00ed\u0165ov\u00fdch adres! Tvary desek a obvod\u016f odpov\u00eddaj\u00ed komer\u010dn\u00edm experiment\u00e1ln\u00edm nano-za\u0159\u00edzen\u00edm z katalog\u016f v\u00fdrobc\u016f nanotechnologi\u00ed! Obvody se daj\u00ed aktivovat a zprovoznit jen ve vysokofrekven\u010dn\u00edm poli, jinak nefunguj\u00ed!<\/h4>\n<p>P\u0159ed n\u011bkolika dny jsme byli do redakce upozorn\u011bni, \u017ee na internetu publikoval v\u00fdzkumn\u00edk\u00a0<strong>[<a href=\"https:\/\/href.li\/?https:\/\/www.orwell.city\/2022\/01\/lqc-report.html\" target=\"_blank\" rel=\"nofollow noopener\">1<\/a>]<\/strong>\u00a0Ricardo Delgado Mart\u00edn ze \u0161pan\u011blsk\u00e9 univerzity\u00a0Universidad de Sevilla nejnov\u011bj\u0161\u00ed studii, kter\u00e1 svoj\u00ed v\u00fdbu\u0161nost\u00ed doslova trh\u00e1 soci\u00e1ln\u00ed s\u00edt\u011b ve \u0160pan\u011blsku. Mart\u00edn toti\u017e provedl zkoum\u00e1n\u00ed n\u011bkolika lahvi\u010dek vakc\u00edny Pfizer pod laboratorn\u00edm mikroskopem a nafotil ve vzorc\u00edch roztoku n\u011bco, co zaru\u010den\u011b a naprosto jist\u011b nen\u00ed p\u0159\u00edrodn\u00edho p\u016fvodu.<\/p>\n<p><strong>Po zhl\u00e9dnut\u00ed fotografi\u00ed z\u016fstanete asi v \u0161oku, ale konspira\u010dn\u00ed teorie se podle v\u0161eho znovu potvrdila a stala realitou.<\/strong>\u00a0V ur\u010dit\u00e9 \u010d\u00e1sti vakcina\u010dn\u00edch roztok\u016f se podle t\u00e9to studie nach\u00e1z\u00ed nanotechnologick\u00e9 elektronick\u00e9 obvody a za\u0159\u00edzen\u00ed, kter\u00e9 ke sv\u00e9mu provozu a \u010dinnosti pou\u017e\u00edvaj\u00ed vysokofrekven\u010dn\u00ed elektromagnetick\u00e9 vln\u011bn\u00ed, kter\u00e9 dod\u00e1v\u00e1 energii k provozu t\u011bchto nano-obvod\u016f v lidsk\u00e9m t\u011ble.<\/p>\n<figure id=\"attachment_50059\" class=\"wp-caption aligncenter\" style=\"width: 400px;\"><a href=\"https:\/\/aeronet.cz\/news\/wp-content\/uploads\/SevillaStudy_16.jpg\"><img decoding=\"async\" loading=\"lazy\" class=\"wp-image-50059 \" src=\"https:\/\/aeronet.cz\/news\/wp-content\/uploads\/SevillaStudy_16.jpg\" sizes=\"(max-width: 960px) 100vw, 960px\" srcset=\"https:\/\/aeronet.cz\/news\/wp-content\/uploads\/SevillaStudy_16.jpg 960w, https:\/\/aeronet.cz\/news\/wp-content\/uploads\/SevillaStudy_16-300x225.jpg 300w, https:\/\/aeronet.cz\/news\/wp-content\/uploads\/SevillaStudy_16-768x576.jpg 768w, https:\/\/aeronet.cz\/news\/wp-content\/uploads\/SevillaStudy_16-700x525.jpg 700w, https:\/\/aeronet.cz\/news\/wp-content\/uploads\/SevillaStudy_16-476x357.jpg 476w, https:\/\/aeronet.cz\/news\/wp-content\/uploads\/SevillaStudy_16-644x483.jpg 644w\" alt=\"\" width=\"400\" height=\"300\" \/><\/a><figcaption class=\"wp-caption-text\">Nano\u010dip ve vakc\u00edn\u011b Pfizer<\/figcaption><\/figure>\n<p>Hr\u016fzn\u00e9 dopady tohoto objevu zat\u00edm nejsou zcela jasn\u00e9. Lid\u00e9 ji\u017e n\u00e1m napsali do redakce, \u017ee uva\u017euj\u00ed o kompletn\u00ed transf\u00fazi krve v t\u011ble, ale v t\u00e9to v\u011bci ani n\u00e1\u0161 kolega l\u00e9ka\u0159 nev\u00ed, jestli by takov\u00fd krok m\u011bl smysl a v\u00fdznam, proto\u017ee studie zkoumala vakc\u00edny pouze\u00a0<em>in vitro<\/em>, nikoliv\u00a0<em>in vivo<\/em>, tak\u017ee nen\u00ed jasn\u00e9, jestli tato nano-za\u0159\u00edzen\u00ed v t\u011ble, resp. v lidsk\u00e9 krvi voln\u011b plavou, anebo se uchycuj\u00ed v lidsk\u00e9 tk\u00e1ni v m\u00edst\u011b vst\u0159iku roztoku.\u00a0<strong>Mnoho o\u010dkovan\u00fdch lid\u00ed hl\u00e1s\u00ed po vpichu vakc\u00edny zarudnut\u00ed a sv\u011bd\u011bn\u00ed, jak kdyby v t\u011ble byl ciz\u00ed p\u0159edm\u011bt, prost\u011b klasick\u00e1 reakce imunitn\u00edho syst\u00e9mu na ciz\u00ed t\u011bleso, jako je t\u0159\u00edska nebo cokoliv jin\u00e9ho.<\/strong><\/p>\n<h6><span style=\"font-size: 14pt;\">V\u00fdzkumn\u00edk nafotil \u010dipy v nanometrov\u00e9m spektru plavaj\u00edc\u00ed v roztoku Pfizer<\/span><\/h6>\n<p>V\u011bdec ve studii potvrdil, \u017ee mnoho t\u011bchto nano\u010d\u00e1stic je vyrobeno z garfenu, resp. jeho oxid\u016f, tak\u017ee mohutn\u00e9 o\u010dkov\u00e1n\u00ed obyvatelstva a zav\u00e1d\u011bn\u00ed s\u00edt\u00ed 5G opravdu m\u016f\u017ee m\u00edt jasnou souvislost, a to p\u0159edev\u0161\u00edm ve smyslu vytvo\u0159en\u00ed infrastruktury, proto\u017ee jak \u0161pan\u011blsk\u00e1 studie potvrdila, k \u010dinnosti a k provozu t\u011bchto nano-za\u0159\u00edzen\u00ed jsou zapot\u0159eb\u00ed zesilovac\u00ed \u00fa\u010dinky grafenu, co\u017e je jev objeven\u00fd teprve ned\u00e1vno, \u017ee grafen vykazuje funkci zesilova\u010de resp. multiplik\u00e1toru elektromagnetick\u00e9ho vln\u011bn\u00ed.<\/p>\n<figure id=\"attachment_50061\" class=\"wp-caption aligncenter\" style=\"width: 457px;\"><a href=\"https:\/\/aeronet.cz\/news\/wp-content\/uploads\/SevillaStudy_14.jpg\"><img decoding=\"async\" loading=\"lazy\" class=\"wp-image-50061 \" src=\"https:\/\/aeronet.cz\/news\/wp-content\/uploads\/SevillaStudy_14.jpg\" sizes=\"(max-width: 960px) 100vw, 960px\" srcset=\"https:\/\/aeronet.cz\/news\/wp-content\/uploads\/SevillaStudy_14.jpg 960w, https:\/\/aeronet.cz\/news\/wp-content\/uploads\/SevillaStudy_14-300x225.jpg 300w, https:\/\/aeronet.cz\/news\/wp-content\/uploads\/SevillaStudy_14-768x576.jpg 768w, https:\/\/aeronet.cz\/news\/wp-content\/uploads\/SevillaStudy_14-700x525.jpg 700w, https:\/\/aeronet.cz\/news\/wp-content\/uploads\/SevillaStudy_14-476x357.jpg 476w, https:\/\/aeronet.cz\/news\/wp-content\/uploads\/SevillaStudy_14-644x483.jpg 644w\" alt=\"\" width=\"457\" height=\"343\" \/><\/a><figcaption class=\"wp-caption-text\">Nano\u010dip ve vakc\u00edn\u011b Pfizer<\/figcaption><\/figure>\n<p>Nicm\u00e9n\u011b pozor, elektromagnetick\u00fd zisk na grafenov\u00fdch ant\u00e9n\u00e1ch nano-obvod\u016f je mo\u017en\u00e9 z\u00edskat vhodnou modulac\u00ed ji\u017e p\u0159i mnohem ni\u017e\u0161\u00edch frekvenc\u00edch.\u00a0<strong>Obvody v lidsk\u00e9m t\u011ble nemaj\u00ed \u017e\u00e1dnou baterii pro sv\u00e9 fungov\u00e1n\u00ed, energie je \u010derp\u00e1na bezdr\u00e1tov\u011b z elektromagnetick\u00e9ho vysokofrekven\u010dn\u00edho vln\u011bn\u00ed<\/strong>, podobn\u011b jako u\u017e dnes um\u00ed n\u011bkter\u00e9 chytr\u00e9 telefony tzv. bezdr\u00e1tov\u00e9 nab\u00edjen\u00ed, co\u017e je p\u0159esn\u011b ten sam\u00fd principy, pouze wattov\u00e9 zisky se li\u0161\u00ed v cel\u00fdch \u0159\u00e1dech.<\/p>\n<h4>Identifikace mo\u017en\u00fdch mikrotechnologick\u00fdch a um\u011bl\u00fdch vzorc\u016f ve vakc\u00edn\u011b Pfizer za pomoci optick\u00e9 mikroskopie. Optick\u00e1 mikroskopick\u00e1 anal\u00fdza a fotografick\u00e1 zpr\u00e1va<\/h4>\n<p>Sevilla, \u0160pan\u011blsko, 14. Ledna 2022<\/p>\n<p><em>Ricardo Delgado Mart\u00edn, absolvent oboru statistika. Obor biostatistika \u2013 Univerzita v Seville \u2013 \u0160pan\u011blsko.<\/em><\/p>\n<p><strong>C\u00cdL V\u00ddZKUMU<\/strong><\/p>\n<p>C\u00edlem t\u00e9to pr\u00e1ce je identifikace um\u011bl\u00fdch vzor\u016f a mikrotechnologick\u00fdch struktur, kter\u00e9 by mohla obsahovat komer\u010dn\u00ed vakc\u00edna Comirnaty Pfizer. Za t\u00edmto \u00fa\u010delem bylo vyfotografov\u00e1no n\u011bkolik objekt\u016f viditeln\u00fdch pod optick\u00fdm mikroskopem a pro \u00fa\u010dely t\u00e9to anal\u00fdzy byly porovn\u00e1ny s \u010dl\u00e1nky v odborn\u00e9 literatu\u0159e. Krom\u011b toho byl u\u010din\u011bn pokus o identifikaci \u0161irok\u00e9 \u0161k\u00e1ly objekt\u016f kompatibiln\u00edch se strukturami podobn\u00fdmi grafenu vzhledem k vlastnostem a zvl\u00e1\u0161tnostem tohoto materi\u00e1lu, jako jsou jeho z\u00e1hyby, reli\u00e9fy, povrchov\u00e9 nap\u011bt\u00ed atd.<\/p>\n<p><a href=\"https:\/\/aeronet.cz\/news\/wp-content\/uploads\/SevillaStudy_11.jpg\"><img decoding=\"async\" loading=\"lazy\" class=\"alignnone wp-image-50064\" src=\"https:\/\/aeronet.cz\/news\/wp-content\/uploads\/SevillaStudy_11.jpg\" sizes=\"(max-width: 960px) 100vw, 960px\" srcset=\"https:\/\/aeronet.cz\/news\/wp-content\/uploads\/SevillaStudy_11.jpg 960w, https:\/\/aeronet.cz\/news\/wp-content\/uploads\/SevillaStudy_11-300x225.jpg 300w, https:\/\/aeronet.cz\/news\/wp-content\/uploads\/SevillaStudy_11-768x576.jpg 768w, https:\/\/aeronet.cz\/news\/wp-content\/uploads\/SevillaStudy_11-700x525.jpg 700w, https:\/\/aeronet.cz\/news\/wp-content\/uploads\/SevillaStudy_11-476x357.jpg 476w, https:\/\/aeronet.cz\/news\/wp-content\/uploads\/SevillaStudy_11-644x483.jpg 644w\" alt=\"\" width=\"361\" height=\"271\" \/><\/a><\/p>\n<p><em>Deska s integrovan\u00fdmi obvody ve vakc\u00edn\u011b Pfizer<\/em><\/p>\n<p>Tento v\u00fdzkum p\u0159edstavuje p\u0159\u00edstup z hlediska optick\u00e9 mikroskopie k charakterizaci t\u011bchto struktur s omezen\u00edmi vypl\u00fdvaj\u00edc\u00edmi z pou\u017eit\u00e9 metodiky a prost\u0159edk\u016f. Mikrofotografie byly po\u0159\u00edzeny p\u0159i kvalit\u011b zv\u011bt\u0161en\u00ed v rozmez\u00ed 200X-1400X. Pro vyvozen\u00ed z\u00e1v\u011br\u016f nebo zobecn\u011bn\u00ed o studovan\u00e9m materi\u00e1lu je nutn\u00e1 v\u011bt\u0161\u00ed reprezentativnost vzork\u016f, kter\u00e9 maj\u00ed b\u00fdt analyzov\u00e1ny optickou technikou. Zpr\u00e1va v\u0161ak p\u0159edstavuje prvek, kter\u00fd je t\u0159eba vz\u00edt v \u00favahu a kter\u00fd by m\u011bl b\u00fdt nutn\u011b dopln\u011bn a roz\u0161\u00ed\u0159en nez\u00e1visl\u00fdmi v\u011bdci a laborato\u0159emi, aby se tento c\u00edlov\u00fd produkt pod\u00e1van\u00fd ob\u010dansk\u00e9 spole\u010dnosti objasnil na cel\u00e9m sv\u011bt\u011b.<\/p>\n<p><strong>\u00daVOD<\/strong><\/p>\n<p>Mikro a nanotechnologie s c\u00edlem vytvo\u0159it intrakorpor\u00e1ln\u00ed nebo predisponovan\u00e9 nanos\u00edt\u011b pro koexistenci uvnit\u0159 \u017eiv\u00fdch bytost\u00ed je v\u011bdeck\u00fdm c\u00edlem ji\u017e n\u011bkolik let, jak uv\u00e1d\u00ed samotn\u00e1 v\u011bdeck\u00e1 literatura v t\u00e9to discipl\u00edn\u011b.\u00a0<strong>Nanotechnologie poskytuje in\u017een\u00fdrsk\u00e9 komunit\u011b nov\u00fd soubor n\u00e1stroj\u016f pro navrhov\u00e1n\u00ed komponent\u016f v nanorozm\u011brech s dosud nev\u00eddan\u00fdmi funkcemi. Integrace n\u011bkolika nanoslo\u017eek do jednoho celku umo\u017en\u00ed v\u00fdvoj pokro\u010dil\u00fdch nanostroj\u016f.<\/strong>\u00a0Nanos\u00edt\u011b, tj. s\u00edt\u011b nanostroj\u016f, umo\u017en\u00ed \u0159adu aplikac\u00ed v biomedic\u00edn\u011b, \u017eivotn\u00edm prost\u0159ed\u00ed, pr\u016fmyslu a vojenstv\u00ed. Des\u00edtky publikovan\u00fdch v\u011bdeck\u00fdch prac\u00ed polo\u017eily z\u00e1klady elektromagnetick\u00e9 komunikace s vyu\u017eit\u00edm grafenu v nanos\u00edt\u00edch a mikros\u00edt\u00edch, v\u010detn\u011b mikros\u00edt\u00ed uvnit\u0159 lidsk\u00e9ho t\u011bla [<a href=\"https:\/\/href.li\/?https:\/\/www.researchgate.net\/publication\/269853754_Fundamentals_of_Electromagnetic_Nanonetworks_in_the_Terahertz_Band\" target=\"_blank\" rel=\"nofollow noopener\">2<\/a>][<a href=\"https:\/\/href.li\/?https:\/\/www.researchgate.net\/publication\/282476793_Design_of_Wireless_Nanosensor_Networks_for_Intrabody_Application\" target=\"_blank\" rel=\"nofollow noopener\">3<\/a>][<a href=\"https:\/\/href.li\/?https:\/\/ieeexplore.ieee.org\/document\/7874136\" target=\"_blank\" rel=\"nofollow noopener\">4<\/a>].<\/p>\n<p><a href=\"https:\/\/aeronet.cz\/news\/wp-content\/uploads\/SevillaStudy_12.jpg\"><img decoding=\"async\" loading=\"lazy\" class=\" wp-image-50063 aligncenter\" src=\"https:\/\/aeronet.cz\/news\/wp-content\/uploads\/SevillaStudy_12.jpg\" sizes=\"(max-width: 960px) 100vw, 960px\" srcset=\"https:\/\/aeronet.cz\/news\/wp-content\/uploads\/SevillaStudy_12.jpg 960w, https:\/\/aeronet.cz\/news\/wp-content\/uploads\/SevillaStudy_12-300x225.jpg 300w, https:\/\/aeronet.cz\/news\/wp-content\/uploads\/SevillaStudy_12-768x576.jpg 768w, https:\/\/aeronet.cz\/news\/wp-content\/uploads\/SevillaStudy_12-700x525.jpg 700w, https:\/\/aeronet.cz\/news\/wp-content\/uploads\/SevillaStudy_12-476x357.jpg 476w, https:\/\/aeronet.cz\/news\/wp-content\/uploads\/SevillaStudy_12-644x483.jpg 644w\" alt=\"\" width=\"420\" height=\"315\" \/><\/a><\/p>\n<p><em>Nano\u010dip ve vakc\u00edn\u011b Pfizer<\/em><\/p>\n<p>Z\u00edskan\u00e9 v\u00fdsledky ukazuj\u00ed na terahertzov\u00e9 p\u00e1smo (0,1-10 THz) jako optim\u00e1ln\u00ed pracovn\u00ed frekven\u010dn\u00ed rozsah pro nov\u00e9 nanoant\u00e9ny. Na druhou stranu je grafen materi\u00e1l, kter\u00fd dok\u00e1\u017ee absorbovat mikrovlnn\u00e9 z\u00e1\u0159en\u00ed z telefonn\u00edch ant\u00e9n v p\u00e1smu GHz a zes\u00edlit jeho sign\u00e1l o 3 vlnov\u00e9 d\u00e9lky na stupnici THz [<a href=\"https:\/\/href.li\/?https:\/\/cordis.europa.eu\/article\/id\/124280-graphene-boosts-ghz-signals-into-terahertz-territory\/es\" target=\"_blank\" rel=\"nofollow noopener\">5<\/a>].<\/p>\n<p><strong>Optim\u00e1ln\u00ed mezn\u00ed frekvence grafenov\u00fdch tranzistor\u016f byla po l\u00e9ta dosahov\u00e1na p\u0159esn\u011b na 26 GHz, co\u017e je nejvy\u0161\u0161\u00ed frekvence, kter\u00e1 byla p\u0159i pou\u017eit\u00ed tohoto materi\u00e1lu zaznamen\u00e1na [<a href=\"https:\/\/href.li\/?https:\/\/www.photonics.com\/Articles\/26-GHz_Graphene_Transistor\/a35858\" target=\"_blank\" rel=\"nofollow noopener\">6<\/a>].<\/strong><\/p>\n<p>V\u00edme tak\u00e9, \u017ee na\u0161e (pozn. \u0161pan\u011blsk\u00e1) vl\u00e1da \u010dek\u00e1 na schv\u00e1len\u00ed v\u00fdb\u011brov\u00e9ho \u0159\u00edzen\u00ed na novou technologii 5G pro nov\u00e9 komer\u010dn\u00ed p\u00e1smo p\u0159esn\u011b na 26 GHz.<\/p>\n<p>S ohledem na v\u00fdsledky z\u00edskan\u00e9 v tomto v\u00fdzkumu a zn\u00e1mou pr\u00e1ci Dr. Campra \u201c<em>Informe t\u00e9cnico de detecci\u00f3n de la detecci\u00f3n de la 5G<\/em>\u201c, angl. \u201c<em>Technical report on the detection of graphene in covid vaccines by micro Raman spectroscopy<\/em>\u201c, kde je p\u0159\u00edtomnost grafenu ve vzorc\u00edch z\u00edskan\u00fdch z lahvi\u010dek spole\u010dnost\u00ed Pfizer, Astrazeneca, Moderna a Janssen jednozna\u010dn\u011b pr\u016fkazn\u00e1, je mo\u017en\u00e9, \u017ee tento nedeklarovan\u00fd materi\u00e1l v lahvi\u010dk\u00e1ch je z\u00e1kladem pro implementaci intrakorpor\u00e1ln\u00edch nano a mikro komunika\u010dn\u00edch s\u00edt\u00ed ve sv\u011btov\u00e9 populaci s vyu\u017eit\u00edm sou\u010dasn\u00e9 pandemick\u00e9 situace jako z\u00e1minky pro vpraven\u00ed za\u0159\u00edzen\u00ed do t\u011bl lid\u00ed spolu s vakcina\u010dn\u00ed l\u00e1tkou[<a href=\"https:\/\/href.li\/?https:\/\/www.researchgate.net\/publication\/355684360_Deteccion_de_grafeno_en_vacunas_COVID19_por_espectroscopia_Micro-RAMAN\" target=\"_blank\" rel=\"nofollow noopener\">7<\/a>].<\/p>\n<p><a href=\"https:\/\/aeronet.cz\/news\/wp-content\/uploads\/SevillaStudy_13.jpg\"><img decoding=\"async\" loading=\"lazy\" class=\"alignnone wp-image-50062\" src=\"https:\/\/aeronet.cz\/news\/wp-content\/uploads\/SevillaStudy_13.jpg\" sizes=\"(max-width: 960px) 100vw, 960px\" srcset=\"https:\/\/aeronet.cz\/news\/wp-content\/uploads\/SevillaStudy_13.jpg 960w, https:\/\/aeronet.cz\/news\/wp-content\/uploads\/SevillaStudy_13-300x225.jpg 300w, https:\/\/aeronet.cz\/news\/wp-content\/uploads\/SevillaStudy_13-768x576.jpg 768w, https:\/\/aeronet.cz\/news\/wp-content\/uploads\/SevillaStudy_13-700x525.jpg 700w, https:\/\/aeronet.cz\/news\/wp-content\/uploads\/SevillaStudy_13-476x357.jpg 476w, https:\/\/aeronet.cz\/news\/wp-content\/uploads\/SevillaStudy_13-644x483.jpg 644w\" alt=\"\" width=\"418\" height=\"314\" \/><\/a><\/p>\n<p><em>Nano\u010dip ve vakc\u00edn\u011b Pfizer<\/em><\/p>\n<p><strong>Zm\u00ednili jsme tak\u00e9 multiplika\u010dn\u00ed \u00fa\u010dinek grafenu na vyza\u0159ov\u00e1n\u00ed ant\u00e9n mobiln\u00edch telefon\u016f nad r\u00e1mec \u010cerenkovova z\u00e1\u0159en\u00ed [<a href=\"https:\/\/href.li\/?https:\/\/aip.scitation.org\/doi\/abs\/10.1063\/1.4984961?journalCode=apl\" target=\"_blank\" rel=\"nofollow noopener\">8<\/a>].<\/strong><\/p>\n<p>Z\u00e1v\u011bre\u010dn\u00e1 \u010d\u00e1st a z\u00e1v\u011br tohoto v\u00fdzkumu zd\u016fraz\u0148uje, \u017ee na z\u00e1klad\u011b t\u011bchto d\u016fkaz\u016f a toxicity tohoto materi\u00e1lu z\u00e1visl\u00e9 na z\u00e1\u0159en\u00ed je takzvan\u00e1 nemoc COVID-19 akutn\u00edm syndromem z oz\u00e1\u0159en\u00ed, kter\u00fd je umocn\u011bn p\u016fsoben\u00edm samotn\u00e9ho toxinu zaveden\u00e9ho do \u201cvakc\u00edn\u201d, co\u017e je vedlej\u0161\u00ed \u00fa\u010dinek t\u00e9to nano a mikro technologick\u00e9 operace pro \u00fa\u010dely, kter\u00e9 dosud nezn\u00e1me [<a href=\"https:\/\/href.li\/?https:\/\/graphene-flagship.eu\/graphene\/news\/european-opportunities-for-research-and-innovation-with-layered-materials\/\" target=\"_blank\" rel=\"nofollow noopener\">9<\/a>].<\/p>\n<p>V tomto v\u011bdeck\u00e9m \u010dl\u00e1nku publikovan\u00e9m v PubMedu jsou shrom\u00e1\u017ed\u011bny spole\u010dn\u00e9 body mezi onemocn\u011bn\u00edm COVID19 a radia\u010dn\u00edm po\u0161kozen\u00edm, co\u017e vysv\u011btluje, \u017ee skute\u010dn\u00fd etiologick\u00fd \u010dinitel nebo p\u0159\u00ed\u010dina onemocn\u011bn\u00ed nen\u00ed biologick\u00e9ho p\u016fvodu a m\u00e1 sv\u00e9 vysv\u011btlen\u00ed v t\u00e9to toxick\u00e9 chemick\u00e9 slou\u010denin\u011b, grafenu a jeho deriv\u00e1tech [<a href=\"https:\/\/href.li\/?https:\/\/www.ncbi.nlm.nih.gov\/labs\/pmc\/articles\/PMC7861125\/\" target=\"_blank\" rel=\"nofollow noopener\">10<\/a>].<\/p>\n<p><strong>POU\u017dIT\u00c1 METODIKA<\/strong><\/p>\n<p>Optick\u00fd mikroskop HAXON AQUILES II a fotoapar\u00e1t Haxon H-Aptina 5.0 USB 2.0<\/p>\n<p><a href=\"https:\/\/aeronet.cz\/news\/wp-content\/uploads\/SevillaStudy_57_700.jpg\"><img decoding=\"async\" loading=\"lazy\" class=\"alignnone wp-image-50076\" src=\"https:\/\/aeronet.cz\/news\/wp-content\/uploads\/SevillaStudy_57_700.jpg\" sizes=\"(max-width: 700px) 100vw, 700px\" srcset=\"https:\/\/aeronet.cz\/news\/wp-content\/uploads\/SevillaStudy_57_700.jpg 700w, https:\/\/aeronet.cz\/news\/wp-content\/uploads\/SevillaStudy_57_700-259x300.jpg 259w, https:\/\/aeronet.cz\/news\/wp-content\/uploads\/SevillaStudy_57_700-308x357.jpg 308w, https:\/\/aeronet.cz\/news\/wp-content\/uploads\/SevillaStudy_57_700-416x483.jpg 416w\" alt=\"\" width=\"342\" height=\"397\" \/><\/a><\/p>\n<p>Charakteristika:<\/p>\n<p><strong>HAXON AQUILES II MIKROSKOP<\/strong><\/p>\n<p>\u2013 PTR203iH TRINOKUL\u00c1RN\u00cd MODUL pro PETROGRAFII S REFLEXN\u00cdM A P\u0158ENOSN\u00ddM SV\u011aTLEN\u00cdM.<\/p>\n<p>\u2013 Trinokul\u00e1rn\u00ed hlava typu Siedentopf Pro (bez nap\u011bt\u00ed a polarizace) \u2013 v\u00edcesm\u011brn\u00e1 s korekc\u00ed INFINITE, mezipupil\u00e1rn\u00ed a dioptrickou korekc\u00ed.<\/p>\n<p>\u2013 Pevn\u00e9 rozlo\u017een\u00ed sv\u011btla na hlav\u011b 80\/20, 80% sv\u011btla do okul\u00e1r\u016f a 20% sv\u011btla do kamery.<\/p>\n<p>\u2013 0,5X a 1X adapt\u00e9r pro fotoapar\u00e1ty se standardn\u00edm z\u00e1vitem C.<\/p>\n<p>\u2013 Stojan<\/p>\n<p>\u2013 APTINA 5.0 megapixelov\u00fd fotoapar\u00e1t USB 2.0 s vysoce v\u00fdkonn\u00fdm sn\u00edma\u010dem APTINA MT9P001 s kompletn\u00edm nastaven\u00edm parametr\u016f menu a kompatibilitou s opera\u010dn\u00edm syst\u00e9mem Windows.<\/p>\n<p>\u2013 Vyhrazen\u00e1 kamera USB2.0. Maxim\u00e1ln\u00ed rozli\u0161en\u00ed 5,0 megapixel\u016f 2592H x 1944V. Velikost pixelu 2,2 \u00d7 2,2 mikronu.<\/p>\n<p>\u2013 Vysok\u00e1 sn\u00edmkov\u00e1 frekvence a\u017e 15 sn\u00edmk\u016f za sekundu p\u0159i pln\u00e9m rozli\u0161en\u00ed.<\/p>\n<p>\u2013 Kovov\u00e9 okul\u00e1ry se \u0161irok\u00fdm zorn\u00fdm polem a vysok\u00fdm reli\u00e9fem 10X\/22 mm s korekc\u00ed na 30 mm s plochou mont\u00e1\u017e\u00ed.<\/p>\n<p>\u2013 Pomocn\u00fd okul\u00e1r s k\u0159\u00ed\u017eovou vazbou 10X\/20 mm pro m\u011b\u0159en\u00ed na 30mm mont\u00e1\u017ei.<\/p>\n<p>\u2013 \u010cty\u0159n\u00e1sobn\u00fd revolver s centrovac\u00edm syst\u00e9mem pro PETROGRAFII, bez lo\u017eisek a s p\u0159esn\u00fdm polohov\u00fdm zna\u010den\u00edm.<\/p>\n<p>\u2013 Modul pro beznap\u011b\u0165ovou metalurgii pro polarizaci, RMS a DIN45 5X, 10X, 20X a 50X.<\/p>\n<p>\u2013 PETROGRAFICK\u00dd MODUL s polariza\u010dn\u00edm modulem s Bertrandov\u00fdm objektivem.<\/p>\n<p>\u2013 Nastaviteln\u00fd analyz\u00e1tor a kompenza\u010dn\u00ed skl\u00ed\u010dka 1\/4 lambda, pln\u00e1 lambda a k\u0159emenn\u00fd kl\u00edn<\/p>\n<p>\u2013 140mm 360\u00ba oto\u010dn\u00fd stolek pro polarizaci s dr\u017e\u00e1ky objekt\u016f.<\/p>\n<p>\u2013 Abbeho kondenzor 1,25 n.a. Speci\u00e1ln\u00ed pro polarizaci s nastaviteln\u00fdm polariz\u00e1torem, v\u00fd\u0161kov\u011b nastaviteln\u00fd pomoc\u00ed ozuben\u00e9ho kole\u010dka, m\u00e1 membr\u00e1nu.<\/p>\n<p>\u2013 Modul METALLURGIC Bridge s polarizac\u00ed.<\/p>\n<p>\u2013 Blokov\u00fd modul obj\u00edmky s 50W halogenovou \u017e\u00e1rovkou s extern\u00edm 50W analogov\u00fdm nap\u00e1jen\u00edm.<\/p>\n<p>\u2013 Syst\u00e9m makroost\u0159en\u00ed s regulac\u00ed nap\u011bt\u00ed a v\u00fd\u0161kov\u00fdm dorazem, kter\u00fd zabra\u0148uje kolizi s objektivy.<\/p>\n<p>\u2013 Mikroost\u0159ic\u00ed syst\u00e9m pomoc\u00ed korunky a ozuben\u00fdch kol s nekone\u010dnou rotac\u00ed a p\u0159esnost\u00ed 2 mikrony na d\u011blen\u00ed, kter\u00e1 dosahuje maxim\u00e1ln\u00ed standardizovan\u00e9 hodnoty pro laboratorn\u00ed pou\u017eit\u00ed.<\/p>\n<p>\u2013 Osv\u011btlova\u010d Kohler s clonou a \u010do\u010dkou z matn\u00e9ho skla s nastaviteln\u00fdm centrovac\u00edm syst\u00e9mem.<\/p>\n<p>\u2013 Vysoce v\u00fdkonn\u00e9 30W intern\u00ed halogenov\u00e9 osv\u011btlovac\u00ed za\u0159\u00edzen\u00ed s regulac\u00ed intenzity a bezpe\u010dnostn\u00edm sp\u00edna\u010dem.<\/p>\n<p><strong>POPIS A \u00daPRAVA ZKOU\u0160EN\u00ddCH VZORK\u016e<\/strong><\/p>\n<p>T\u0159i lahvi\u010dky p\u0159\u00edpravku Comirnaty Pfizer, zobrazen\u00e9 na p\u0159ilo\u017een\u00e9 fotografii, byly testov\u00e1ny technikami popsan\u00fdmi v \u00favodu. Vzorky byly z\u00edsk\u00e1ny ze zape\u010det\u011bn\u00fdch lahvi\u010dek vakc\u00edn Comirnaty Pfizer COVID19 mRNA. V\u0161echny lahvi\u010dky byly p\u0159i zpracov\u00e1n\u00ed zape\u010det\u011bny. Vzorky byly extrahov\u00e1ny z p\u0159\u00edslu\u0161n\u00fdch lahvi\u010dek pomoc\u00ed mikrosyring\u016f a nov\u00fdch steriln\u00edch jehel tak, \u017ee se na skl\u00ed\u010dko nanesly r\u016fzn\u00e9 alikvoty z ka\u017ed\u00e9 lahvi\u010dky o objemu p\u0159ibli\u017en\u011b 10ul.\u00a0<strong>V prvn\u00edm p\u0159ibl\u00ed\u017een\u00ed se zd\u00e1, \u017ee analyzovan\u00e9 vzorky proud\u00ed v suspenzi nebo hydrogelu, kter\u00fd udr\u017euje tok a vodnatost slo\u017eek, kter\u00e9 je tvo\u0159\u00ed.<\/strong>\u00a0V z\u00e1vislosti na povrchov\u00e9m nap\u011bt\u00ed suspenze jsou v r\u016fzn\u00fdch rovin\u00e1ch nebo reli\u00e9fech r\u016fzn\u00fdch analyzovan\u00fdch vzork\u016f viditeln\u00e9 ur\u010dit\u00e9 objekty s r\u016fznou kvalitou.<\/p>\n<p><a href=\"https:\/\/aeronet.cz\/news\/wp-content\/uploads\/SevillaStudy_10.jpg\"><img decoding=\"async\" loading=\"lazy\" class=\" wp-image-50065 aligncenter\" src=\"https:\/\/aeronet.cz\/news\/wp-content\/uploads\/SevillaStudy_10.jpg\" sizes=\"(max-width: 960px) 100vw, 960px\" srcset=\"https:\/\/aeronet.cz\/news\/wp-content\/uploads\/SevillaStudy_10.jpg 960w, https:\/\/aeronet.cz\/news\/wp-content\/uploads\/SevillaStudy_10-300x225.jpg 300w, https:\/\/aeronet.cz\/news\/wp-content\/uploads\/SevillaStudy_10-768x576.jpg 768w, https:\/\/aeronet.cz\/news\/wp-content\/uploads\/SevillaStudy_10-700x525.jpg 700w, https:\/\/aeronet.cz\/news\/wp-content\/uploads\/SevillaStudy_10-476x357.jpg 476w, https:\/\/aeronet.cz\/news\/wp-content\/uploads\/SevillaStudy_10-644x483.jpg 644w\" alt=\"\" width=\"437\" height=\"328\" \/><\/a><\/p>\n<p><em>Nano\u010dip ve vakc\u00edn\u011b Pfizer se z\u00e1b\u011brem na detaily integrovan\u00fdch obvod\u016f<\/em><\/p>\n<p>V pr\u016fb\u011bhu tohoto zkoum\u00e1n\u00ed pro\u0161ly z\u00edskan\u00e9 sn\u00edmky pozorovateln\u00fdm v\u00fdvojem optick\u00e9 anal\u00fdzy v z\u00e1vislosti na dob\u011b, kter\u00e1 uplynula od jejich vystaven\u00ed na skl\u00ed\u010dku do jejich \u00fapln\u00e9ho odpa\u0159en\u00ed v prost\u0159ed\u00ed, kde doch\u00e1z\u00ed ke zv\u011btr\u00e1v\u00e1n\u00ed. Po rozs\u00e1hl\u00fdch intervalech optick\u00e9ho mikroskopick\u00e9ho pozorov\u00e1n\u00ed s pou\u017eit\u00edm r\u016fzn\u00fdch sv\u011bteln\u00fdch filtr\u016f a r\u016fzn\u00fdch kvalit zv\u011bt\u0161en\u00ed byly v r\u016fzn\u00fdch rovin\u00e1ch vzorku pozorov\u00e1ny kompatibiln\u00ed objekty s grafenick\u00fdm vzhledem.<\/p>\n<p><a href=\"https:\/\/aeronet.cz\/news\/wp-content\/uploads\/SevillaStudy_15.jpg\"><img decoding=\"async\" loading=\"lazy\" class=\"alignnone wp-image-50060\" src=\"https:\/\/aeronet.cz\/news\/wp-content\/uploads\/SevillaStudy_15.jpg\" sizes=\"(max-width: 960px) 100vw, 960px\" srcset=\"https:\/\/aeronet.cz\/news\/wp-content\/uploads\/SevillaStudy_15.jpg 960w, https:\/\/aeronet.cz\/news\/wp-content\/uploads\/SevillaStudy_15-300x225.jpg 300w, https:\/\/aeronet.cz\/news\/wp-content\/uploads\/SevillaStudy_15-768x576.jpg 768w, https:\/\/aeronet.cz\/news\/wp-content\/uploads\/SevillaStudy_15-700x525.jpg 700w, https:\/\/aeronet.cz\/news\/wp-content\/uploads\/SevillaStudy_15-476x357.jpg 476w, https:\/\/aeronet.cz\/news\/wp-content\/uploads\/SevillaStudy_15-644x483.jpg 644w\" alt=\"\" width=\"432\" height=\"324\" \/><\/a><\/p>\n<p><em>Nano\u010dip ve vakc\u00edn\u011b Pfizer<\/em><\/p>\n<p><strong>Krom\u011b toho jsou patrn\u00e9 n\u011bkter\u00e9 objekty \u010dty\u0159\u00faheln\u00edkov\u00e9ho vzhledu a samovoln\u00e9 sestavov\u00e1n\u00ed objekt\u016f do klikat\u00e9ho uspo\u0159\u00e1d\u00e1n\u00ed, kter\u00e9 byly pozorov\u00e1ny b\u011bhem \u0161et\u0159en\u00ed v re\u00e1ln\u00e9m \u010dase.<\/strong>\u00a0Po t\u00e9m\u011b\u0159 \u00fapln\u00e9m odpa\u0159en\u00ed vzork\u016f v\u0161ak tento v\u00fdvoj d\u00e1v\u00e1 vzniknout slo\u017eit\u011bj\u0161\u00edm struktur\u00e1m p\u0159ipom\u00ednaj\u00edc\u00edm um\u011bl\u00e9 vzory typick\u00e9 pro technologii mikros\u00edt\u00ed uvnit\u0159 t\u011bla, jak je uvedeno ve v\u011bdeck\u00e9 literatu\u0159e v r\u016fzn\u00fdch publikac\u00edch.<\/p>\n<p><a href=\"https:\/\/aeronet.cz\/news\/wp-content\/uploads\/SevillaStudy_21.jpg\"><img decoding=\"async\" loading=\"lazy\" class=\" wp-image-50054 aligncenter\" src=\"https:\/\/aeronet.cz\/news\/wp-content\/uploads\/SevillaStudy_21.jpg\" sizes=\"(max-width: 960px) 100vw, 960px\" srcset=\"https:\/\/aeronet.cz\/news\/wp-content\/uploads\/SevillaStudy_21.jpg 960w, https:\/\/aeronet.cz\/news\/wp-content\/uploads\/SevillaStudy_21-300x225.jpg 300w, https:\/\/aeronet.cz\/news\/wp-content\/uploads\/SevillaStudy_21-768x576.jpg 768w, https:\/\/aeronet.cz\/news\/wp-content\/uploads\/SevillaStudy_21-700x525.jpg 700w, https:\/\/aeronet.cz\/news\/wp-content\/uploads\/SevillaStudy_21-476x357.jpg 476w, https:\/\/aeronet.cz\/news\/wp-content\/uploads\/SevillaStudy_21-644x483.jpg 644w\" alt=\"\" width=\"450\" height=\"338\" \/><\/a><\/p>\n<p><em>Nano\u010dip ve vakc\u00edn\u011b Pfizer<\/em><\/p>\n<p>Pozn\u00e1mka: Aby se zabr\u00e1nilo jak\u00e9mukoli druhu kontaminace, kter\u00e1 by mohla ovlivnit kone\u010dn\u00fd v\u00fdsledek v\u00fdzkumu, byly vzorky po celou dobu v\u00fdzkumu uchov\u00e1v\u00e1ny v zape\u010det\u011bn\u00fdch n\u00e1dob\u00e1ch a p\u0159i zach\u00e1zen\u00ed s nimi, od jejich pozorov\u00e1n\u00ed a\u017e po jejich skladov\u00e1n\u00ed a uchov\u00e1v\u00e1n\u00ed, byly dodr\u017eov\u00e1ny nejp\u0159\u00edsn\u011bj\u0161\u00ed hygienick\u00e9 z\u00e1sady.<\/p>\n<p><strong>IDENTIFIKACE OBJEKT\u016e SOUVISEJ\u00cdC\u00cdCH S GRAFENEM<\/strong><\/p>\n<p>Ve vzorc\u00edch je uvedena mikroskopick\u00e1 fotografick\u00e1 zpr\u00e1va o n\u011bkter\u00fdch objektech se vzhledem grafenu, kter\u00e9 byly z\u00edsk\u00e1ny v r\u016fzn\u00fdch vzorc\u00edch. Stoj\u00ed za pov\u0161imnut\u00ed m\u00edra podobnosti se sn\u00edmky z\u00edskan\u00fdmi Dr. Camprou z Madridu v jeho pr\u00e1ci \u201c<em>Detection of graphene oxide in aqueous suspension, observational study in optical and electron microscopy<\/em>.\u201d (Detekce oxidu grafenu ve vodn\u00e9 suspenzi, observa\u010dn\u00ed studie v optick\u00e9 a elektronov\u00e9 mikroskopii). Pr\u016fb\u011b\u017en\u00e1 zpr\u00e1va (Dr. Campra, 2. \u010dervna 2021).<\/p>\n<p><a href=\"https:\/\/aeronet.cz\/news\/wp-content\/uploads\/SevillaStudy_23.jpg\"><img decoding=\"async\" loading=\"lazy\" class=\" wp-image-50052 aligncenter\" src=\"https:\/\/aeronet.cz\/news\/wp-content\/uploads\/SevillaStudy_23.jpg\" sizes=\"(max-width: 960px) 100vw, 960px\" srcset=\"https:\/\/aeronet.cz\/news\/wp-content\/uploads\/SevillaStudy_23.jpg 960w, https:\/\/aeronet.cz\/news\/wp-content\/uploads\/SevillaStudy_23-300x225.jpg 300w, https:\/\/aeronet.cz\/news\/wp-content\/uploads\/SevillaStudy_23-768x576.jpg 768w, https:\/\/aeronet.cz\/news\/wp-content\/uploads\/SevillaStudy_23-700x525.jpg 700w, https:\/\/aeronet.cz\/news\/wp-content\/uploads\/SevillaStudy_23-476x357.jpg 476w, https:\/\/aeronet.cz\/news\/wp-content\/uploads\/SevillaStudy_23-644x483.jpg 644w\" alt=\"\" width=\"441\" height=\"331\" \/><\/a><\/p>\n<p><em>Nano\u010dip ve vakc\u00edn\u011b Pfizer<\/em><\/p>\n<p>Na z\u00e1klad\u011b tohoto \u0161et\u0159en\u00ed a zpr\u00e1vy o tom, co bylo ve vzorc\u00edch pozorov\u00e1no, m\u016f\u017eeme vyvodit n\u00e1sleduj\u00edc\u00ed z\u00e1v\u011bry:\u00a0<strong>Grafen obsa\u017een\u00fd v lahvi\u010dk\u00e1ch je ur\u010den k zesilov\u00e1n\u00ed mikrovlnn\u00fdch sign\u00e1l\u016f v sou\u010dasn\u00e9m p\u00e1smu GHz z ant\u00e9n mobiln\u00edch telefon\u016f v rozsahu a\u017e THz<\/strong>, co\u017e umo\u017en\u00ed spr\u00e1vn\u00e9 fungov\u00e1n\u00ed v\u0161ech mikrotechnologi\u00ed uv\u00e1d\u011bn\u00fdch ve v\u011bdeck\u00e9 literatu\u0159e a pravd\u011bpodobn\u011b pozorovateln\u00fdch ve vzorc\u00edch analyzovan\u00fdch v t\u00e9to zpr\u00e1v\u011b. \u201c<em>EEWNSN: Energeticky \u00fa\u010dinn\u00fd protokol MAC bezdr\u00e1tov\u00e9 nanosenzorov\u00e9 s\u00edt\u011b pro komunikaci v terahertzov\u00e9m p\u00e1smu<\/em>\u201d [<a href=\"https:\/\/href.li\/?https:\/\/dl.acm.org\/doi\/10.1007\/s11277-017-4517-4\" target=\"_blank\" rel=\"nofollow noopener\">11<\/a>].<\/p>\n<p><a href=\"https:\/\/aeronet.cz\/news\/wp-content\/uploads\/SevillaStudy_05.jpg\"><img decoding=\"async\" loading=\"lazy\" class=\"alignnone wp-image-50070\" src=\"https:\/\/aeronet.cz\/news\/wp-content\/uploads\/SevillaStudy_05.jpg\" sizes=\"(max-width: 957px) 100vw, 957px\" srcset=\"https:\/\/aeronet.cz\/news\/wp-content\/uploads\/SevillaStudy_05.jpg 957w, https:\/\/aeronet.cz\/news\/wp-content\/uploads\/SevillaStudy_05-300x226.jpg 300w, https:\/\/aeronet.cz\/news\/wp-content\/uploads\/SevillaStudy_05-768x578.jpg 768w, https:\/\/aeronet.cz\/news\/wp-content\/uploads\/SevillaStudy_05-700x527.jpg 700w, https:\/\/aeronet.cz\/news\/wp-content\/uploads\/SevillaStudy_05-475x357.jpg 475w, https:\/\/aeronet.cz\/news\/wp-content\/uploads\/SevillaStudy_05-642x483.jpg 642w\" alt=\"\" width=\"352\" height=\"265\" \/><\/a><\/p>\n<p><em>Porovn\u00e1n\u00ed sn\u00edmku z mikroskopu s produktem organizace Grafen Flagship. Naprosto toto\u017en\u00e9<\/em><\/p>\n<p>To vysv\u011btluje skute\u010dnost, \u017ee v\u011bt\u0161ina \u201co\u010dkovan\u00fdch\u201d touto technologi\u00ed krom\u011b grafenu zaveden\u00e9ho do lahvi\u010dek, vys\u00edl\u00e1 MAC adresy, kter\u00e9 jsou registrov\u00e1ny v bezdr\u00e1tov\u00e9 technologii Bluetooth, jak si dnes m\u016f\u017ee ov\u011b\u0159it ka\u017ed\u00fd, ani\u017e by se k tomuto t\u00e9matu vyj\u00e1d\u0159il jak\u00fdkoli org\u00e1n nebo se o tom zm\u00ednila jak\u00e1koli ofici\u00e1ln\u00ed \u201cm\u00e9dia\u201d. N\u011bkter\u00e9 z mnoha v\u011bdeck\u00fdch publikac\u00ed o pou\u017eit\u00ed protokol\u016f MAC pro mikros\u00edt\u011b vyu\u017e\u00edvaj\u00edc\u00ed grafen naleznete zde: \u201c<em>MAC protocols for Wireless Nano-sensor Networks: Performance analysis and design guidelines<\/em>\u201c.<\/p>\n<p>Celou studii v nezkr\u00e1cen\u00e9 verzi ve \u0161pan\u011bl\u0161tin\u011b si m\u016f\u017eete st\u00e1hnout v PDF\u00a0<strong><a href=\"https:\/\/href.li\/?https:\/\/www.docdroid.net\/file\/download\/n36IOrK\/identificacion-de-microtecnologia-y-patrones-artificiales-en-vacuna-pdf.pdf\" target=\"_blank\" rel=\"nofollow noopener\">zde<\/a><\/strong>.<\/p>\n<h6><span style=\"font-size: 14pt;\">\u010clov\u011bk se stane bionickou bytost\u00ed s elektronick\u00fdmi obvody slou\u010den\u00fdmi s org\u00e1ny biologick\u00e9ho t\u011bla. A bude sledov\u00e1n. A ovl\u00e1d\u00e1n. V\u0161ude!<\/span><\/h6>\n<p>Mal\u00e9 nano-obvody vy\u017eaduj\u00ed ke sv\u00e9mu provozu zanedbateln\u00e9 p\u0159\u00edkony v \u0159\u00e1dech mikrowatt\u016f. A tento p\u0159\u00edkon lze snadno bezdr\u00e1tov\u011b p\u0159en\u00e9st p\u0159es 5G s\u00edt\u011b a jejich vys\u00edla\u010de. Ka\u017ed\u00fd \u010dlov\u011bk bude m\u00edt tak jednoho dne v sob\u011b registra\u010dn\u00ed a platebn\u00ed modul, kter\u00fdm bude platit pr\u016fchodem dve\u0159mi.<strong>\u00a0Proto te\u010f globalist\u00e9 usiluj\u00ed o vytvo\u0159en\u00ed digit\u00e1ln\u00ed m\u011bny, bankovn\u00ed identity, proto vl\u00e1da Petra Fialy navrhuje \u0159idi\u010dsk\u00e9 a ob\u010dansk\u00e9 pr\u016fkazy p\u0159en\u00e9st do chytr\u00e9ho telefonu<\/strong>, digitalizovat je, aby i tyto doklady bylo mo\u017en\u00e9 v budoucnu p\u0159en\u00e9st do vakcina\u010dn\u00edch nano-modul\u016f. Je\u0161t\u011b se zastav\u00edm u Petra Fialy.<\/p>\n<figure id=\"attachment_50071\" class=\"wp-caption aligncenter\" style=\"width: 500px;\"><a href=\"https:\/\/aeronet.cz\/news\/wp-content\/uploads\/SevillaStudy_04.jpg\"><img decoding=\"async\" loading=\"lazy\" class=\"wp-image-50071 \" src=\"https:\/\/aeronet.cz\/news\/wp-content\/uploads\/SevillaStudy_04-1024x564.jpg\" sizes=\"(max-width: 700px) 100vw, 700px\" srcset=\"https:\/\/aeronet.cz\/news\/wp-content\/uploads\/SevillaStudy_04-1024x564.jpg 1024w, https:\/\/aeronet.cz\/news\/wp-content\/uploads\/SevillaStudy_04-300x165.jpg 300w, https:\/\/aeronet.cz\/news\/wp-content\/uploads\/SevillaStudy_04-768x423.jpg 768w, https:\/\/aeronet.cz\/news\/wp-content\/uploads\/SevillaStudy_04-700x386.jpg 700w, https:\/\/aeronet.cz\/news\/wp-content\/uploads\/SevillaStudy_04-648x357.jpg 648w, https:\/\/aeronet.cz\/news\/wp-content\/uploads\/SevillaStudy_04-877x483.jpg 877w, https:\/\/aeronet.cz\/news\/wp-content\/uploads\/SevillaStudy_04.jpg 1280w\" alt=\"\" width=\"500\" height=\"275\" \/><\/a><figcaption class=\"wp-caption-text\">Porovn\u00e1n\u00ed v\u011bdeck\u00e9 literatury o nano\u010dipech s aktu\u00e1ln\u011b po\u0159\u00edzen\u00fdmi fotografiemi z mikrospkopu<\/figcaption><\/figure>\n<p>Byla by obrovsk\u00e1 chyba alternativy, kdyby si myslela, \u017ee Petr Fiala je naivn\u00ed podr\u017eta\u0161ka, kter\u00fd nev\u00ed, kde mu ul\u00e9tli mot\u00fdle.\u00a0<strong>Na rozd\u00edl od Andreje Babi\u0161e pochopil, \u017ee v roce 2022 u\u017e nejde o teror a v\u00fdchovu lid\u00ed k poslu\u0161nosti, ale jde ji\u017e o fin\u00e1ln\u00ed implementaci digit\u00e1ln\u00edho v\u011bku \u0161elmy (666 Nix NFC Age).<\/strong>\u00a0Proto dnes Fialova vl\u00e1da ozn\u00e1mila\u00a0<strong>[<a href=\"https:\/\/href.li\/?https:\/\/www.idnes.cz\/zpravy\/domaci\/povinne-ockovani-valek-pandemie-covid-opatreni-vlada-petra-fialy.A220119_152847_domaci_idvs\" target=\"_blank\" rel=\"nofollow noopener\">12<\/a>]<\/strong>, \u017ee v \u010cR z\u016fstane o\u010dkov\u00e1n\u00ed dobrovoln\u00e9, proto\u017ee v t\u00e9to chv\u00edli a situaci je jasn\u00e9, \u017ee lid\u00e9 se nechaj\u00ed k o\u010dkov\u00e1n\u00ed dotla\u010dit digitalizac\u00ed spole\u010dnosti a covidov\u00fdm d\u011blen\u00edm populace.<\/p>\n<p>A to na ty, kte\u0159\u00ed maj\u00ed p\u0159\u00edstup do prostor pro o\u010dkovan\u00e9, a kte\u0159\u00ed nejsou o\u010dkovan\u00ed a p\u0159\u00edstup tam nemaj\u00ed. A toto samo o sob\u011b sta\u010d\u00ed k tomu, \u017ee o\u010dkovac\u00ed kv\u00f3ta v \u010cR okolo 90% se poda\u0159\u00ed do 2 let naplnit. Nikdo nikoho k povinnosti vaxu nutit nebude, lid\u00e9 se nao\u010dkuj\u00ed sami, aby m\u011bli p\u0159\u00edstup. A ten zbytek lid\u00ed, tedy antivaxe\u0159i, ti budou postupn\u011b vytla\u010dov\u00e1ni odev\u0161ad, ale pozor, ne z rozhodnut\u00ed vl\u00e1dy! Sami obchodn\u00edci, podnikatel\u00e9, zam\u011bstnavatel\u00e9, firmy, prodejci, a dokonce kamar\u00e1di a p\u0159\u00e1tel\u00e9, ti v\u0161ichni za\u010dnou neo\u010dkovan\u00e9 osoby izolovat a odm\u00edtat jim slu\u017eby.<\/p>\n<h6><span style=\"font-size: 14pt;\">Pro\u010d Fiala v \u010cR odp\u00edskal vakcina\u010dn\u00ed mand\u00e1t? Proto\u017ee u\u017e nen\u00ed pot\u0159eba, lid\u00e9 se nao\u010dkuj\u00ed kv\u016fli nezbytnosti, ne z donucen\u00ed!<\/span><\/h6>\n<p>A ono to u\u017e tak dnes dokonce funguje. Pro\u010d by tedy vl\u00e1da p\u0159istupovala k povinn\u00e9mu vaxu v v \u010cR? V\u017edy\u0165 to nen\u00ed pot\u0159eba, lid\u00e9 stoj\u00ed fronty na vax, aby mohli do hospody. A t\u00edm je to dan\u00e9. Naopak, vl\u00e1da by povinn\u00fdm o\u010dkov\u00e1n\u00edm v \u010cR proti sob\u011b vyvolala vlnu odporu, a naprosto zbyte\u010dn\u011b.\u00a0<strong>Drtiv\u00e1 v\u011bt\u0161ina lid\u00ed si vax po\u0159\u00edd\u00ed, ale ne kv\u016fli zdrav\u00ed. Kv\u016fli pr\u00e1ci, kv\u016fli je\u017ed\u011bn\u00ed v MHD, kv\u016fli cest\u00e1m na \u00fa\u0159ad, kv\u016fli n\u00e1kup\u016fm v obchodech, kv\u016fli chozen\u00ed do n\u00e1kupn\u00edho centra, kv\u016fli cestov\u00e1n\u00ed p\u0159es hranice, kv\u016fli slev\u011b na poji\u0161t\u011bn\u00ed, kv\u016fli levn\u011bj\u0161\u00ed hypot\u00e9ce, kv\u016fli \u010demukoliv.<\/strong><\/p>\n<p>Vakc\u00edna si tak najde cestu do t\u011bl drtiv\u00e9 v\u011bt\u0161iny populace z vlastn\u00edho rozhodnut\u00ed, vl\u00e1da k tomu nen\u00ed pot\u0159eba. Pouze Babi\u0161 pot\u0159eboval vyst\u0159\u00edkat do lid\u00ed draze nakoupen\u00e9 vaxy za ka\u017edou cenu, proto tla\u010dil povinn\u00fd vax, Fiala u\u017e ale tla\u010dit nepot\u0159ebuje. Proto mn\u011b d\u011bs\u00ed ta naivita, jak n\u011bkdo oslavuje, \u017ee o\u010dkov\u00e1n\u00ed nebude povinn\u00e9, \u017ee to vl\u00e1da \u0161krtla, kdy\u017e to o\u010dkov\u00e1n\u00ed bude nad\u00e1le vy\u017eadovan\u00e9 soukrom\u00fdmi subjekty. Copak tohle\u00a0<em>chucpe<\/em>\u00a0lid\u00e9 nevid\u00ed? Nech\u00e1pou?<\/p>\n<div id=\"td_uid_1_61e8e80db9e74\" class=\"td-slide-on-2-columns\">\n<div class=\"post_galery_slide_1\">\n<div class=\"td-gallery-slide-top\">\n<div class=\"td-gallery-title\">Sn\u00edmky objekt\u016f ve vakc\u00edn\u011b Pfizer<\/div>\n<div class=\"td-gallery-controls-wrapper\">\n<div class=\"td-gallery-slide-count\"><span class=\"td-gallery-slide-item-focus\">1<\/span>\u00a0of 54<\/div>\n<div class=\"td-gallery-slide-prev-next-but\"><i class=\"td-icon-left doubleSliderPrevButton\"><\/i>\u00a0<i class=\"td-icon-right doubleSliderNextButton\"><\/i><\/div>\n<\/div>\n<\/div>\n<div class=\"td-doubleSlider-1\">\n<div class=\"td-slider\">\n<div class=\"td-slide-item td-item1\">\n<figure class=\"td-slide-galery-figure td-slide-popup-gallery\"><a class=\"slide-gallery-image-link\" title=\"SevillaStudy_01\" href=\"https:\/\/aeronet.cz\/news\/wp-content\/uploads\/SevillaStudy_01.jpg\" data-caption=\"\" data-description=\"\"><img decoding=\"async\" loading=\"lazy\" class=\"\" src=\"https:\/\/aeronet.cz\/news\/wp-content\/uploads\/SevillaStudy_01-595x357.jpg\" alt=\"\" width=\"643\" height=\"386\" \/><\/a><\/figure>\n<\/div>\n<div class=\"td-slide-item td-item2\">\n<figure class=\"td-slide-galery-figure td-slide-popup-gallery\"><a class=\"slide-gallery-image-link\" title=\"SevillaStudy_02\" href=\"https:\/\/aeronet.cz\/news\/wp-content\/uploads\/SevillaStudy_02.jpg\" data-caption=\"\" data-description=\"\"><img decoding=\"async\" src=\"https:\/\/aeronet.cz\/news\/wp-content\/uploads\/SevillaStudy_02-799x357.jpg\" alt=\"\" \/><\/a><\/figure>\n<\/div>\n<div class=\"td-slide-item td-item3\">\n<figure class=\"td-slide-galery-figure td-slide-popup-gallery\"><a class=\"slide-gallery-image-link\" title=\"SevillaStudy_03\" href=\"https:\/\/aeronet.cz\/news\/wp-content\/uploads\/SevillaStudy_03.jpg\" data-caption=\"\" data-description=\"\"><img decoding=\"async\" src=\"https:\/\/aeronet.cz\/news\/wp-content\/uploads\/SevillaStudy_03-846x357.jpg\" alt=\"\" \/><\/a><\/figure>\n<\/div>\n<div class=\"td-slide-item td-item4\">\n<figure class=\"td-slide-galery-figure td-slide-popup-gallery\"><a class=\"slide-gallery-image-link\" title=\"SevillaStudy_04\" href=\"https:\/\/aeronet.cz\/news\/wp-content\/uploads\/SevillaStudy_04.jpg\" data-caption=\"\" data-description=\"\"><img decoding=\"async\" src=\"https:\/\/aeronet.cz\/news\/wp-content\/uploads\/SevillaStudy_04-648x357.jpg\" alt=\"\" \/><\/a><\/figure>\n<\/div>\n<div class=\"td-slide-item td-item11\">\n<figure class=\"td-slide-galery-figure td-slide-popup-gallery\"><a class=\"slide-gallery-image-link\" title=\"SevillaStudy_11\" href=\"https:\/\/aeronet.cz\/news\/wp-content\/uploads\/SevillaStudy_11.jpg\" data-caption=\"\" data-description=\"\"><img decoding=\"async\" src=\"https:\/\/aeronet.cz\/news\/wp-content\/uploads\/SevillaStudy_11-476x357.jpg\" alt=\"\" \/><\/a><\/figure>\n<\/div>\n<div class=\"td-slide-item td-item16\">\n<figure class=\"td-slide-galery-figure td-slide-popup-gallery\"><a class=\"slide-gallery-image-link\" title=\"SevillaStudy_16\" href=\"https:\/\/aeronet.cz\/news\/wp-content\/uploads\/SevillaStudy_16.jpg\" data-caption=\"\" data-description=\"\"><img decoding=\"async\" src=\"https:\/\/aeronet.cz\/news\/wp-content\/uploads\/SevillaStudy_16-476x357.jpg\" alt=\"\" \/><\/a><\/figure>\n<\/div>\n<div class=\"td-slide-item td-item35\">\n<figure class=\"td-slide-galery-figure td-slide-popup-gallery\"><a class=\"slide-gallery-image-link\" title=\"SevillaStudy_35\" href=\"https:\/\/aeronet.cz\/news\/wp-content\/uploads\/SevillaStudy_35.jpg\" data-caption=\"\" data-description=\"\"><img decoding=\"async\" src=\"https:\/\/aeronet.cz\/news\/wp-content\/uploads\/SevillaStudy_35-476x357.jpg\" alt=\"\" \/><\/a><\/figure>\n<\/div>\n<div class=\"td-slide-item td-item36\">\n<figure class=\"td-slide-galery-figure td-slide-popup-gallery\">\nVax bude po\u017eadovan\u00fd zam\u011bstnavateli, soukrom\u00fdmi provozovateli slu\u017eeb, dopravci, na hranic\u00edch atd. A opat\u0159en\u00ed zdramini to jist\u011b zajist\u00ed i doma, podle pot\u0159eby. To ne vl\u00e1da, ne ne. Opat\u0159en\u00ed zdramini ponese ps\u00ed hlavu! Ka\u017ed\u00fd podzim revax na chozen\u00ed do obchod\u016f, do restaurac\u00ed, do kina. A zam\u011bstnavatel\u00e9 budou tla\u010dit vax. To ne vl\u00e1da, to firmy a korpor\u00e1t. <strong>Na vakc\u00edny bude tla\u010dit cel\u00fd tr\u017en\u00ed sektor, v\u0161echny nadn\u00e1rodn\u00ed \u0159et\u011bzce a korporace, v\u0161ichni zam\u011bstnavatel\u00e9. Tak pro\u010d by st\u00e1t zav\u00e1d\u011bl v takov\u00e9 situaci nucen\u00fd vax?<\/strong>\u00a0Ten vax lidem vnut\u00ed za posledn\u00ed dva roky indukovan\u00e9 okolnosti ve spole\u010dnosti. Fa\u0161izace ve spole\u010dnosti je hotov\u00e1, tak\u017ee vl\u00e1da nemus\u00ed vyhla\u0161ovat povinn\u00fd vax. Vl\u00e1da se m\u016f\u017ee jenom d\u00edvat, jak se ve spole\u010dnosti za 2 roky spole\u010dnost p\u0159erodila. Strach z viru mezi lidmi zv\u00edt\u011bzil. A zbytek, kdo nem\u011bl strach, se jen p\u0159izp\u016fsobil a p\u0159izp\u016fsob\u00ed.<\/figure>\n<\/div>\n<\/div>\n<\/div>\n<\/div>\n<\/div>\n<p>-VK- \u0160\u00e9fredaktor AE News<\/p>\n<p><a href=\"https:\/\/aeronet.cz\/news\/spanelsky-vyzkumnik-potvrdil-ve-vedecke-studii-pritomnost-nanocipu-v-lahvickach-ockovaci-latky-comirnaty-od-spolecnosti-pfizer-a-nafotil-mikroskopem-jejich-fotografie-desive-zabery-ukazuji-neco\/\">ZDROJ<\/a><\/p>\n<p>&nbsp;<\/p>\n","protected":false},"excerpt":{"rendered":"<p>\u0160pan\u011blsk\u00fd v\u00fdzkumn\u00edk potvrdil ve v\u011bdeck\u00e9 studii p\u0159\u00edtomnost nano\u010dip\u016f v lahvi\u010dk\u00e1ch o\u010dkovac\u00ed l\u00e1tky Comirnaty od spole\u010dnosti&#8230;<\/p>\n","protected":false},"author":2,"featured_media":5887,"comment_status":"closed","ping_status":"closed","sticky":false,"template":"","format":"standard","meta":[],"categories":[7],"tags":[341,1745,315,651],"_links":{"self":[{"href":"https:\/\/www.infokuryr.cz\/n\/wp-json\/wp\/v2\/posts\/7660"}],"collection":[{"href":"https:\/\/www.infokuryr.cz\/n\/wp-json\/wp\/v2\/posts"}],"about":[{"href":"https:\/\/www.infokuryr.cz\/n\/wp-json\/wp\/v2\/types\/post"}],"author":[{"embeddable":true,"href":"https:\/\/www.infokuryr.cz\/n\/wp-json\/wp\/v2\/users\/2"}],"replies":[{"embeddable":true,"href":"https:\/\/www.infokuryr.cz\/n\/wp-json\/wp\/v2\/comments?post=7660"}],"version-history":[{"count":0,"href":"https:\/\/www.infokuryr.cz\/n\/wp-json\/wp\/v2\/posts\/7660\/revisions"}],"wp:featuredmedia":[{"embeddable":true,"href":"https:\/\/www.infokuryr.cz\/n\/wp-json\/wp\/v2\/media\/5887"}],"wp:attachment":[{"href":"https:\/\/www.infokuryr.cz\/n\/wp-json\/wp\/v2\/media?parent=7660"}],"wp:term":[{"taxonomy":"category","embeddable":true,"href":"https:\/\/www.infokuryr.cz\/n\/wp-json\/wp\/v2\/categories?post=7660"},{"taxonomy":"post_tag","embeddable":true,"href":"https:\/\/www.infokuryr.cz\/n\/wp-json\/wp\/v2\/tags?post=7660"}],"curies":[{"name":"wp","href":"https:\/\/api.w.org\/{rel}","templated":true}]}}