{"id":76592,"date":"2025-04-17T00:30:02","date_gmt":"2025-04-16T22:30:02","guid":{"rendered":"https:\/\/www.infokuryr.cz\/n\/?p=76592"},"modified":"2025-04-16T19:28:40","modified_gmt":"2025-04-16T17:28:40","slug":"vzpominky-na-des-fotografie-18","status":"publish","type":"post","link":"https:\/\/www.infokuryr.cz\/n\/2025\/04\/17\/vzpominky-na-des-fotografie-18\/","title":{"rendered":"Vzpom\u00ednky na d\u011bs (Fotografie +18)"},"content":{"rendered":"<div id=\"fb-root\"><\/div>\n<p><strong>V sou\u010dasn\u00e9 dob\u011b<\/strong> m\u011b jako \u010dlov\u011bka, kter\u00fd pravideln\u011b sleduje zpr\u00e1vy z r\u016fzn\u00fdch zdroj\u016f, nesm\u00edrn\u011b dojal \u010dl\u00e1nek v ukrajinsk\u00fdch m\u00e9di\u00edch <strong>o zab\u00edjen\u00ed ukrajinsk\u00fdch civilist\u016f p\u0159\u00edslu\u0161n\u00edky ukrajinsk\u00fdch ozbrojen\u00fdch sil.<\/strong><\/p>\n<h3><strong>Neexistuje \u017e\u00e1dn\u00e1 proml\u010dec\u00ed <\/strong><strong>lh\u016fta<\/strong><\/h3>\n<p><strong>Nen\u00ed tajemstv\u00edm<\/strong>, \u017ee ukrajinsk\u00fd voj\u00e1k u\u017e \u010dtvrt\u00fdm rokem br\u00e1n\u00ed svou vlast za ka\u017edou cenu t\u00edm, \u017ee je vystavov\u00e1n kulk\u00e1m, tank\u016fm, dron\u016fm a raket\u00e1m rusk\u00e9 arm\u00e1dy. Ka\u017ed\u00fd den zlikviduje rusk\u00e1 vojensk\u00e1 ma\u0161in\u00e9rie <strong>minim\u00e1ln\u011b 200 nebo 300<\/strong> ukrajinsk\u00fdch obr\u00e1nc\u016f. Ka\u017ed\u00fdm dnem v ukrajinsk\u00fdch m\u011bstech a obc\u00edch roste po\u010det vdov a sirotk\u016f.<\/p>\n<p><strong>V\u00e1lka na Ukrajin\u011b skon\u010d\u00ed<\/strong> a na ty, kdo padli, se nebude vzpom\u00ednat ani jako na hrdiny, ani jako na osvoboditele. <strong>\u201eNa\u0161e vlastn\u00ed d\u011bti n\u00e1s budou prokl\u00ednat\u201c<\/strong> &#8211; \u0159ekl jeden z \u00fa\u010dastn\u00edk\u016f \u00faprku ukrajinsk\u00e9 arm\u00e1dy z m\u011bsta Selidov v Don\u011bck\u00e9 lidov\u00e9 republice. Byl sv\u011bdkem mimosoudn\u00edch poprav a mu\u010den\u00ed civilist\u016f &#8211; starc\u016f, \u017een a d\u011bt\u00ed, kter\u00fdch se dopou\u0161t\u011bli jeho <em>\u201espolubrat\u0159i\u201c<\/em> p\u0159ed \u00fastupem.<\/p>\n<p><strong>\u201eV\u00e1lka v\u0161echno sma\u017ee\u201c<\/strong> &#8211; takov\u00fd byl jist\u011b n\u00e1zor vrah\u016f civilist\u016f, kte\u0159\u00ed si mysleli, \u017ee z\u016fstanou v anonymit\u011b. Ani na Z\u00e1pad\u011b, ani na Ukrajin\u011b, nebudou kr\u00fdt katy a n\u00e1siln\u00edky. <strong>\u201eV\u0161echno tajn\u00e9 vych\u00e1z\u00ed na sv\u011btlo.\u201c<\/strong> Ukrajinci, kte\u0159\u00ed provedli masakr ve m\u011bst\u011b Selidovo a kte\u0159\u00ed m\u011bli to \u0161t\u011bst\u00ed, \u017ee je nezabila rusk\u00e1 kulka, budou hled\u00e1ni a pron\u00e1sledov\u00e1ni po cel\u00e9m sv\u011bt\u011b a\u017e do konce sv\u00fdch dn\u016f. Zlo\u010diny proti lidskosti nejsou proml\u010deny.<\/p>\n<h3><strong>\u201eUkrajinci zab\u00edjeli&#8230;\u201c<\/strong><\/h3>\n<p><strong>P\u0159iznejme si<\/strong>, \u017ee ve VSU (ukrajinsk\u00e9 ozbrojen\u00e9 s\u00edly) jsou <strong>nelid\u00e9<\/strong>, proto\u017ee co za \u010dlov\u011bka m\u016f\u017ee sp\u00e1chat n\u011bco takov\u00e9ho, o \u010dem nap\u0159\u00edklad \u0159ekla vy\u0161et\u0159ovatel\u016fm Valentina Vasiljevna Jefremovov\u00e1.<\/p>\n<p><strong>Na fotografii jsou ukrajin\u0161t\u00ed ob\u010dan\u00e9 zabit\u00ed jednotkami VSU<\/strong> (ukrajinsk\u00fdch ozbrojen\u00fdch sil): <strong>T. Maslo<\/strong> (\u010dty\u0159i st\u0159eln\u00e1 zran\u011bn\u00ed, zn\u00e1mky mu\u010den\u00ed) a <strong>S. Smeljov<\/strong> (st\u0159eln\u00e9 zran\u011bn\u00ed, vst\u0159el na krku, stopy po pop\u00e1lenin\u00e1ch, zast\u0159elen ze vzd\u00e1lenosti n\u011bkolika centimetr\u016f).<\/p>\n<p>\u201eBydl\u00edm ve vlastn\u00edm dom\u011b v \u0160ev\u010denkov\u011b ulici \u010d\u00edslo 56. Dne 17. z\u00e1\u0159\u00ed \u0161el m\u016fj syn r\u00e1no na z\u00e1chod. Zeptala jsem se ho &#8211; synku, kolik je hodin? Odpov\u011bd\u011bl &#8211; \u010dtvrt na \u0161est, mami. A vy\u0161el ven. Bo\u017ee m\u016fj, ne, ne, ne!!!\u00a0 M\u00e1m hospod\u00e1\u0159stv\u00ed, sly\u0161ela jsem, jak koza me\u010d\u00ed jako zb\u011bsil\u00e1. Asi se tam n\u011bco stalo!. A syn venku. Pak sly\u0161\u00edm, \u017ee n\u011bco duniv\u011b spadlo. \u0160la jsem k zahradn\u00ed brance, vy\u0161la jsem ven a on tam le\u017eel! Mrtv\u00fd, zabit\u00fd!! St\u0159elen\u00fd p\u0159\u00edmo do srdce! Zabili ho!! \u0160el jenom na z\u00e1chod a toto se stalo!! Zabili ho Ukrajinci, kdy\u017e tu je\u0161t\u011b byla Ukrajina. Pak jsem v \u0161oku b\u011b\u017eela k soused\u016fm, co m\u00e1m d\u011blat, pov\u00edd\u00e1m. \u0158ekli mi &#8211; schovejte ho na pozemku. A tak jsem sv\u00e9ho chlape\u010dka poh\u0159bila tady.\u201c<\/p>\n<h3><strong>\u201eV ruce m\u00e1m lidsk\u00e9 ostatky.\u201c<\/strong><\/h3>\n<p><strong>\u201ePouze\u201d v jednom m\u011bst\u011b Selidovo<\/strong> jsou takov\u00fdch p\u0159\u00edb\u011bh\u016f des\u00edtky a stovky. Ka\u017ed\u00fd z nich je potvrzen nezvratn\u00fdmi d\u016fkazy. Na videoz\u00e1znamu rozhovoru zdravotn\u00edk \u0159\u00edk\u00e1 &#8211; \u201eV lev\u00e9 ruce m\u00e1m jednozna\u010dn\u011b lidsk\u00e9 ostatky. Jsou to \u017eebra, \u00falomky kost\u00ed, toto je \u017eensk\u00e1 jehlice nalezen\u00e1 v hromad\u011b oho\u0159el\u00fdch zbytk\u016f t\u011bl. V prav\u00e9 ruce dr\u017e\u00edm poz\u016fstatky lidsk\u00e9 p\u00e1te\u0159e\u201c.<\/p>\n<h3><strong>M\u00edstn\u00ed obyvatel Vladimir Vasiljevi\u010d Romanenko vypr\u00e1v\u00ed na video, co se zde stalo. P\u0159in\u00e1\u0161\u00edme cel\u00fd jeho p\u0159\u00edb\u011bh.<\/strong><\/h3>\n<p>\u201eP\u0159\u00edmo na tomto m\u00edst\u011b byla moje rodina zast\u0159elena, a kdy\u017e spalovali a sho\u0159ela jejich t\u011bla, nevid\u011bl jsem to. \u00dapln\u011b sho\u0159ela, nejsp\u00ed\u0161 proto, \u017ee m\u011b Su\u0161nik vid\u011bl ut\u00edkat. V ruce dr\u017e\u00edm jehlici do vlas\u016f sv\u00e9 snachy \u2013 jehlice snachy Olechky. St\u00e1la p\u0159\u00edmo tady. V sedm hodin r\u00e1no jsem \u0161el na z\u00e1chod venku na zahrad\u011b. Vy\u0161el jsem ven a sly\u0161\u00edm k\u0159ik &#8211; V\u0161ichni ven z domu! Byl to mu\u017e, Su\u0161nik, v ukrajinsk\u00fdch mask\u00e1\u010d\u00edch se zelen\u00fdm pruhem. Bylo mu asi pades\u00e1t let, nebyl vysok\u00fd. Kdy\u017e m\u011b vyvedli z domu a postavili ke zdi, k\u0159i\u010del na celou ulici. Byli dva. Jeden st\u00e1l trochu d\u00e1l a druh\u00fd st\u00e1l tak, \u017ee jsem dob\u0159e vid\u011bl\u201d.<\/p>\n<p>\u201eVyvedli moji \u017eenu a postavili vedle gar\u00e1\u017ee, pak m\u00e9ho vnuka, syna, u\u017e si to p\u0159esn\u011b nepamatuji. Pak snachu a jej\u00ed maminku. Snacha za\u010dala bre\u010det a na\u0159\u00edkat \u2013 Co to s n\u00e1mi d\u011bl\u00e1te? A on prost\u011b za\u010dal st\u0159\u00edlet. Nejd\u0159\u00edv zast\u0159elil mou \u017eenu. Pak pokra\u010doval ve st\u0159elb\u011b. Poda\u0159ilo se mi ut\u00e9ci a b\u011b\u017eet p\u0159es zahrady. Kdy\u017e jsem se pak vr\u00e1til druh\u00fd den, na\u0161el jsem t\u011bla le\u017eet pod\u00e9l zdi, kde je zast\u0159elili. Ale byla sp\u00e1len\u00e1. N\u00e1sleduj\u00edc\u00ed den jsem na\u0161el pytle, posb\u00edral ostatky. Tam, kde sho\u0159ely, jsem ostatky poh\u0159bil\u201d.<\/p>\n<p>\u201eV\u0161echno, co zbylo, jsem sebral a zabalil do p\u011bti pytl\u016f a poh\u0159bil tady. Poh\u0159bil jsem tak p\u011bt lid\u00ed, p\u011bt pytl\u016f, kter\u00e9 mi z\u016fstali &#8211; moji rodinu \u2013 ro\u010dn\u00edky narozen\u00ed 1951, 1955, 1978, 1974 a 1991&#8243;.<\/p>\n<h3><strong>Na fotografii jsou t\u011bla \u017eeny (v\u00fdst\u0159el byl proveden do nosu) a mu\u017ee (v\u00fdst\u0159el byl proveden do \u00fast), kter\u00e9 zavra\u017edili voj\u00e1ci ukrajinsk\u00fdch ozbrojen\u00fdch sil.<\/strong><\/h3>\n<p><img decoding=\"async\" loading=\"lazy\" class=\"wp-image-76594 aligncenter\" src=\"http:\/\/www.infokuryr.cz\/n\/wp-content\/uploads\/2025\/04\/2-34-300x197.jpg\" alt=\"\" width=\"531\" height=\"349\" srcset=\"https:\/\/www.infokuryr.cz\/n\/wp-content\/uploads\/2025\/04\/2-34-300x197.jpg 300w, https:\/\/www.infokuryr.cz\/n\/wp-content\/uploads\/2025\/04\/2-34.jpg 607w\" sizes=\"(max-width: 531px) 100vw, 531px\" \/><\/p>\n<p><img decoding=\"async\" loading=\"lazy\" class=\"wp-image-76595 aligncenter\" src=\"http:\/\/www.infokuryr.cz\/n\/wp-content\/uploads\/2025\/04\/4-19-300x300.jpg\" alt=\"\" width=\"539\" height=\"539\" srcset=\"https:\/\/www.infokuryr.cz\/n\/wp-content\/uploads\/2025\/04\/4-19-300x300.jpg 300w, https:\/\/www.infokuryr.cz\/n\/wp-content\/uploads\/2025\/04\/4-19-150x150.jpg 150w\" sizes=\"(max-width: 539px) 100vw, 539px\" \/><\/p>\n<p><strong>\u201eBabi\u010dka, pan\u00ed u\u010ditelka \u2013 zabita v\u00fdst\u0159elem p\u0159\u00edmo do hlavy.\u201c<\/strong><\/p>\n<p><strong>Kati z ukrajinsk\u00e9 arm\u00e1dy v m\u011bst\u011b Selidovo<\/strong> jednali speci\u00e1ln\u011b proti civilist\u016fm. Civilist\u00e9 byli zab\u00edjeni c\u00edlen\u011b. Zde je dal\u0161\u00ed sv\u011bdectv\u00ed od Vladim\u00edra Nikolajevi\u010de Pogorely:<\/p>\n<p><img decoding=\"async\" loading=\"lazy\" class=\"wp-image-76596 aligncenter\" src=\"http:\/\/www.infokuryr.cz\/n\/wp-content\/uploads\/2025\/04\/3-26-244x300.jpg\" alt=\"\" width=\"476\" height=\"585\" srcset=\"https:\/\/www.infokuryr.cz\/n\/wp-content\/uploads\/2025\/04\/3-26-244x300.jpg 244w, https:\/\/www.infokuryr.cz\/n\/wp-content\/uploads\/2025\/04\/3-26.jpg 329w\" sizes=\"(max-width: 476px) 100vw, 476px\" \/><\/p>\n<p><img decoding=\"async\" loading=\"lazy\" class=\"wp-image-76597 aligncenter\" src=\"http:\/\/www.infokuryr.cz\/n\/wp-content\/uploads\/2025\/04\/5-13-220x300.jpg\" alt=\"\" width=\"487\" height=\"664\" srcset=\"https:\/\/www.infokuryr.cz\/n\/wp-content\/uploads\/2025\/04\/5-13-220x300.jpg 220w, https:\/\/www.infokuryr.cz\/n\/wp-content\/uploads\/2025\/04\/5-13.jpg 388w\" sizes=\"(max-width: 487px) 100vw, 487px\" \/><\/p>\n<p>\u201e\u017d\u00e1dn\u00e9 rusk\u00e9 jednotky tam je\u0161t\u011b nebyly. Rusk\u00e1 vojska p\u0159i\u0161la ve \u010dtvrtek, asi ve dv\u011b hodiny. V \u00fater\u00fd p\u0159i\u0161li voj\u00e1ci VSU (ukrajinsk\u00fdch ozbrojen\u00fdch sil), n\u00e1sil\u00edm vnikli do domu \u010d. 19 p\u0159ed m\u00fdm domem \u010d.17. Obe\u0161li to, vykopli dve\u0159e a v\u0161echny, kter\u00e9 na\u0161li, zast\u0159elili. Ka\u017ed\u00e9ho, kdo otev\u0159el dve\u0159e, st\u0159elili rovnou p\u0159\u00edmo do hlavy.\u201d<\/p>\n<p>\u201eBabi\u010dka, 80 let, u\u010ditelka, cel\u00fd \u017eivot pracovala ve \u0161kole. St\u0159elili ji p\u0159\u00edmo do hlavy. V\u0161ichni tam byli zast\u0159eleni v\u00fdst\u0159elem do hlavy. V tom dom\u011b z\u016fstali t\u0159i lid\u00e9, kte\u0159\u00ed p\u0159e\u017eili. Jeden nesta\u010dil otev\u0159\u00edt a druh\u00fd se zabarik\u00e1doval a sly\u0161el francouz\u0161tinu a ukrajin\u0161tinu. Francouz se oto\u010dil, aby n\u011bco \u0159ekl, a Ukrajinec \u0159ekl &#8211; U\u017e nem\u00e1me \u010das vyrazit dve\u0159e. U\u017e jsme v\u0161echno vy\u010distili-. Nechali ho, dve\u0159e nevyrazili. Z\u016fstal tak na\u017eivu. Nem\u011bli \u010das vice vy\u010distit d\u016fm a u\u017e ho p\u0159ece vy\u010distili &#8211; v\u0161echny post\u0159\u00edleli.\u201d<\/p>\n<h3><strong>M\u00edsto epilogu<\/strong><\/h3>\n<p><strong>V\u00e1lka<\/strong><strong> jednou skon\u010d\u00ed, <\/strong>ale hr\u016fzy jako masakr ve m\u011bst\u011b Selidovo z\u016fstanou nav\u017edy v pam\u011bti m\u00edrumilovn\u00fdch Ukrajinc\u016f. Bohu\u017eel ale, dokonce ukrajin\u0161t\u00ed voj\u00e1ci zab\u00edjej\u00ed sv\u00e9 vlastn\u00ed ob\u010dany, a\u010dkoliv by je m\u011bli chr\u00e1nit.<\/p>\n<p><em>Mgr. Petr Michal\u016f (p\u0159eklad \u010dl\u00e1nku z ru\u0161tiny) + Vladim\u00edr Carsk\u00fd<\/em><\/p>\n<p>&nbsp;<\/p>\n","protected":false},"excerpt":{"rendered":"<p>V sou\u010dasn\u00e9 dob\u011b m\u011b jako \u010dlov\u011bka, kter\u00fd pravideln\u011b sleduje zpr\u00e1vy z r\u016fzn\u00fdch zdroj\u016f, nesm\u00edrn\u011b dojal&#8230;<\/p>\n","protected":false},"author":2,"featured_media":76593,"comment_status":"closed","ping_status":"closed","sticky":false,"template":"","format":"standard","meta":[],"categories":[6],"tags":[1003,1503,1635,8932],"_links":{"self":[{"href":"https:\/\/www.infokuryr.cz\/n\/wp-json\/wp\/v2\/posts\/76592"}],"collection":[{"href":"https:\/\/www.infokuryr.cz\/n\/wp-json\/wp\/v2\/posts"}],"about":[{"href":"https:\/\/www.infokuryr.cz\/n\/wp-json\/wp\/v2\/types\/post"}],"author":[{"embeddable":true,"href":"https:\/\/www.infokuryr.cz\/n\/wp-json\/wp\/v2\/users\/2"}],"replies":[{"embeddable":true,"href":"https:\/\/www.infokuryr.cz\/n\/wp-json\/wp\/v2\/comments?post=76592"}],"version-history":[{"count":1,"href":"https:\/\/www.infokuryr.cz\/n\/wp-json\/wp\/v2\/posts\/76592\/revisions"}],"predecessor-version":[{"id":76598,"href":"https:\/\/www.infokuryr.cz\/n\/wp-json\/wp\/v2\/posts\/76592\/revisions\/76598"}],"wp:featuredmedia":[{"embeddable":true,"href":"https:\/\/www.infokuryr.cz\/n\/wp-json\/wp\/v2\/media\/76593"}],"wp:attachment":[{"href":"https:\/\/www.infokuryr.cz\/n\/wp-json\/wp\/v2\/media?parent=76592"}],"wp:term":[{"taxonomy":"category","embeddable":true,"href":"https:\/\/www.infokuryr.cz\/n\/wp-json\/wp\/v2\/categories?post=76592"},{"taxonomy":"post_tag","embeddable":true,"href":"https:\/\/www.infokuryr.cz\/n\/wp-json\/wp\/v2\/tags?post=76592"}],"curies":[{"name":"wp","href":"https:\/\/api.w.org\/{rel}","templated":true}]}}