{"id":76585,"date":"2025-04-17T00:26:27","date_gmt":"2025-04-16T22:26:27","guid":{"rendered":"https:\/\/www.infokuryr.cz\/n\/?p=76585"},"modified":"2025-04-16T19:05:23","modified_gmt":"2025-04-16T17:05:23","slug":"prosim-vas-nezabijejte-mne-mam-doma-dve-male-deti","status":"publish","type":"post","link":"https:\/\/www.infokuryr.cz\/n\/2025\/04\/17\/prosim-vas-nezabijejte-mne-mam-doma-dve-male-deti\/","title":{"rendered":"&#8222;Pros\u00edm v\u00e1s, nezab\u00edjejte mne, m\u00e1m doma dv\u011b mal\u00e9 d\u011bti!&#8220;"},"content":{"rendered":"<div id=\"fb-root\"><\/div>\n<p>M\u016fj d\u011bd Vojt\u011bch Ret, narozen\u00fd 25.2.1900, bydlel se svou rodinou &#8211; man\u017eelkou a dv\u011bma mal\u00fdmi d\u011btmi ve st\u00e1\u0159\u00ed osm let a \u010dtrn\u00e1ct m\u011bs\u00edc\u016f &#8211; ve Kdyni, kde byl zam\u011bstn\u00e1n na bern\u00edm \u00fa\u0159ad\u011b. Byl \u010dlenem Str\u00e1\u017ee obrany st\u00e1tu a je\u0161t\u011b s ostatn\u00edmi mu\u017ei byl jako des\u00e1tn\u00edk v z\u00e1loze nasazen p\u0159i obran\u011b na\u0161ich st\u00e1tn\u00edch hranic. Jejich \u00fakolem bylo st\u0159e\u017eit oblast u V\u0161erubsk\u00e9ho pr\u016fsmyku u obc\u00ed Nov\u00e1 Ves, Hyr\u0161ov a V\u0161eruby. Dne 7. \u0159\u00edjna 1938 dostala \u010detnick\u00e1 stanice Kdyn\u011b, kde bylo p\u0159\u00edslu\u0161n\u00e9 velitelstv\u00ed SOS, rozkaz k vyklizen\u00ed st\u00e1vaj\u00edc\u00edch stanovi\u0161\u0165 na z\u00e1klad\u011b mnichovsk\u00e9 dohody o postoupen\u00ed na\u0161eho \u00fazem\u00ed N\u011bmecku a k zaujet\u00ed nov\u00fdch pozic. Na\u0161i se st\u00e1hli do Nov\u00e9 Vsi, n\u011bmeck\u00e9 stanovi\u0161t\u011b bylo v Hyr\u0161ov\u011b, vzd\u00e1len\u00e9m asi 4 km.<\/p>\n<p>8. \u0159\u00edjna ve\u010der nastoupila do slu\u017eby hl\u00eddka slo\u017een\u00e1 ze \u0161t\u00e1bn\u00edho str\u00e1\u017emistra Sl\u00edpky a m\u00e9ho d\u011bde\u010dka. Kdy\u017e hl\u00eddkovali na silnici asi 400 m za Novou Vs\u00ed sm\u011brem k Hyr\u0161ovu, byla na n\u011b z N\u011bmci obsazen\u00e9ho \u00fazem\u00ed zah\u00e1jena prudk\u00e1 palba. Hl\u00eddka se dala na \u00fastup do Nov\u00e9 Vsi. Tam v\u0161ak \u0161t\u00e1bn\u00ed str\u00e1\u017emistr Sl\u00edpka zjistil, \u017ee se s nim nevr\u00e1til m\u016fj d\u011bde\u010dek. Ihned po n\u011bm pod veden\u00edm \u0161t\u00e1bn\u00edho str\u00e1\u017emistra Loudy zah\u00e1jili p\u00e1tr\u00e1n\u00ed. Kdy\u017e p\u0159i\u0161li na m\u00edsto, kde byla p\u0159edt\u00edm na\u0161e hl\u00eddka napadena palbou, do\u0161lo k op\u011btn\u00e9mu prudk\u00e9mu palebn\u00e9mu p\u0159epadu z n\u011bmeck\u00e9 strany a p\u0159itom byl \u0161t\u00e1bn\u00ed str\u00e1\u017emistr Louda zast\u0159elen. Hl\u00eddka se tedy musela st\u00e1hnout do Nov\u00e9 Vsi, ani\u017e zjistila, co se m\u00fdm d\u011bde\u010dkem stalo.<\/p>\n<p>Pozd\u011bj\u0161\u00edm vy\u0161et\u0159ov\u00e1n\u00edm vy\u0161lo najevo, \u017ee byl p\u0159i n\u011bmeck\u00e9 st\u0159elb\u011b zasa\u017een do nohy, p\u0159\u00ed \u00fastupu dosti\u017een N\u011bmci a odvle\u010den z na\u0161eho \u00fazem\u00ed na samotu &#8222;Na sp\u00e1len\u00e9m&#8220; k v\u00fdslechu a tam ho doslova ubili k smrti. Je\u0161t\u011b ned\u00e1vno v t\u00e9to chalup\u011b \u017eila \u017eena, kter\u00e1 sly\u0161ela, jak s n\u00edm zach\u00e1zej\u00ed. Sly\u0161ela, jak t\u00fdran\u00fd vol\u00e1 &#8222;Pros\u00edm v\u00e1s, nezab\u00edjejte mne, m\u00e1m doma dv\u011b mal\u00e9 d\u011bti!&#8220; Mrtv\u00e9ho pak odt\u00e1hli na kraj lesa nad Novou Vs\u00ed sm\u011brem k Hyr\u0161ovu a p\u0159ikryli chvoj\u00edm. V t\u011bchto m\u00edstech m\u00e1 rodina postavila d\u0159ev\u011bn\u00fd k\u0159i\u017e.<br \/>\nR\u00e1no 9. \u0159\u00edjna zajel n\u00e1\u0161 sty\u010dn\u00fd d\u016fstojn\u00edk na n\u011bmeck\u00e9 velitelstv\u00ed do V\u0161erub k vyjasn\u011bn\u00ed cel\u00e9ho konfliktu. Bylo mu \u0159e\u010deno, \u017ee des\u00e1tn\u00edk Ret je mrtev a jeho t\u011blo bude ve 13.00 p\u0159ed\u00e1no na demarka\u010dn\u00ed \u010d\u00e1\u0159e u Nov\u00e9 Vsi. To se tak\u00e9 stalo. Paradoxem je, \u017ee v\u016fz, na kter\u00e9m N\u011bmci p\u0159ev\u00e1\u017eeli m\u00e9ho umu\u010den\u00e9ho d\u011bde\u010dka, doprov\u00e1zela \u010destn\u00e1 jednotka SS a p\u0159i p\u0159ed\u00e1n\u00ed t\u011bla na\u0161im voj\u00e1k\u016fm vzdali N\u011bmci na rozkaz sv\u00e9ho d\u016fstojn\u00edka \u010dest zbran\u00ed.<\/p>\n<p>Zohaven\u00e9 t\u011blo m\u00e9ho d\u011bdy pak protokol\u00e1rn\u011b prohl\u00e9dl za \u00fa\u010dast\u00ed anglick\u00e9ho pozorovatele, na\u0161eho sty\u010dn\u00e9ho d\u016fstojn\u00edka a starosty m\u011bsta m\u00edstn\u00ed l\u00e9ka\u0159 a vydal pitevn\u00ed n\u00e1lez. Bylo konstatov\u00e1no rozt\u0159\u00ed\u0161t\u011bn\u00ed spodiny lebe\u010dn\u00ed, bodn\u00e9 a \u0159ezn\u00e9 r\u00e1ny do lev\u00e9 \u010d\u00e1sti hrudi, zlomen\u00ed a rozdrcen\u00ed 5. a\u017e 10. \u017eebra, st\u0159eln\u00e1 r\u00e1na do nohy, prav\u00e1 ruka uchycena jen na kousku k\u016f\u017ee.<\/p>\n<p>Anglick\u00fd pozorovatel byl t\u00edmto besti\u00e1ln\u00edm \u010dinem na ran\u011bn\u00e9m bezbrann\u00e9m voj\u00e1kovi zdrcen. Bylo toti\u017e zji\u0161t\u011bno, \u017ee ze zbran\u011b, kterou N\u011bmci spolu s t\u011blem vr\u00e1tili, nebylo v\u016fbec vyst\u0159eleno. Sl\u00edbil tak\u00e9, \u017ee vznese okam\u017eit\u00fd protest na p\u0159\u00edslu\u0161n\u00e9m n\u011bmeck\u00e9m velitelstv\u00ed.<\/p>\n<p>M\u016fj d\u011bde\u010dek byl poh\u0159ben ve Kdyni a \u0161t\u00e1bn\u00ed str\u00e1\u017emistr Louda v Klatovech. Babi\u010dce bylo tehdy 39 let a ta osmilet\u00e1 hol\u010di\u010dka byla moje matka. Bl\u00edzko m\u00edsta, kde byl umu\u010den v roce 1938 m\u016fj d\u011bde\u010dek, des\u00e1tn\u00edk v z\u00e1loze Vojt\u011bch Ret, stoj\u00ed dnes kamenn\u00fd pam\u00e1tn\u00edk.<\/p>\n<p><strong><em><a href=\"https:\/\/ceske-narodni-listy.estranky.cz\/clanky\/prispevky\/-prosim-vas--nezabijejte-mne--mam-doma-dve-male-deti--.html\">Marie R\u016f\u017ekov\u00e1<\/a>, tehdy Kdyn\u011b<\/em><\/strong><\/p>\n<p>&nbsp;<\/p>\n","protected":false},"excerpt":{"rendered":"<p>M\u016fj d\u011bd Vojt\u011bch Ret, narozen\u00fd 25.2.1900, bydlel se svou rodinou &#8211; man\u017eelkou a dv\u011bma mal\u00fdmi&#8230;<\/p>\n","protected":false},"author":2,"featured_media":76586,"comment_status":"closed","ping_status":"closed","sticky":false,"template":"","format":"standard","meta":[],"categories":[6],"tags":[398,649,239,429,111,112],"_links":{"self":[{"href":"https:\/\/www.infokuryr.cz\/n\/wp-json\/wp\/v2\/posts\/76585"}],"collection":[{"href":"https:\/\/www.infokuryr.cz\/n\/wp-json\/wp\/v2\/posts"}],"about":[{"href":"https:\/\/www.infokuryr.cz\/n\/wp-json\/wp\/v2\/types\/post"}],"author":[{"embeddable":true,"href":"https:\/\/www.infokuryr.cz\/n\/wp-json\/wp\/v2\/users\/2"}],"replies":[{"embeddable":true,"href":"https:\/\/www.infokuryr.cz\/n\/wp-json\/wp\/v2\/comments?post=76585"}],"version-history":[{"count":1,"href":"https:\/\/www.infokuryr.cz\/n\/wp-json\/wp\/v2\/posts\/76585\/revisions"}],"predecessor-version":[{"id":76587,"href":"https:\/\/www.infokuryr.cz\/n\/wp-json\/wp\/v2\/posts\/76585\/revisions\/76587"}],"wp:featuredmedia":[{"embeddable":true,"href":"https:\/\/www.infokuryr.cz\/n\/wp-json\/wp\/v2\/media\/76586"}],"wp:attachment":[{"href":"https:\/\/www.infokuryr.cz\/n\/wp-json\/wp\/v2\/media?parent=76585"}],"wp:term":[{"taxonomy":"category","embeddable":true,"href":"https:\/\/www.infokuryr.cz\/n\/wp-json\/wp\/v2\/categories?post=76585"},{"taxonomy":"post_tag","embeddable":true,"href":"https:\/\/www.infokuryr.cz\/n\/wp-json\/wp\/v2\/tags?post=76585"}],"curies":[{"name":"wp","href":"https:\/\/api.w.org\/{rel}","templated":true}]}}