{"id":76584,"date":"2025-04-17T00:22:50","date_gmt":"2025-04-16T22:22:50","guid":{"rendered":"https:\/\/www.infokuryr.cz\/n\/?p=76584"},"modified":"2025-04-16T13:59:38","modified_gmt":"2025-04-16T11:59:38","slug":"tak-to-nema-chybu-petr-fiala-si-za-univerzitni-pusobeni-ve-funkci-vydelal-temer-1-milion-korun","status":"publish","type":"post","link":"https:\/\/www.infokuryr.cz\/n\/2025\/04\/17\/tak-to-nema-chybu-petr-fiala-si-za-univerzitni-pusobeni-ve-funkci-vydelal-temer-1-milion-korun\/","title":{"rendered":"Tak to nem\u00e1 chybu! Petr Fiala si za univerzitn\u00ed p\u016fsoben\u00ed ve funkci vyd\u011blal t\u00e9m\u011b\u0159 1 milion korun"},"content":{"rendered":"<div id=\"fb-root\"><\/div>\n<h3 class=\"s-tagline fw-tagline\"><span>Mluv\u010d\u00ed vl\u00e1dy \u0159ekl, \u017ee \u010desk\u00fd premi\u00e9r pln\u00ed sv\u00e9 povinnosti pro univerzitu po ve\u010derech a o v\u00edkendech<\/span><\/h3>\n<p><span>\u010cesk\u00fd premi\u00e9r Petr Fiala si od \u0159\u00edjna 2021 vyd\u011blal na \u010d\u00e1ste\u010dn\u00fd \u00favazek na Masarykov\u011b univerzit\u011b (MU) v Brn\u011b p\u0159ibli\u017en\u011b<strong> 1 milion \u010desk\u00fdch korun (40 000 eur)<\/strong>, podle informac\u00ed zve\u0159ejn\u011bn\u00fdch v \u00fater\u00fd investigativn\u00edm port\u00e1lem\u00a0<\/span><em><span>Page Not Found<\/span><\/em><span>\u00a0\u2014 i kdy\u017e nen\u00ed jasn\u00e9, kdy m\u011bl na pr\u00e1ci \u010das.<\/span><\/p>\n<p><span>Jak uvedl\u00a0<\/span><a href=\"https:\/\/www.echo24.cz\/a\/HGvcQ\/zpravy-domov-fiala-premier-univerzita-milion-neni-jasne-stihal\"><span>Echo24<\/span><\/a><span>\u00a0, p\u0159\u00edjmy pokr\u00fdvaj\u00ed obdob\u00ed od za\u010d\u00e1tku aktu\u00e1ln\u00edho volebn\u00edho obdob\u00ed, kdy si Fiala i p\u0159es veden\u00ed vl\u00e1dy ponechal akademick\u00e9 povinnosti.<\/span><\/p>\n<p><span>Do prosince 2021 byl Fiala na univerzit\u011b ofici\u00e1ln\u011b zam\u011bstn\u00e1n na pln\u00fd \u00favazek. Pot\u00e9, co jeho kabinet jmenoval tehdej\u0161\u00ed prezident Milo\u0161 Zeman, zkr\u00e1til smlouvu na p\u011btinu \u00favazku. <strong>Podle tohoto uspo\u0159\u00e1d\u00e1n\u00ed se o\u010dek\u00e1v\u00e1, \u017ee bude pracovat p\u0159ibli\u017en\u011b osm hodin t\u00fddn\u011b.<\/strong><\/span><\/p>\n<p><span>Mluv\u010d\u00ed vl\u00e1dy Lucie Michut Je\u0161\u00e1tkov\u00e1 \u00fapravu h\u00e1jila s t\u00edm, \u017ee premi\u00e9r nad\u00e1le podporuje katedru mezin\u00e1rodn\u00edch vztah\u016f a evropsk\u00fdch studi\u00ed, zejm\u00e9na v doktorsk\u00e9 supervizi a koncep\u010dn\u00edm rozvoji. I kdy\u017e poznamenala, \u017ee d\u0159\u00edve p\u0159edn\u00e1\u0161el, neup\u0159esnila, kdy p\u0159estal aktivn\u011b u\u010dit.<\/span><\/p>\n<p><span>\u201eVzhledem k tomu, \u017ee premi\u00e9r je zvykl\u00fd pracovat daleko nad r\u00e1mec obvykl\u00fdch standard\u016f, <strong>zvl\u00e1d\u00e1 tam sv\u00e9 povinnosti, \u010dasto po ve\u010derech a o v\u00edkendech<\/strong>,\u201c \u0159ekla. Univerzita ani vl\u00e1da v\u0161ak neup\u0159esnily, jak tato z\u00e1t\u011b\u017e zapad\u00e1 do Fialova rozvrhu v \u010dele \u010desk\u00e9 vl\u00e1dy.<\/span><\/p>\n<p><span>Podle prod\u011bkanky pro komunikaci Fakulty soci\u00e1ln\u00edch studi\u00ed Veroniky Veli\u010dky Zapletalov\u00e9 Fialova sou\u010dasn\u00e1 role zahrnuje veden\u00ed doktorand\u016f, \u00fa\u010dast ve fakultn\u00edch a univerzitn\u00edch v\u011bdeck\u00fdch rad\u00e1ch a pokra\u010dov\u00e1n\u00ed v akademick\u00e9 publika\u010dn\u00ed \u010dinnosti. \u201eTyto \u010dinnosti odpov\u00eddaj\u00ed jeho pracovn\u00ed dob\u011b na na\u0161em pracovi\u0161ti,\u201c uvedla.<\/span><\/p>\n<p><span>Fiala m\u00e1 s univerzitou dlouhodob\u00e9 vazby. Pod\u00edlel se na zalo\u017een\u00ed Fakulty soci\u00e1ln\u00edch studi\u00ed a kr\u00e1tce p\u016fsobil jako jej\u00ed d\u011bkan v roce 2004, ne\u017e se stal rektorem Masarykovy univerzity. Tuto pozici zast\u00e1val a\u017e do roku 2011.<\/span><\/p>\n<p><span>Fiala nen\u00ed jedin\u00fdm vysok\u00fdm \u00fa\u0159edn\u00edkem sv\u00e9 vl\u00e1dy, kter\u00fd si zachoval akademickou roli. V roce 2022\u00a0<\/span>M<span>lad\u00e1 fronta Dnes uvedla, \u017ee tehdej\u0161\u00ed ministr pro evropsk\u00e9 z\u00e1le\u017eitosti Mikul\u00e1\u0161 Bek a ministr zdravotnictv\u00ed Vlastimil V\u00e1lek si po sv\u00e9m n\u00e1stupu do funkce zachovali tak\u00e9 vysoko\u0161kolskou p\u0159\u00edslu\u0161nost.<\/span><\/p>\n<p><span>Mluv\u010d\u00ed vl\u00e1dy V\u00e1clav Smolka uznal pro Fialu symbolick\u00fd a osobn\u00ed v\u00fdznam akademick\u00e9 sf\u00e9ry, ale p\u0159ipustil, \u017ee b\u011b\u017en\u00e1 pedagogick\u00e1 povinnost nen\u00ed re\u00e1ln\u011b slu\u010diteln\u00e1 s jeho funkc\u00ed premi\u00e9ra.<\/span><\/p>\n<p><span>Masarykova univerzita ani p\u0159edsednictvo vl\u00e1dy neuvedly \u017e\u00e1dn\u00e9 pl\u00e1ny na zm\u011bnu nebo pozastaven\u00ed \u00fapravy.<\/span><\/p>\n<p><strong>Z\u00e1v\u011brem je t\u0159eba uv\u00e9st, \u017ee nena\u017eranost a hyenizmus Fialovo rodiny je bezb\u0159eh\u00e1!<\/strong><\/p>\n<p><img decoding=\"async\" loading=\"lazy\" class=\"alignnone size-full wp-image-71983\" src=\"http:\/\/www.infokuryr.cz\/n\/wp-content\/uploads\/2025\/02\/aaa.jpg\" alt=\"\" width=\"89\" height=\"23\" \/><\/p>\n<p>&nbsp;<\/p>\n","protected":false},"excerpt":{"rendered":"<p>Mluv\u010d\u00ed vl\u00e1dy \u0159ekl, \u017ee \u010desk\u00fd premi\u00e9r pln\u00ed sv\u00e9 povinnosti pro univerzitu po ve\u010derech a o&#8230;<\/p>\n","protected":false},"author":2,"featured_media":66245,"comment_status":"closed","ping_status":"closed","sticky":false,"template":"","format":"standard","meta":[],"categories":[6],"tags":[535,442,6016],"_links":{"self":[{"href":"https:\/\/www.infokuryr.cz\/n\/wp-json\/wp\/v2\/posts\/76584"}],"collection":[{"href":"https:\/\/www.infokuryr.cz\/n\/wp-json\/wp\/v2\/posts"}],"about":[{"href":"https:\/\/www.infokuryr.cz\/n\/wp-json\/wp\/v2\/types\/post"}],"author":[{"embeddable":true,"href":"https:\/\/www.infokuryr.cz\/n\/wp-json\/wp\/v2\/users\/2"}],"replies":[{"embeddable":true,"href":"https:\/\/www.infokuryr.cz\/n\/wp-json\/wp\/v2\/comments?post=76584"}],"version-history":[{"count":0,"href":"https:\/\/www.infokuryr.cz\/n\/wp-json\/wp\/v2\/posts\/76584\/revisions"}],"wp:featuredmedia":[{"embeddable":true,"href":"https:\/\/www.infokuryr.cz\/n\/wp-json\/wp\/v2\/media\/66245"}],"wp:attachment":[{"href":"https:\/\/www.infokuryr.cz\/n\/wp-json\/wp\/v2\/media?parent=76584"}],"wp:term":[{"taxonomy":"category","embeddable":true,"href":"https:\/\/www.infokuryr.cz\/n\/wp-json\/wp\/v2\/categories?post=76584"},{"taxonomy":"post_tag","embeddable":true,"href":"https:\/\/www.infokuryr.cz\/n\/wp-json\/wp\/v2\/tags?post=76584"}],"curies":[{"name":"wp","href":"https:\/\/api.w.org\/{rel}","templated":true}]}}