{"id":76577,"date":"2025-04-17T00:16:13","date_gmt":"2025-04-16T22:16:13","guid":{"rendered":"https:\/\/www.infokuryr.cz\/n\/?p=76577"},"modified":"2025-04-16T13:35:05","modified_gmt":"2025-04-16T11:35:05","slug":"asociace-nezavislych-vinaru-cr-bude-v-evrope-slyset","status":"publish","type":"post","link":"https:\/\/www.infokuryr.cz\/n\/2025\/04\/17\/asociace-nezavislych-vinaru-cr-bude-v-evrope-slyset\/","title":{"rendered":"Asociace nez\u00e1visl\u00fdch vina\u0159\u016f \u010cR bude v Evrop\u011b sly\u0161et!!!"},"content":{"rendered":"<div id=\"fb-root\"><\/div>\n<h4><em>Josef Valihrach mlad\u0161\u00ed (\u00favodn\u00ed fotografie) byl zvolen viceprezidentem evropsk\u00e9ho hnut\u00ed nez\u00e1visl\u00fdch vina\u0159\u016f.<\/em><\/h4>\n<p>Celoevropsk\u00e9 hnut\u00ed nez\u00e1visl\u00fdch vina\u0159\u016f sdru\u017euj\u00edc\u00edch na dv\u011b st\u011b tis\u00edc nez\u00e1visl\u00fdch vina\u0159\u016f cel\u00e9 Evropy (CEVI) se rozhodlo pro genera\u010dn\u00ed obm\u011bnu. Nov\u011b zvolen\u00fd prezident CEVI Samuel Masse (Francie) si do sv\u00e9ho t\u00fdmu jako viceprezidenta vybral Josefa Valihracha mlad\u0161\u00edho, pokra\u010dovatele tradice rodinn\u00e9ho vina\u0159stv\u00ed z\u00a0Krumv\u00ed\u0159e na B\u0159eclavsku, m\u00edstop\u0159edsedu Asociace nez\u00e1visl\u00fdch vina\u0159\u016f \u010cR a nov\u011b tedy i\u00a0viceprezidenta CEVI.<\/p>\n<p>Asociace nez\u00e1visl\u00fdch vina\u0159\u016f \u010cR s\u00a0partnerskou evropskou organizac\u00ed spolupracuje od roku 2019.\u00a0\u0158e\u0161\u00ed toti\u017e stejn\u00e1 t\u00e9mata, kter\u00fdmi jsou zejm\u00e9na d\u016fraz na sn\u00ed\u017een\u00ed administrativn\u00ed z\u00e1t\u011b\u017ee pro mal\u00e9 a st\u0159edn\u00ed vina\u0159e a zvy\u0161ov\u00e1n\u00ed jejich konkurenceschopnosti na spole\u010dn\u00e9m evropsk\u00e9m trhu i mimo n\u011bj.<\/p>\n<p>Valn\u00e1 hromada CEVI, kter\u00e1 se minul\u00fd t\u00fdden konala na pozv\u00e1n\u00ed nez\u00e1visl\u00fdch vina\u0159\u016f It\u00e1lie (Federazione Italiana Vignaioli Indipendenti &#8211; FIVI) v\u00a0italsk\u00e9m regionu Lazio, v\u0161ak m\u011bla vedle voleb p\u0159edsednictva i dal\u0161\u00ed program.<\/p>\n<p><em>\u201eHlavn\u00edm sm\u011brem nov\u00e9ho p\u0159edsednictva je reprezentace t\u011bch vina\u0159\u016f, kte\u0159\u00ed se d\u00edky povaze sv\u00fdch rodinn\u00fdch podnik\u016f nemohou osobn\u011b \u00fa\u010dastnit v\u0161ech jedn\u00e1n\u00ed, kter\u00e1 ur\u010duj\u00ed pravidla hry v na\u0161em\u00a0oboru. Snahou je tak\u00e9 zapojit nastupuj\u00edc\u00ed mladou generaci, kter\u00e1 p\u0159ich\u00e1z\u00ed do velmi odli\u0161n\u00fdch politick\u00fdch i\u00a0klimatick\u00fdch podm\u00ednek ne\u017e generace jejich rodi\u010d\u016f,\u201c<\/em> \u0159\u00edk\u00e1 Valihrach.<\/p>\n<p>Nez\u00e1visl\u00ed vina\u0159i z\u00a0cel\u00e9 Evropy \u0159e\u0161ili tak\u00e9 aktu\u00e1ln\u00ed z\u00e1le\u017eitosti. Evropsk\u00e1 komise v\u00a0p\u00e1tek 28.\u00a0b\u0159ezna p\u0159edstavila p\u0159ipravovan\u00fd legislativn\u00ed vina\u0159sk\u00fd bal\u00ed\u010dek, kter\u00fd obsahuje n\u00e1vrhy sm\u011b\u0159uj\u00edc\u00ed o n\u011bkolik desetilet\u00ed zp\u011bt. CEVI zaslala sv\u00e9 p\u0159ipom\u00ednky zejm\u00e9na v\u00a0oblasti zapojen\u00ed modern\u00edch technologi\u00ed v\u00a0oblasti p\u00e9\u010de o vinice, pravidla pro nast\u00e1vaj\u00edc\u00ed obnovu vinic i snahu minimalizovat povinnosti souvisej\u00edc\u00edmi se zna\u010den\u00edm nutri\u010dn\u00edch hodnot na ka\u017ed\u00e9 lahvi v\u00edna. Komise nez\u00e1visl\u00fdm vina\u0159\u016fm p\u0159isl\u00edbila spolupr\u00e1ci\u00a0na vylep\u0161en\u00ed fin\u00e1ln\u00edho zn\u011bn\u00ed legislativn\u00edch opat\u0159en\u00ed.<\/p>\n<p><em>\u201eJde o\u00a0to, \u017ee n\u00e1s bude v\u00a0Evrop\u011b v\u00edce sly\u0161et. Beru to jako potvrzen\u00ed, \u017ee Evropa na\u0161e vina\u0159e bere jako plnohodnotn\u00e9 partnery a v\u00fdrobce kvalitn\u00edch\u00a0<\/em><a href=\"https:\/\/d.vvbox.cz\/vv_show_url.php?idk=97830&amp;idc=13374038&amp;ids=1576&amp;idp=95253&amp;url=J%7F%99%A9%3F%C3%EC%8F%8C%1A%9D%29%88%B2%EF%0E%EFI%3Bx%BF%EB%D9%5D%DB%D94%C3%08%21%D2A%BA%81%E3%E4%C5x%D1F%28%E8%F0%17%01%EFf%F7\"><em>v\u00edn<\/em><\/a><em>,\u201c<\/em> zdr\u00e1h\u00e1 se mlad\u0161\u00ed z\u00a0rodu Valihrach\u016f mluvit o\u00a0sob\u011b.<\/p>\n<p><em>\u201eN\u00e1s Nez\u00e1visl\u00e9 vina\u0159e \u010cR \u010dek\u00e1 mnoho pr\u00e1ce. Vedle b\u011b\u017en\u00e9 agendy se v\u00a0roce 2027 uskute\u010dn\u00ed v\u016fbec prvn\u00ed\u00a0 zased\u00e1n\u00ed Valn\u00e9 hromady\u00a0 CEVI v\u00a0\u010cesk\u00e9 republice. \u00a0Chceme se samoz\u0159ejm\u011b uk\u00e1zat jako dob\u0159\u00ed hostitel\u00e9,\u201c <\/em>pokra\u010duje Valihrach<em>.\u00a0\u00a0 <\/em><\/p>\n<p><strong>Josef Valihrach mlad\u0161\u00ed<\/strong> je z\u00a0rodiny, kter\u00e1 je trojn\u00e1sobn\u00fdm dr\u017eitelem titulu Vina\u0159 roku \u010cesk\u00e9 republiky, posb\u00edrala velkou \u0159adu dal\u0161\u00edch ocen\u011bn\u00ed, nap\u0159\u00edklad za sv\u00e1 Chardonnay. V\u00edna Chardonnay z\u00a0rodinn\u00e9ho vina\u0159stv\u00ed Valihrach opakovan\u011b vyhr\u00e1lo nejstar\u0161\u00ed sv\u011btovou sout\u011b\u017e t\u00e9to odr\u016fdy.<\/p>\n<p><strong>Asociace Nez\u00e1visl\u00fdch vina\u0159\u016f \u010cesk\u00e9 republiky z.s.<\/strong><\/p>\n<p>Chal\u00fapky 1, 69101 Moravsk\u00fd \u017di\u017ekov<\/p>\n<p><a href=\"mailto:info@vinarskaasociace.cz\">info@vinarskaasociace.cz<\/a><\/p>\n<p>Petr Marek, m\u00edstop\u0159edseda ANV\u010cR\u00a0 tel.777872488<\/p>\n<p>&nbsp;<\/p>\n","protected":false},"excerpt":{"rendered":"<p>Josef Valihrach mlad\u0161\u00ed (\u00favodn\u00ed fotografie) byl zvolen viceprezidentem evropsk\u00e9ho hnut\u00ed nez\u00e1visl\u00fdch vina\u0159\u016f. Celoevropsk\u00e9 hnut\u00ed nez\u00e1visl\u00fdch&#8230;<\/p>\n","protected":false},"author":2,"featured_media":76578,"comment_status":"closed","ping_status":"closed","sticky":false,"template":"","format":"standard","meta":[],"categories":[6],"tags":[8930,1682,331],"_links":{"self":[{"href":"https:\/\/www.infokuryr.cz\/n\/wp-json\/wp\/v2\/posts\/76577"}],"collection":[{"href":"https:\/\/www.infokuryr.cz\/n\/wp-json\/wp\/v2\/posts"}],"about":[{"href":"https:\/\/www.infokuryr.cz\/n\/wp-json\/wp\/v2\/types\/post"}],"author":[{"embeddable":true,"href":"https:\/\/www.infokuryr.cz\/n\/wp-json\/wp\/v2\/users\/2"}],"replies":[{"embeddable":true,"href":"https:\/\/www.infokuryr.cz\/n\/wp-json\/wp\/v2\/comments?post=76577"}],"version-history":[{"count":1,"href":"https:\/\/www.infokuryr.cz\/n\/wp-json\/wp\/v2\/posts\/76577\/revisions"}],"predecessor-version":[{"id":76579,"href":"https:\/\/www.infokuryr.cz\/n\/wp-json\/wp\/v2\/posts\/76577\/revisions\/76579"}],"wp:featuredmedia":[{"embeddable":true,"href":"https:\/\/www.infokuryr.cz\/n\/wp-json\/wp\/v2\/media\/76578"}],"wp:attachment":[{"href":"https:\/\/www.infokuryr.cz\/n\/wp-json\/wp\/v2\/media?parent=76577"}],"wp:term":[{"taxonomy":"category","embeddable":true,"href":"https:\/\/www.infokuryr.cz\/n\/wp-json\/wp\/v2\/categories?post=76577"},{"taxonomy":"post_tag","embeddable":true,"href":"https:\/\/www.infokuryr.cz\/n\/wp-json\/wp\/v2\/tags?post=76577"}],"curies":[{"name":"wp","href":"https:\/\/api.w.org\/{rel}","templated":true}]}}