{"id":76576,"date":"2025-04-17T00:13:40","date_gmt":"2025-04-16T22:13:40","guid":{"rendered":"https:\/\/www.infokuryr.cz\/n\/?p=76576"},"modified":"2025-04-16T13:32:30","modified_gmt":"2025-04-16T11:32:30","slug":"erik-best-na-ukrajinu-bez-trumpa","status":"publish","type":"post","link":"https:\/\/www.infokuryr.cz\/n\/2025\/04\/17\/erik-best-na-ukrajinu-bez-trumpa\/","title":{"rendered":"Erik Best: Na Ukrajinu bez Trumpa"},"content":{"rendered":"<div id=\"fb-root\"><\/div>\n<p>\u010ce\u0161i z\u016fst\u00e1vaj\u00ed konzistentn\u00ed v\u00a0tom, \u017ee necht\u011bj\u00ed pos\u00edlat sv\u00e9 syny a\u00a0dcery na ukrajinsk\u00e9 boji\u0161t\u011b. Pr\u016fzkumy ve\u0159ejn\u00e9ho m\u00edn\u011bn\u00ed z\u00a0<a href=\"https:\/\/cvvm.soc.cas.cz\/cz\/tiskove-zpravy\/politicke\/mezinarodni-vztahy\/5667-obcane-o-situaci-na-ukrajine-unor-brezen-2023\" target=\"_blank\" rel=\"noopener\">po\u010d\u00e1tku roku 2023<\/a>,\u00a0<a href=\"https:\/\/cvvm.soc.cas.cz\/cz\/tiskove-zpravy\/politicke\/mezinarodni-vztahy\/5712-obcane-o-situaci-na-ukrajine-cerven-cervenec-2023\" target=\"_blank\" rel=\"noopener\">poloviny roku 2023<\/a>\u00a0a\u00a0<a href=\"https:\/\/cvvm.soc.cas.cz\/cz\/tiskove-zpravy\/politicke\/mezinarodni-vztahy\/5911-obcane-o-situaci-na-ukrajine---podzim-2024\" target=\"_blank\" rel=\"noopener\">konce roku 2024<\/a>\u00a0uk\u00e1zaly, \u017ee v\u00edce ne\u017e 80 % respondent\u016f je proti vysl\u00e1n\u00ed voj\u00e1k\u016f, kte\u0159\u00ed by se zapojili do boje, zat\u00edmco 10-12 % je pro.<\/p>\n<p>Pom\u011brn\u011b v\u00fdraznou zm\u011bnu v\u0161ak p\u0159inesl\u00a0<a href=\"https:\/\/cvvm.soc.cas.cz\/cz\/tiskove-zpravy\/politicke\/mezinarodni-vztahy\/5940-obcane-o-situaci-na-ukrajine-brezen-2025\" target=\"_blank\" rel=\"noopener\">nejnov\u011bj\u0161\u00ed pr\u016fzkum CVVM<\/a>\u00a0z\u00a0tohoto t\u00fddne. Proti vysl\u00e1n\u00ed voj\u00e1k\u016f na Ukrajinu za \u00fa\u010delem boje je nyn\u00ed pouze 71 % respondent\u016f, zat\u00edmco 18 % je pro. Krom\u011b toho je aktu\u00e1ln\u011b 45 % dotazovan\u00fdch pro vysl\u00e1n\u00ed voj\u00e1k\u016f v\u00a0r\u00e1mci m\u00edrov\u00e9 mise a\u00a043 % proti. Jedn\u00e1 se o\u00a0nov\u011b pokl\u00e1danou ot\u00e1zku CVVM, kter\u00e1 je nepochybn\u011b vyvol\u00e1na snahou Donalda Trumpa o\u00a0p\u0159\u00edm\u011b\u0159\u00ed a\u00a0ukon\u010den\u00ed v\u00e1lky.<\/p>\n<p>Nov\u00fd d\u016fraz Fialovy vl\u00e1dy na bezpe\u010dnost m\u00e1 zjevn\u011b sv\u016fj dopad. P\u0159esto pr\u016fzkum CVVM nen\u00ed p\u0159\u00edli\u0161 realistick\u00fd, pokud jde o\u00a0v\u00e1le\u010dn\u00e9 mo\u017enosti. Budouc\u00ed pr\u016fzkum by se m\u011bl pt\u00e1t, zda jsou \u010ce\u0161i p\u0159ipraveni vyslat sv\u00e9 mu\u017ee a\u00a0\u017eeny na m\u00edrovou misi bez americk\u00e9 pojistky, kterou\u00a0<a href=\"https:\/\/preview.ikiosek.digitania.eu\/1041\/581167\/4\" target=\"_blank\" rel=\"noopener\">Petr Fiala<\/a>\u00a0a\u00a0dal\u0161\u00ed\u00a0<a href=\"https:\/\/www.reuters.com\/world\/europe\/uks-starmer-says-only-us-backstop-can-secure-lasting-ukraine-peace-2025-02-26\/\" target=\"_blank\" rel=\"noopener\">evrop\u0161t\u00ed politici<\/a>\u00a0dosud pova\u017euj\u00ed za kl\u00ed\u010dovou.<\/p>\n<p><a href=\"https:\/\/www.fsfinalword.cz\/?page=archive&amp;day=2025-04-16\">Erik Best<\/a><\/p>\n<p><img decoding=\"async\" loading=\"lazy\" class=\"alignnone  wp-image-1179\" src=\"http:\/\/www.infokuryr.cz\/n\/wp-content\/uploads\/2021\/04\/erik-best.jpg\" alt=\"\" width=\"145\" height=\"163\" \/><\/p>\n<p>&nbsp;<\/p>\n","protected":false},"excerpt":{"rendered":"<p>\u010ce\u0161i z\u016fst\u00e1vaj\u00ed konzistentn\u00ed v\u00a0tom, \u017ee necht\u011bj\u00ed pos\u00edlat sv\u00e9 syny a\u00a0dcery na ukrajinsk\u00e9 boji\u0161t\u011b. Pr\u016fzkumy ve\u0159ejn\u00e9ho&#8230;<\/p>\n","protected":false},"author":2,"featured_media":58011,"comment_status":"closed","ping_status":"closed","sticky":false,"template":"","format":"standard","meta":[],"categories":[6],"tags":[80,670,1503,26],"_links":{"self":[{"href":"https:\/\/www.infokuryr.cz\/n\/wp-json\/wp\/v2\/posts\/76576"}],"collection":[{"href":"https:\/\/www.infokuryr.cz\/n\/wp-json\/wp\/v2\/posts"}],"about":[{"href":"https:\/\/www.infokuryr.cz\/n\/wp-json\/wp\/v2\/types\/post"}],"author":[{"embeddable":true,"href":"https:\/\/www.infokuryr.cz\/n\/wp-json\/wp\/v2\/users\/2"}],"replies":[{"embeddable":true,"href":"https:\/\/www.infokuryr.cz\/n\/wp-json\/wp\/v2\/comments?post=76576"}],"version-history":[{"count":0,"href":"https:\/\/www.infokuryr.cz\/n\/wp-json\/wp\/v2\/posts\/76576\/revisions"}],"wp:featuredmedia":[{"embeddable":true,"href":"https:\/\/www.infokuryr.cz\/n\/wp-json\/wp\/v2\/media\/58011"}],"wp:attachment":[{"href":"https:\/\/www.infokuryr.cz\/n\/wp-json\/wp\/v2\/media?parent=76576"}],"wp:term":[{"taxonomy":"category","embeddable":true,"href":"https:\/\/www.infokuryr.cz\/n\/wp-json\/wp\/v2\/categories?post=76576"},{"taxonomy":"post_tag","embeddable":true,"href":"https:\/\/www.infokuryr.cz\/n\/wp-json\/wp\/v2\/tags?post=76576"}],"curies":[{"name":"wp","href":"https:\/\/api.w.org\/{rel}","templated":true}]}}