{"id":76574,"date":"2025-04-17T00:25:57","date_gmt":"2025-04-16T22:25:57","guid":{"rendered":"https:\/\/www.infokuryr.cz\/n\/?p=76574"},"modified":"2025-04-16T13:28:07","modified_gmt":"2025-04-16T11:28:07","slug":"syrsky-migrant-dostane-pouhych-25-roku-za-brutalni-pobodani-nizozemske-sousedky","status":"publish","type":"post","link":"https:\/\/www.infokuryr.cz\/n\/2025\/04\/17\/syrsky-migrant-dostane-pouhych-25-roku-za-brutalni-pobodani-nizozemske-sousedky\/","title":{"rendered":"Syrsk\u00fd migrant dostane pouh\u00fdch 2,5 roku za brut\u00e1ln\u00ed pobod\u00e1n\u00ed nizozemsk\u00e9 sousedky"},"content":{"rendered":"<div id=\"fb-root\"><\/div>\n<h3 class=\"s-tagline fw-tagline\"><span>Navzdory brut\u00e1ln\u00edmu \u00fatoku no\u017eem a minulosti n\u00e1siln\u00e9ho chov\u00e1n\u00ed soud p\u0159i vynesen\u00ed ni\u017e\u0161\u00edho trestu a na\u0159\u00edzen\u00ed psychiatrick\u00e9 l\u00e9\u010dby uvedl jako d\u016fvod schizofrenii syrsk\u00e9ho boda\u010de<\/span><\/h3>\n<p><span>Syrsk\u00fd migrant, kter\u00fd vystavil svou nizozemskou sousedku m\u011bs\u00edc\u016fm obt\u011b\u017eov\u00e1n\u00ed, ne\u017e ji n\u011bkolikr\u00e1t bodl p\u0159i zb\u011bsil\u00e9m \u00fatoku, byl odsouzen k pouh\u00e9mu dvou a p\u016fl roku v\u011bzen\u00ed.<\/span><\/p>\n<p><span>Soud v Den Bosch v \u00fater\u00fd odsoudil 34let\u00e9ho Subhiho Al H. a ulo\u017eil mu rovn\u011b\u017e povinnou psychiatrickou l\u00e9\u010dbu po jeho odsouzen\u00ed za pokus o zabit\u00ed a ubl\u00ed\u017een\u00ed na zdrav\u00ed.<\/span><\/p>\n<p><span>K \u00fatoku do\u0161lo v \u010dervnu 2023 v Helmondu, pot\u00e9, co soud ozna\u010dil za obdob\u00ed pokra\u010duj\u00edc\u00edho nap\u011bt\u00ed a zastra\u0161ov\u00e1n\u00ed. Ob\u011b\u0165, 60let\u00e1 Jacqueliena, se opalovala na sv\u00e9 zahrad\u011b, kdy\u017e na ni Al H. hodil ze sv\u00e9ho balk\u00f3nu popeln\u00edk a sklen\u011bnou l\u00e1hev.<\/span><\/p>\n<p><span>O chv\u00edli pozd\u011bji utekla dovnit\u0159 &#8211; jen aby byla konfrontov\u00e1na ve sv\u00e9 kuchyni, kde byla nejm\u00e9n\u011b p\u011btkr\u00e1t bodnuta. Al H. nakr\u00e1tko ode\u0161el, jen aby se vr\u00e1til a znovu ji pobodal a nechal ji t\u011b\u017ece zran\u011bnou v tratoli\u0161ti krve.<\/span><\/p>\n<p><span>Jacqueliena p\u0159e\u017eila d\u00edky rychl\u00e9 reakci sv\u011bdk\u016f a souseda.<\/span><\/p>\n<p><span>Od t\u00e9 doby se odst\u011bhovala ze sv\u00e9ho domova a denn\u011b trp\u00ed bolestmi, kter\u00e9 j\u00ed m\u011bn\u00ed \u017eivot.<\/span><\/p>\n<p><span>V rozhovoru pro m\u00edstn\u00ed zpravodajsk\u00fd kan\u00e1l\u00a0<\/span><a href=\"https:\/\/www.omroepbrabant.nl\/nieuws\/4675319\/vrouw-ligt-te-zonnen-en-wordt-daarna-bijna-doodgestoken-cel-voor-buurman\"><span>Omroep Brabant<\/span><\/a><span>\u00a0ob\u011b\u0165 vypr\u00e1v\u011bla o trval\u00e9m obdob\u00ed obt\u011b\u017eov\u00e1n\u00ed a antisoci\u00e1ln\u00edho chov\u00e1n\u00ed, kter\u00e9 k napaden\u00ed vedlo. &#8222;Pou\u017eil mou zahradu jako popeln\u00edk, uprost\u0159ed noci pou\u0161t\u011bl hlasitou arabskou hudbu a dokonce mo\u010dil ze sv\u00e9ho balkonu.&#8220;<\/span><\/p>\n<p><span>Navzdory z\u00e1va\u017enosti \u00fatoku a Al H. n\u00e1siln\u00e9 minulosti \u2013 \u00fa\u0159ad\u016fm byl zn\u00e1m ji\u017e b\u011bhem sv\u00e9ho osmilet\u00e9ho pobytu v Nizozemsku \u2013 soud rozhodl, \u017ee v incidentu sehr\u00e1la v\u00fdznamnou roli jeho schizofrenie. Tento \u010d\u00e1ste\u010dn\u00fd nedostatek viny vedl ke kombinaci relativn\u011b kr\u00e1tk\u00e9ho trestu odn\u011bt\u00ed svobody a nucen\u00e9 psychiatrick\u00e9 p\u00e9\u010de.<\/span><\/p>\n<p><span>Al H. b\u011bhem procesu odm\u00edtl odpov\u011bdnost a tvrdil, \u017ee jeho souseda napadl n\u011bkdo jin\u00fd. On a jeho pr\u00e1vn\u00edk argumentovali proti povinn\u00e9 psychiatrick\u00e9 p\u00e9\u010di a po\u017eadovali bu\u010f zpro\u0161t\u011bn\u00ed viny, nebo alternativn\u00ed mo\u017enosti l\u00e9\u010dby. Soud odm\u00edtl verzi obhajoby ud\u00e1lost\u00ed a trval na trestu odn\u011bt\u00ed svobody s t\u00edm, \u017ee jinak je po\u017eadov\u00e1no nebezpe\u010d\u00ed pro ve\u0159ejnost a z\u00e1va\u017enost trestn\u00e9ho \u010dinu.<\/span><\/p>\n<p><span>Krom\u011b v\u011bze\u0148sk\u00e9 a psychiatrick\u00e9 p\u00e9\u010de mus\u00ed Al H. zaplatit sv\u00e9 ob\u011bti od\u0161kodn\u00e9 p\u0159es 14 000 eur.<\/span><\/p>\n<p><img decoding=\"async\" loading=\"lazy\" class=\"alignnone size-full wp-image-71983\" src=\"http:\/\/www.infokuryr.cz\/n\/wp-content\/uploads\/2025\/02\/aaa.jpg\" alt=\"\" width=\"89\" height=\"23\" \/><\/p>\n<p>&nbsp;<\/p>\n","protected":false},"excerpt":{"rendered":"<p>Navzdory brut\u00e1ln\u00edmu \u00fatoku no\u017eem a minulosti n\u00e1siln\u00e9ho chov\u00e1n\u00ed soud p\u0159i vynesen\u00ed ni\u017e\u0161\u00edho trestu a na\u0159\u00edzen\u00ed&#8230;<\/p>\n","protected":false},"author":2,"featured_media":76575,"comment_status":"closed","ping_status":"closed","sticky":false,"template":"","format":"standard","meta":[],"categories":[7],"tags":[369,6742,520,2852],"_links":{"self":[{"href":"https:\/\/www.infokuryr.cz\/n\/wp-json\/wp\/v2\/posts\/76574"}],"collection":[{"href":"https:\/\/www.infokuryr.cz\/n\/wp-json\/wp\/v2\/posts"}],"about":[{"href":"https:\/\/www.infokuryr.cz\/n\/wp-json\/wp\/v2\/types\/post"}],"author":[{"embeddable":true,"href":"https:\/\/www.infokuryr.cz\/n\/wp-json\/wp\/v2\/users\/2"}],"replies":[{"embeddable":true,"href":"https:\/\/www.infokuryr.cz\/n\/wp-json\/wp\/v2\/comments?post=76574"}],"version-history":[{"count":0,"href":"https:\/\/www.infokuryr.cz\/n\/wp-json\/wp\/v2\/posts\/76574\/revisions"}],"wp:featuredmedia":[{"embeddable":true,"href":"https:\/\/www.infokuryr.cz\/n\/wp-json\/wp\/v2\/media\/76575"}],"wp:attachment":[{"href":"https:\/\/www.infokuryr.cz\/n\/wp-json\/wp\/v2\/media?parent=76574"}],"wp:term":[{"taxonomy":"category","embeddable":true,"href":"https:\/\/www.infokuryr.cz\/n\/wp-json\/wp\/v2\/categories?post=76574"},{"taxonomy":"post_tag","embeddable":true,"href":"https:\/\/www.infokuryr.cz\/n\/wp-json\/wp\/v2\/tags?post=76574"}],"curies":[{"name":"wp","href":"https:\/\/api.w.org\/{rel}","templated":true}]}}